{"id":5127,"date":"2019-04-07T17:35:25","date_gmt":"2019-04-07T20:35:25","guid":{"rendered":"https:\/\/www.paranapraia.com.br\/?p=5127"},"modified":"2019-04-07T17:48:02","modified_gmt":"2019-04-07T20:48:02","slug":"motociclista-sofre-ferimentos-graves-em-acidente","status":"publish","type":"post","link":"https:\/\/www.paranapraia.com.br\/index.php\/2019\/04\/07\/motociclista-sofre-ferimentos-graves-em-acidente\/","title":{"rendered":"Motociclista sofre ferimentos graves em acidente"},"content":{"rendered":"\n<p>O condutor de uma motocicleta sofreu um grave acidente na tarde deste domingo (7), na Avenida Perimetral Leste, em Foz do Igua\u00e7u. Ele seguiu sentido a BR-277, quando perdeu o controle da moto e literalmente \u2018capotou\u2019.<\/p>\n\n\n\n<p>Os resultados s\u00e3o incr\u00edveis e 100% Garantidos. Fa\u00e7a parte voc\u00ea tamb\u00e9m. Clique no link e saia mais: #mudesuavidaagora <\/p>\n\n\n\n<p>Testemunhas que presenciaram a acidente relataram que ap\u00f3s \u2018capotar\u2019 o homem bateu a cabe\u00e7a em uma pedra e parou em meio a uma planta\u00e7\u00e3o de milho.<\/p>\n\n\n\n<p>O Siate foi acionado e prestou atendimento ao homem, que apresentava um corte profundo na cabe\u00e7a e suspeita de traumatismo craniano. Ele foi encaminhado com ferimentos considerados graves ao Hospital Municipal de Foz do Igua\u00e7u.<\/p>\n\n\n\n<p>Colabora\u00e7\u00e3o Cris Neres\/Rede Massa<\/p>\n","protected":false},"excerpt":{"rendered":"<p>O condutor de uma motocicleta sofreu um grave acidente na tarde deste domingo (7), na Avenida Perimetral Leste, em Foz do Igua\u00e7u. Ele seguiu sentido a BR-277, quando perdeu o controle da moto e literalmente \u2018capotou\u2019. Os resultados s\u00e3o incr\u00edveis e 100% Garantidos. Fa\u00e7a parte voc\u00ea tamb\u00e9m. Clique no link e saia mais: #mudesuavidaagora Testemunhas [&hellip;]<\/p>\n","protected":false},"author":2,"featured_media":5128,"comment_status":"open","ping_status":"open","sticky":false,"template":"","format":"standard","meta":{"advanced_seo_description":"","jetpack_seo_html_title":"","jetpack_seo_noindex":false,"_jetpack_memberships_contains_paid_content":false,"footnotes":""},"categories":[52],"tags":[],"class_list":{"0":"post-5127","1":"post","2":"type-post","3":"status-publish","4":"format-standard","5":"has-post-thumbnail","7":"category-acidentes"},"jetpack_featured_media_url":"https:\/\/www.paranapraia.com.br\/wp-content\/uploads\/2019\/04\/moto.jpg","jetpack_sharing_enabled":true,"_links":{"self":[{"href":"https:\/\/www.paranapraia.com.br\/index.php\/wp-json\/wp\/v2\/posts\/5127"}],"collection":[{"href":"https:\/\/www.paranapraia.com.br\/index.php\/wp-json\/wp\/v2\/posts"}],"about":[{"href":"https:\/\/www.paranapraia.com.br\/index.php\/wp-json\/wp\/v2\/types\/post"}],"author":[{"embeddable":true,"href":"https:\/\/www.paranapraia.com.br\/index.php\/wp-json\/wp\/v2\/users\/2"}],"replies":[{"embeddable":true,"href":"https:\/\/www.paranapraia.com.br\/index.php\/wp-json\/wp\/v2\/comments?post=5127"}],"version-history":[{"count":2,"href":"https:\/\/www.paranapraia.com.br\/index.php\/wp-json\/wp\/v2\/posts\/5127\/revisions"}],"predecessor-version":[{"id":5139,"href":"https:\/\/www.paranapraia.com.br\/index.php\/wp-json\/wp\/v2\/posts\/5127\/revisions\/5139"}],"wp:featuredmedia":[{"embeddable":true,"href":"https:\/\/www.paranapraia.com.br\/index.php\/wp-json\/wp\/v2\/media\/5128"}],"wp:attachment":[{"href":"https:\/\/www.paranapraia.com.br\/index.php\/wp-json\/wp\/v2\/media?parent=5127"}],"wp:term":[{"taxonomy":"category","embeddable":true,"href":"https:\/\/www.paranapraia.com.br\/index.php\/wp-json\/wp\/v2\/categories?post=5127"},{"taxonomy":"post_tag","embeddable":true,"href":"https:\/\/www.paranapraia.com.br\/index.php\/wp-json\/wp\/v2\/tags?post=5127"}],"curies":[{"name":"wp","href":"https:\/\/api.w.org\/{rel}","templated":true}]}}