{"id":5123,"date":"2019-04-07T17:10:22","date_gmt":"2019-04-07T20:10:22","guid":{"rendered":"https:\/\/www.paranapraia.com.br\/?p=5123"},"modified":"2019-04-07T17:13:21","modified_gmt":"2019-04-07T20:13:21","slug":"tem-pessoas-me-xingando-e-me-provocando-sofro-muitas-represalias-diz-mae-de-edison-brittes-assassino-confesso-de-daniel","status":"publish","type":"post","link":"https:\/\/www.paranapraia.com.br\/index.php\/2019\/04\/07\/tem-pessoas-me-xingando-e-me-provocando-sofro-muitas-represalias-diz-mae-de-edison-brittes-assassino-confesso-de-daniel\/","title":{"rendered":"\u201cTem pessoas me xingando e me provocando. Sofro muitas repres\u00e1lias\u201d, diz m\u00e3e de Edison Brittes, assassino confesso de Daniel"},"content":{"rendered":"\n<p> \u201cEu j\u00e1 passei alguns apertos por a\u00ed, das pessoas me xingando, provocando, muitas repres\u00e1lias. \u00c9 perigoso eu andar na rua sozinha. Meus filhos est\u00e3o a\u00ed fora, esperando eu sair, pra me acompanhar. No mercado uma senhora apontou o dedo pra mim, me falou uns desaforos. A\u00ed eu perguntei: a senhora tem filhos? Ela respondeu que tem. Ent\u00e3o eu tentei faz\u00ea-la entender que o meu filho errou, mas que ela n\u00e3o me julgasse por isso. Pois se ela tem filhos, tamb\u00e9m est\u00e1 sujeita que algum filho dela tamb\u00e9m fa\u00e7a alguma bobagem e ela passe pela mesma coisa que eu estou passando\u201d, disse Doralice, m\u00e3e de\u00a0<strong>Edison Brittes<\/strong>, que tem passado por maus bocados quando bota os p\u00e9s fora de casa. Ela pediu para n\u00e3o ter o nome completo e a foto divulgada para que isso n\u00e3o atrapalhe seu trabalho. <\/p>\n\n\n\n<p>Os resultados s\u00e3o incr\u00edveis e 100% Garantidos. Fa\u00e7a parte voc\u00ea tamb\u00e9m. Clique no link e saia mais: #mudesuavidaagora <\/p>\n\n\n\n<p>E n\u00e3o \u00e9 s\u00f3 ela que passa situa\u00e7\u00f5es embara\u00e7osas. \u201cA minha filha \u00e0s vezes pega t\u00e1xi. Na hora de pagar, ela d\u00e1 o cart\u00e3o, os taxistas olham o sobrenome e perguntam se ela \u00e9 parente do Edison Brittes. Ela ainda consegue levar na boa, brinca com a situa\u00e7\u00e3o para aliviar a tens\u00e3o. Ela confirma que \u00e9 a irm\u00e3 e diz \u201ccuidado comigo\u201d. Os taxistas nem ligam, levam na brincadeira porque moramos aqui h\u00e1 muito tempo, muita gente nos conhece. Mas n\u00e3o \u00e9 t\u00e3o f\u00e1cil quanto parece. \u00c9 dif\u00edcil enfrentar tudo isso\u201d, lamenta Doralice.<\/p>\n\n\n\n<p>Apesar de afirmar que n\u00e3o vai mudar sua imagem (suas roupas ou pintar o cabelo) para se \u201ccamuflar\u201d na rua e evitar xingamentos, ela pediu para n\u00e3o ter a sua foto publicada, pois teme problemas em seu trabalho. E como Edison est\u00e1 preso e n\u00e3o est\u00e1 mais lhe ajudando financeiramente (ela n\u00e3o \u00e9 aposentada e era o filho que lhe provia), ela teme passar mais necessidade do que est\u00e1 passando.<\/p>\n\n\n\n<p>\u201cO que ningu\u00e9m entende \u00e9 que o meu filho matou um intruso, que ele flagrou s\u00f3 de cueca, excitado, esfregando o \u2018neg\u00f3cio duro\u2019 na minha nora, que estava desmaiada dormindo na cama dela, dentro da casa. Meu filho n\u00e3o saiu por a\u00ed estuprando ningu\u00e9m, mexendo com as amigas da minha neta, n\u00e3o mexeu com mulher casada, n\u00e3o saiu por a\u00ed b\u00eabado. Esse rapaz n\u00e3o tinha nada que se meter l\u00e1 na cama do meu filho e da minha nora, ele t\u00e1 errado. O que meu filho fez tamb\u00e9m n\u00e3o est\u00e1 certo, mas entendo as raz\u00f5es dele. A pessoa perde a cabe\u00e7a. Ele sempre foi muito amoroso e cuidadoso com aquelas tr\u00eas mulheres (a esposa e as duas filhas). Tinha um cuidado enorme com a Allana, um ci\u00fame doentio pela Cristiana. Eu, como m\u00e3e, n\u00e3o tenho nada de mal pra falar dele. Ele vai continuar sendo meu filho e \u00e9 isso que eu queria dizer pra voc\u00eas que s\u00e3o m\u00e3es, que n\u00e3o me julguem, porque ningu\u00e9m sabe como ser\u00e1 o dia de amanh\u00e3. Eu nunca esperei isso na vida, mas aconteceu e hoje estou aqui sofrendo. Agora h\u00e1 oito fam\u00edlias sofrendo (a dos sete r\u00e9us e da v\u00edtima)\u201d, disse a m\u00e3e, que semanalmente visita o filho na cadeia e leva pux\u00e3o de orelha Edison, porque ainda n\u00e3o parou de fumar.<\/p>\n\n\n\n<p>Doralice defende que Cristiana e Allana n\u00e3o mereciam estar na cadeia. \u201cEu acho um pecado isso. A menina acabou de fazer 18 anos. Estava l\u00e1 no anivers\u00e1rio dela comemorando e agora est\u00e1 ali, presa, algemada. Elas n\u00e3o mataram ningu\u00e9m, foi meu filho que matou\u201d, entende a m\u00e3e, que deseja muito que a nora e a neta sejam libertadas logo para que possam se ajudar, se apoiar e trabalharem juntas nos mercados da fam\u00edlia.<\/p>\n\n\n\n<h2 class=\"wp-block-heading\">Filha mais nova<\/h2>\n\n\n\n<p>A m\u00e3e de Edison conta que a vida de sua neta mais nova, de 12 anos, tamb\u00e9m filha de Edison e Cristiana, virou de ponta cabe\u00e7a. Ela precisou sair da escola que estudava no ano passado e mudar para uma nova, usando outro sobrenome, para n\u00e3o ser identificada. Passou por muito bullying, xingamentos e repres\u00e1lias na escola antiga.<\/p>\n\n\n\n<p>Os resultados s\u00e3o incr\u00edveis e 100% Garantidos. Fa\u00e7a parte voc\u00ea tamb\u00e9m. Clique no link e saia mais: #mudesuavidaagora <\/p>\n\n\n\n<p>Doralice conta que \u00e9 ela quem leva a neta para as visitas ao pai. \u201cQuando chega l\u00e1, eles invertem os pap\u00e9is. \u00c9 o Edison que deita no colo dela. Olha ela inteirinha, faz carinho, olha cada detalhe, a sobrancelha, o p\u00e9, o cabelo, at\u00e9 a ponta da unha da filha. E em casa, ela dorme todas as noites abra\u00e7ada ao moletom do pai, sentindo o cheiro dele. Ela \u00e9 uma menina muito boa, tem uma boa cabe\u00e7a. Est\u00e1 segurando as pontas\u201d, diz a av\u00f3, enxugando as l\u00e1grimas.<\/p>\n\n\n\n<p>Tribuna PR<\/p>\n\n\n\n<p><br><\/p>\n\n\n\n<p><br><\/p>\n","protected":false},"excerpt":{"rendered":"<p>\u201cEu j\u00e1 passei alguns apertos por a\u00ed, das pessoas me xingando, provocando, muitas repres\u00e1lias. \u00c9 perigoso eu andar na rua sozinha. Meus filhos est\u00e3o a\u00ed fora, esperando eu sair, pra me acompanhar. No mercado uma senhora apontou o dedo pra mim, me falou uns desaforos. A\u00ed eu perguntei: a senhora tem filhos? Ela respondeu que [&hellip;]<\/p>\n","protected":false},"author":2,"featured_media":5124,"comment_status":"open","ping_status":"open","sticky":false,"template":"","format":"standard","meta":{"advanced_seo_description":"","jetpack_seo_html_title":"","jetpack_seo_noindex":false,"_jetpack_memberships_contains_paid_content":false,"footnotes":""},"categories":[43],"tags":[],"class_list":{"0":"post-5123","1":"post","2":"type-post","3":"status-publish","4":"format-standard","5":"has-post-thumbnail","7":"category-cotidiano"},"jetpack_featured_media_url":"https:\/\/www.paranapraia.com.br\/wp-content\/uploads\/2019\/04\/Edison-Brittes.jpg","jetpack_sharing_enabled":true,"_links":{"self":[{"href":"https:\/\/www.paranapraia.com.br\/index.php\/wp-json\/wp\/v2\/posts\/5123"}],"collection":[{"href":"https:\/\/www.paranapraia.com.br\/index.php\/wp-json\/wp\/v2\/posts"}],"about":[{"href":"https:\/\/www.paranapraia.com.br\/index.php\/wp-json\/wp\/v2\/types\/post"}],"author":[{"embeddable":true,"href":"https:\/\/www.paranapraia.com.br\/index.php\/wp-json\/wp\/v2\/users\/2"}],"replies":[{"embeddable":true,"href":"https:\/\/www.paranapraia.com.br\/index.php\/wp-json\/wp\/v2\/comments?post=5123"}],"version-history":[{"count":2,"href":"https:\/\/www.paranapraia.com.br\/index.php\/wp-json\/wp\/v2\/posts\/5123\/revisions"}],"predecessor-version":[{"id":5126,"href":"https:\/\/www.paranapraia.com.br\/index.php\/wp-json\/wp\/v2\/posts\/5123\/revisions\/5126"}],"wp:featuredmedia":[{"embeddable":true,"href":"https:\/\/www.paranapraia.com.br\/index.php\/wp-json\/wp\/v2\/media\/5124"}],"wp:attachment":[{"href":"https:\/\/www.paranapraia.com.br\/index.php\/wp-json\/wp\/v2\/media?parent=5123"}],"wp:term":[{"taxonomy":"category","embeddable":true,"href":"https:\/\/www.paranapraia.com.br\/index.php\/wp-json\/wp\/v2\/categories?post=5123"},{"taxonomy":"post_tag","embeddable":true,"href":"https:\/\/www.paranapraia.com.br\/index.php\/wp-json\/wp\/v2\/tags?post=5123"}],"curies":[{"name":"wp","href":"https:\/\/api.w.org\/{rel}","templated":true}]}}