{"id":5093,"date":"2019-04-07T16:07:12","date_gmt":"2019-04-07T19:07:12","guid":{"rendered":"https:\/\/www.paranapraia.com.br\/?p=5093"},"modified":"2019-04-07T16:33:18","modified_gmt":"2019-04-07T19:33:18","slug":"mourao-e-aplaudido-de-pe-enquanto-falas-sobre-bolsonaro-geram-risos-em-harvard","status":"publish","type":"post","link":"https:\/\/www.paranapraia.com.br\/index.php\/2019\/04\/07\/mourao-e-aplaudido-de-pe-enquanto-falas-sobre-bolsonaro-geram-risos-em-harvard\/","title":{"rendered":"Mour\u00e3o \u00e9 aplaudido de p\u00e9 enquanto falas sobre Bolsonaro geram risos em Harvard"},"content":{"rendered":"\n<p>Aplaudido mais de 10 vezes, duas delas de p\u00e9, o vice-presidente Hamilton Mour\u00e3o disse neste domingo que o presidente Jair Bolsonaro \u00e9 &#8220;criticado e muitas vezes t\u00e3o pouco compreendido&#8221; e afirmou que, &#8220;talvez, pela minha personalidade, escolheria outras pessoas para trabalhar comigo&#8221;, quando questionado sobre o que faria de diferente se fosse, ele pr\u00f3prio, o presidente do Brasil.<\/p>\n\n\n\n<p>Os resultados s\u00e3o incr\u00edveis e 100% Garantidos. Fa\u00e7a parte voc\u00ea tamb\u00e9m. Clique no link e saia mais: #mudesuavidaagora <\/p>\n\n\n\n<p>O coment\u00e1rio sobre a incompreens\u00e3o de Bolsonaro gerou risos na plateia, formada principalmente por estudantes da Harvard e do MIT e por empres\u00e1rios que participam de confer\u00eancia sobre o Brasil nos EUA neste fim de semana. A audi\u00eancia reagiu da mesma forma quando o vice-presidente disse que poderia escolher um gabinete distinto do de Bolsonaro.<\/p>\n\n\n\n<p>Alvo de cr\u00edticas de parte da base de Bolsonaro por supostamente criar um antagonismo em rela\u00e7\u00e3o ao presidente &#8211; o que Mour\u00e3o negou veementemente a jornalistas neste s\u00e1bado -, o general disse que a meta de Bolsonaro \u00e9 &#8220;mudar o futuro&#8221;.<\/p>\n\n\n\n<p>&#8220;Para Bolsonaro, mudar o futuro \u00e9 a suprema arte de um governo. A vis\u00e3o do presidente \u00e9 muito clara, ele est\u00e1 trabalhando para as pr\u00f3ximas gera\u00e7\u00f5es, e n\u00e3o para as pr\u00f3ximas elei\u00e7\u00f5es.&#8221;<\/p>\n\n\n\n<p>Diante da plateia lotada, Mour\u00e3o repetiu que sua parceria com o presidente \u00e9 &#8220;total&#8221;.<\/p>\n\n\n\n<p>&#8220;A gente discute, a gente debate as ideias, mas quando ele toma a decis\u00e3o, estou com a decis\u00e3o dele 100%.&#8221;<\/p>\n\n\n\n<p>Foi novamente aplaudido.<\/p>\n\n\n\n<h2 class=\"wp-block-heading\">&#8216;Ditadura nunca mais&#8217;<\/h2>\n\n\n\n<p>A plateia se levantou duas vezes para bater palmas. A primeira foi ap\u00f3s a resposta do vice-presidente a um professor de Harvard que questionou a presen\u00e7a de militares no governo.<\/p>\n\n\n\n<p>Hoje, o gabinete de ministros de Bolsonaro conta com 7 pessoas com carreira nas For\u00e7as Armadas.<\/p>\n\n\n\n<p>&#8220;O senhor n\u00e3o teme que a associa\u00e7\u00e3o das for\u00e7as armadas, que s\u00e3o uma institui\u00e7\u00e3o permanente do Estado brasileiro, com um governo, que \u00e9 algo necessariamente tempor\u00e1rio, pode corroer a legitimidade e a unidade das For\u00e7as Armadas? Por que a li\u00e7\u00e3o que o general Geisel aprendeu n\u00e3o se aplica ao senhor?&#8221;, questionou o professor e cientista pol\u00edtico Fernando Bizzarro.<\/p>\n\n\n\n<p>&#8220;O Geisel n\u00e3o foi eleito. Eu fui&#8221;, respondeu o vice, gerando como\u00e7\u00e3o na plateia.<\/p>\n\n\n\n<p>\u00c0 fala se seguiu um grito de um homem nos fundos do audit\u00f3rio: &#8220;Ditadura nunca mais!&#8221;.<\/p>\n\n\n\n<p>Ele foi imediatamente expulso por seguran\u00e7as da universidade.<\/p>\n\n\n\n<p>O segundo momento de aplausos de p\u00e9 foi o encerramento da fala do vice-presidente, que segue neste domingo para Washington, onde se encontra nesta segunda com o vice-presidente dos EUA, Mike Pence, entre outros compromissos.<\/p>\n\n\n\n<h2 class=\"wp-block-heading\">&#8216;Venezuelanos trouxeram sarampo de volta&#8217;<\/h2>\n\n\n\n<p>Todas as respostas de Mour\u00e3o foram alvo de aplausos, exceto duas.<\/p>\n\n\n\n<p>Questionado por uma porta-voz da universidade sobre os planos do governo para a Sa\u00fade, sobre o avan\u00e7o de doen\u00e7as no pa\u00eds e sobre a dificuldade do governo de preencher as vagas remanescentes do programa Mais M\u00e9dicos, que n\u00e3o conta mais com profissionais cubanos, Mour\u00e3o foi mais sucinto.<\/p>\n\n\n\n<p>Na \u00faltima quinta, o Minist\u00e9rio da Sa\u00fade confirmou que, de janeiro a mar\u00e7o, 1.052 m\u00e9dicos &#8211; ou 15% das vagas preenchidas ap\u00f3s a sa\u00edda de Cuba &#8211; desistiram do programa dedicado a sa\u00fade b\u00e1sica. Mour\u00e3o n\u00e3o fez nenhum coment\u00e1rio a respeito.<\/p>\n\n\n\n<p>O vice chamou aten\u00e7\u00e3o ao creditar o avan\u00e7o do sarampo no pa\u00eds \u00e0 migra\u00e7\u00e3o venezuelana pelo norte do pa\u00eds.<\/p>\n\n\n\n<p>&#8220;N\u00f3s temos a vis\u00e3o de que o sarampo entrou vindo com os imigrantes que entraram da Venezuela. Trouxeram essa doen\u00e7a de volta&#8221;, afirmou.<\/p>\n\n\n\n<p>&#8220;Ela (a doen\u00e7a) estava primeiro concentrada na regi\u00e3o de Roraima, depois j\u00e1 apareceu em Bel\u00e9m e agora j\u00e1 temos casos l\u00e1 na regi\u00e3o de SP. A doen\u00e7a viaja com uma velocidade grande.&#8221;<\/p>\n\n\n\n<p>Em outro momento, em resposta a quest\u00e3o sobre mudan\u00e7as clim\u00e1ticas, Mour\u00e3o sugeriu que o aquecimento global pode ser fruto de um processo natural, independente da a\u00e7\u00e3o do homem.<\/p>\n\n\n\n<p>&#8220;Ningu\u00e9m tem d\u00favida de que o clima est\u00e1 mudando. N\u00e3o sabemos se essa mudan\u00e7a clim\u00e1tica \u00e9 uma daquelas da senoide da vida da Terra, como j\u00e1 ocorreu em outras fases, ou se veio para ficar.&#8221;<\/p>\n\n\n\n<p>A fala gerou gritos de &#8220;n\u00e3o&#8221; vindo da plateia.<\/p>\n\n\n\n<h2 class=\"wp-block-heading\">Sistema prisional e Educa\u00e7\u00e3o<\/h2>\n\n\n\n<p>Em sua fala inicial, Mour\u00e3o classificou os pres\u00eddios brasileiros como &#8220;col\u00f4nias de f\u00e9rias&#8221;.<\/p>\n\n\n\n<p>&#8220;O sistema prisional deve ser reestruturado de forma a impedir que as pris\u00f5es sejam as col\u00f4nias de f\u00e9rias que vemos hoje, de onde os cart\u00e9is comandam o crime organizado&#8221;, disse.<\/p>\n\n\n\n<p>A fala contraria o discurso do ministro do Supremo Tribunal Federal (STF) Luis Roberto Barroso, que dois dias antes classificou o sistema carcer\u00e1rio brasileiro como um fracasso pela superlota\u00e7\u00e3o e m\u00e1s condi\u00e7\u00f5es a que os presos s\u00e3o impostos.<\/p>\n\n\n\n<p>Mais tarde, questionado sobre seguran\u00e7a, Mour\u00e3o classificou pres\u00eddios como &#8220;masmorras&#8221;.<\/p>\n\n\n\n<p>&#8220;Tem pris\u00f5es que s\u00e3o masmorra, a pessoa n\u00e3o vai se corrigir&#8221;, afirmou.<\/p>\n\n\n\n<p>&#8220;A institui\u00e7\u00e3o que servi durante 46 anos, o Ex\u00e9rcito brasileiro, tem um regulamento disciplinar. O regulamento diz que a pris\u00e3o s\u00f3 \u00e9 v\u00e1lida se ela educa a pessoa. Como \u00e9 que eu vou educar a pessoa com uma pris\u00e3o que \u00e9 uma masmorra, onde ele vai conviver com toda sorte de elementos totalmente desajustados, sem ter uma atividade laboral e uma progress\u00e3o educacional? Temos que mudar&#8221;, disse, aplaudido por todo o audit\u00f3rio.<\/p>\n\n\n\n<p>Mour\u00e3o voltou a comentar a crise que o governo enfrenta no minist\u00e9rio da Educa\u00e7\u00e3o. Bolsonaro disse a jornalistas que deve tomar uma decis\u00e3o em relac\u00e3o ao futuro do ministro Ricardo V\u00e9lez na pr\u00f3xima segunda-feira.<\/p>\n\n\n\n<p>&#8220;Estamos com problema no minist\u00e9rio da Educa\u00e7\u00e3o. O presidente vai tomar uma decis\u00e3o a esse respeito amanh\u00e3, ele ja definiu&#8221;, disse.<\/p>\n\n\n\n<p>&#8220;A nossa vis\u00e3o, nossa do governo, \u00e9 que a gente tem que investir pesado na educa\u00e7\u00e3o b\u00e1sica. N\u00f3s investimos muito no superior e pouco na educa\u00e7\u00e3o b\u00e1sica.&#8221;<\/p>\n\n\n\n<p>BBC<\/p>\n\n\n\n<p><br><\/p>\n","protected":false},"excerpt":{"rendered":"<p>Aplaudido mais de 10 vezes, duas delas de p\u00e9, o vice-presidente Hamilton Mour\u00e3o disse neste domingo que o presidente Jair Bolsonaro \u00e9 &#8220;criticado e muitas vezes t\u00e3o pouco compreendido&#8221; e afirmou que, &#8220;talvez, pela minha personalidade, escolheria outras pessoas para trabalhar comigo&#8221;, quando questionado sobre o que faria de diferente se fosse, ele pr\u00f3prio, o [&hellip;]<\/p>\n","protected":false},"author":2,"featured_media":5094,"comment_status":"open","ping_status":"open","sticky":false,"template":"","format":"standard","meta":{"advanced_seo_description":"","jetpack_seo_html_title":"","jetpack_seo_noindex":false,"_jetpack_memberships_contains_paid_content":false,"footnotes":""},"categories":[32],"tags":[],"class_list":{"0":"post-5093","1":"post","2":"type-post","3":"status-publish","4":"format-standard","5":"has-post-thumbnail","7":"category-politica"},"jetpack_featured_media_url":"https:\/\/www.paranapraia.com.br\/wp-content\/uploads\/2019\/04\/mour.jpg","jetpack_sharing_enabled":true,"_links":{"self":[{"href":"https:\/\/www.paranapraia.com.br\/index.php\/wp-json\/wp\/v2\/posts\/5093"}],"collection":[{"href":"https:\/\/www.paranapraia.com.br\/index.php\/wp-json\/wp\/v2\/posts"}],"about":[{"href":"https:\/\/www.paranapraia.com.br\/index.php\/wp-json\/wp\/v2\/types\/post"}],"author":[{"embeddable":true,"href":"https:\/\/www.paranapraia.com.br\/index.php\/wp-json\/wp\/v2\/users\/2"}],"replies":[{"embeddable":true,"href":"https:\/\/www.paranapraia.com.br\/index.php\/wp-json\/wp\/v2\/comments?post=5093"}],"version-history":[{"count":2,"href":"https:\/\/www.paranapraia.com.br\/index.php\/wp-json\/wp\/v2\/posts\/5093\/revisions"}],"predecessor-version":[{"id":5114,"href":"https:\/\/www.paranapraia.com.br\/index.php\/wp-json\/wp\/v2\/posts\/5093\/revisions\/5114"}],"wp:featuredmedia":[{"embeddable":true,"href":"https:\/\/www.paranapraia.com.br\/index.php\/wp-json\/wp\/v2\/media\/5094"}],"wp:attachment":[{"href":"https:\/\/www.paranapraia.com.br\/index.php\/wp-json\/wp\/v2\/media?parent=5093"}],"wp:term":[{"taxonomy":"category","embeddable":true,"href":"https:\/\/www.paranapraia.com.br\/index.php\/wp-json\/wp\/v2\/categories?post=5093"},{"taxonomy":"post_tag","embeddable":true,"href":"https:\/\/www.paranapraia.com.br\/index.php\/wp-json\/wp\/v2\/tags?post=5093"}],"curies":[{"name":"wp","href":"https:\/\/api.w.org\/{rel}","templated":true}]}}