{"id":50877,"date":"2023-06-26T18:18:49","date_gmt":"2023-06-26T21:18:49","guid":{"rendered":"https:\/\/www.paranapraia.com.br\/?p=50877"},"modified":"2023-06-26T18:18:49","modified_gmt":"2023-06-26T21:18:49","slug":"com-treinamento-de-profissionais-implantacao-do-sistema-ipm-social-matinhos-teve-inicio","status":"publish","type":"post","link":"https:\/\/www.paranapraia.com.br\/index.php\/2023\/06\/26\/com-treinamento-de-profissionais-implantacao-do-sistema-ipm-social-matinhos-teve-inicio\/","title":{"rendered":"Com treinamento de profissionais, implanta\u00e7\u00e3o do sistema IPM Social Matinhos teve in\u00edcio"},"content":{"rendered":"\n<p>A Prefeitura de Matinhos, por meio do seu setor de Tecnologia da Inform\u00e1tica, come\u00e7ou a implanta\u00e7\u00e3o do sistema IPM Social Matinhos. Na \u00faltima quinta-feira (22), teve in\u00edcio o treinamento com os profissionais da Secretaria de Assist\u00eancia Social.<\/p>\n\n\n\n<p>A capacita\u00e7\u00e3o foi destinada a coordenadores e pessoas respons\u00e1veis pela manuten\u00e7\u00e3o do Sistema. Num primeiro momento, todos que passaram pelo <a><\/a>treinamento receberam informa\u00e7\u00f5es para inicia\u00e7\u00e3o de configura\u00e7\u00f5es, como: arquivos para importa\u00e7\u00e3o das informa\u00e7\u00f5es no sistema; dados das unidades e equipamentos; descri\u00e7\u00f5es dos benef\u00edcios; al\u00e9m de servi\u00e7os, programas e outros.<\/p>\n\n\n\n<p>Na sexta-feira (23), aconteceu o treinamento com os profissionais das unidades de aten\u00e7\u00e3o b\u00e1sica (psic\u00f3logos e assistentes sociais). J\u00e1 nesta segunda-feira (26) passaram pela forma\u00e7\u00e3o os profissionais da recep\u00e7\u00e3o, do cadastramento de pessoas e do CAD\u00daNICO.<\/p>\n\n\n\n<p>Departamento de Comunica\u00e7\u00e3o<\/p>\n\n\n\n<p>Prefeitura de Matinhos<\/p>\n\n\n\n<p>Acesse o nosso portal: <a href=\"https:\/\/matinhos.atende.net\/cidadao\/noticia\/com-treinamento-de-profissionais-implantacao-do-sistema-ipm-social-matinhos-teve-inicio?fbclid=IwAR3Pgg8QpJqxlOkvZAogKOk5p8drV8zSiPunZR66qQkzbJaI9bPgBaypzVA\" rel=\"noreferrer noopener\" target=\"_blank\">https:\/\/matinhos.atende.net\/&#8230;\/com-treinamento-de&#8230;<\/a><\/p>\n","protected":false},"excerpt":{"rendered":"<p>A Prefeitura de Matinhos, por meio do seu setor de Tecnologia da Inform\u00e1tica, come\u00e7ou a implanta\u00e7\u00e3o do sistema IPM Social Matinhos. Na \u00faltima quinta-feira (22), teve in\u00edcio o treinamento com os profissionais da Secretaria de Assist\u00eancia Social. A capacita\u00e7\u00e3o foi destinada a coordenadores e pessoas respons\u00e1veis pela manuten\u00e7\u00e3o do Sistema. Num primeiro momento, todos que [&hellip;]<\/p>\n","protected":false},"author":2,"featured_media":50878,"comment_status":"open","ping_status":"open","sticky":false,"template":"","format":"standard","meta":{"advanced_seo_description":"","jetpack_seo_html_title":"","jetpack_seo_noindex":false,"_jetpack_memberships_contains_paid_content":false,"footnotes":""},"categories":[88],"tags":[],"class_list":{"0":"post-50877","1":"post","2":"type-post","3":"status-publish","4":"format-standard","5":"has-post-thumbnail","7":"category-matinhos"},"jetpack_featured_media_url":"https:\/\/www.paranapraia.com.br\/wp-content\/uploads\/2023\/06\/356088499_276489878233100_5776885498649730134_n-scaled.jpg","jetpack_sharing_enabled":true,"_links":{"self":[{"href":"https:\/\/www.paranapraia.com.br\/index.php\/wp-json\/wp\/v2\/posts\/50877"}],"collection":[{"href":"https:\/\/www.paranapraia.com.br\/index.php\/wp-json\/wp\/v2\/posts"}],"about":[{"href":"https:\/\/www.paranapraia.com.br\/index.php\/wp-json\/wp\/v2\/types\/post"}],"author":[{"embeddable":true,"href":"https:\/\/www.paranapraia.com.br\/index.php\/wp-json\/wp\/v2\/users\/2"}],"replies":[{"embeddable":true,"href":"https:\/\/www.paranapraia.com.br\/index.php\/wp-json\/wp\/v2\/comments?post=50877"}],"version-history":[{"count":1,"href":"https:\/\/www.paranapraia.com.br\/index.php\/wp-json\/wp\/v2\/posts\/50877\/revisions"}],"predecessor-version":[{"id":50879,"href":"https:\/\/www.paranapraia.com.br\/index.php\/wp-json\/wp\/v2\/posts\/50877\/revisions\/50879"}],"wp:featuredmedia":[{"embeddable":true,"href":"https:\/\/www.paranapraia.com.br\/index.php\/wp-json\/wp\/v2\/media\/50878"}],"wp:attachment":[{"href":"https:\/\/www.paranapraia.com.br\/index.php\/wp-json\/wp\/v2\/media?parent=50877"}],"wp:term":[{"taxonomy":"category","embeddable":true,"href":"https:\/\/www.paranapraia.com.br\/index.php\/wp-json\/wp\/v2\/categories?post=50877"},{"taxonomy":"post_tag","embeddable":true,"href":"https:\/\/www.paranapraia.com.br\/index.php\/wp-json\/wp\/v2\/tags?post=50877"}],"curies":[{"name":"wp","href":"https:\/\/api.w.org\/{rel}","templated":true}]}}