{"id":50873,"date":"2023-06-26T18:17:10","date_gmt":"2023-06-26T21:17:10","guid":{"rendered":"https:\/\/www.paranapraia.com.br\/?p=50873"},"modified":"2023-06-26T18:17:11","modified_gmt":"2023-06-26T21:17:11","slug":"encontro-de-danca-lota-a-casa-da-cultura-em-pontal-do-parana","status":"publish","type":"post","link":"https:\/\/www.paranapraia.com.br\/index.php\/2023\/06\/26\/encontro-de-danca-lota-a-casa-da-cultura-em-pontal-do-parana\/","title":{"rendered":"Encontro de dan\u00e7a lota a Casa da Cultura em Pontal do Paran\u00e1"},"content":{"rendered":"\n<p>Foi realizado ontem (25) o 4\u00ba Encontro de Dan\u00e7a Solst\u00edcio, que lotou o audit\u00f3rio da Casa da Cultura no balne\u00e1rio Primavera.<\/p>\n\n\n\n<p>O evento contou com apresenta\u00e7\u00f5es de v\u00e1rias categorias, entre elas: individual, dupla e em grupo.<\/p>\n\n\n\n<p>A iniciativa teve como objetivo ampliar a partilha e a uni\u00e3o entre praticantes de dan\u00e7a dos munic\u00edpios do litoral do Paran\u00e1 e oferecer \u00e0s academias e grupos independentes, espa\u00e7o para que possam apresentar seus trabalhos, al\u00e9m de entretenimento gratuito \u00e0 popula\u00e7\u00e3o.<\/p>\n\n\n\n<figure class=\"wp-block-image size-large\"><img loading=\"lazy\" decoding=\"async\" width=\"1024\" height=\"478\" src=\"https:\/\/www.paranapraia.com.br\/wp-content\/uploads\/2023\/06\/355496999_606830721545889_4286751404166109773_n-1024x478.jpg\" alt=\"\" class=\"wp-image-50875\" srcset=\"https:\/\/www.paranapraia.com.br\/wp-content\/uploads\/2023\/06\/355496999_606830721545889_4286751404166109773_n-1024x478.jpg 1024w, https:\/\/www.paranapraia.com.br\/wp-content\/uploads\/2023\/06\/355496999_606830721545889_4286751404166109773_n-300x140.jpg 300w, https:\/\/www.paranapraia.com.br\/wp-content\/uploads\/2023\/06\/355496999_606830721545889_4286751404166109773_n-768x359.jpg 768w, https:\/\/www.paranapraia.com.br\/wp-content\/uploads\/2023\/06\/355496999_606830721545889_4286751404166109773_n-1536x717.jpg 1536w, https:\/\/www.paranapraia.com.br\/wp-content\/uploads\/2023\/06\/355496999_606830721545889_4286751404166109773_n-2048x956.jpg 2048w, https:\/\/www.paranapraia.com.br\/wp-content\/uploads\/2023\/06\/355496999_606830721545889_4286751404166109773_n-696x325.jpg 696w, https:\/\/www.paranapraia.com.br\/wp-content\/uploads\/2023\/06\/355496999_606830721545889_4286751404166109773_n-1068x499.jpg 1068w, https:\/\/www.paranapraia.com.br\/wp-content\/uploads\/2023\/06\/355496999_606830721545889_4286751404166109773_n-899x420.jpg 899w, https:\/\/www.paranapraia.com.br\/wp-content\/uploads\/2023\/06\/355496999_606830721545889_4286751404166109773_n-scaled.jpg 1200w\" sizes=\"(max-width: 1024px) 100vw, 1024px\" \/><\/figure>\n\n\n\n<p>O Encontro de Dan\u00e7a foi realizado pelas academias: Est\u00fadio Malika, Respira Flamenco e Bianca Garcia e teve o apoio da Prefeitura de Pontal do Paran\u00e1, atrav\u00e9s da Secretaria Municipal de Esportes, Cultura, Lazer e Juventude.<\/p>\n\n\n\n<p>Assessoria<\/p>\n","protected":false},"excerpt":{"rendered":"<p>Foi realizado ontem (25) o 4\u00ba Encontro de Dan\u00e7a Solst\u00edcio, que lotou o audit\u00f3rio da Casa da Cultura no balne\u00e1rio Primavera. O evento contou com apresenta\u00e7\u00f5es de v\u00e1rias categorias, entre elas: individual, dupla e em grupo. A iniciativa teve como objetivo ampliar a partilha e a uni\u00e3o entre praticantes de dan\u00e7a dos munic\u00edpios do litoral [&hellip;]<\/p>\n","protected":false},"author":2,"featured_media":50874,"comment_status":"open","ping_status":"open","sticky":false,"template":"","format":"standard","meta":{"advanced_seo_description":"","jetpack_seo_html_title":"","jetpack_seo_noindex":false,"_jetpack_memberships_contains_paid_content":false,"footnotes":""},"categories":[40],"tags":[],"class_list":{"0":"post-50873","1":"post","2":"type-post","3":"status-publish","4":"format-standard","5":"has-post-thumbnail","7":"category-destaques"},"jetpack_featured_media_url":"https:\/\/www.paranapraia.com.br\/wp-content\/uploads\/2023\/06\/355680824_606830221545939_4238958241292202484_n-scaled.jpg","jetpack_sharing_enabled":true,"_links":{"self":[{"href":"https:\/\/www.paranapraia.com.br\/index.php\/wp-json\/wp\/v2\/posts\/50873"}],"collection":[{"href":"https:\/\/www.paranapraia.com.br\/index.php\/wp-json\/wp\/v2\/posts"}],"about":[{"href":"https:\/\/www.paranapraia.com.br\/index.php\/wp-json\/wp\/v2\/types\/post"}],"author":[{"embeddable":true,"href":"https:\/\/www.paranapraia.com.br\/index.php\/wp-json\/wp\/v2\/users\/2"}],"replies":[{"embeddable":true,"href":"https:\/\/www.paranapraia.com.br\/index.php\/wp-json\/wp\/v2\/comments?post=50873"}],"version-history":[{"count":1,"href":"https:\/\/www.paranapraia.com.br\/index.php\/wp-json\/wp\/v2\/posts\/50873\/revisions"}],"predecessor-version":[{"id":50876,"href":"https:\/\/www.paranapraia.com.br\/index.php\/wp-json\/wp\/v2\/posts\/50873\/revisions\/50876"}],"wp:featuredmedia":[{"embeddable":true,"href":"https:\/\/www.paranapraia.com.br\/index.php\/wp-json\/wp\/v2\/media\/50874"}],"wp:attachment":[{"href":"https:\/\/www.paranapraia.com.br\/index.php\/wp-json\/wp\/v2\/media?parent=50873"}],"wp:term":[{"taxonomy":"category","embeddable":true,"href":"https:\/\/www.paranapraia.com.br\/index.php\/wp-json\/wp\/v2\/categories?post=50873"},{"taxonomy":"post_tag","embeddable":true,"href":"https:\/\/www.paranapraia.com.br\/index.php\/wp-json\/wp\/v2\/tags?post=50873"}],"curies":[{"name":"wp","href":"https:\/\/api.w.org\/{rel}","templated":true}]}}