{"id":50869,"date":"2023-06-26T18:07:54","date_gmt":"2023-06-26T21:07:54","guid":{"rendered":"https:\/\/www.paranapraia.com.br\/?p=50869"},"modified":"2023-06-26T18:07:55","modified_gmt":"2023-06-26T21:07:55","slug":"marcos-mion-faz-homenagem-a-romeo-no-aniversario-de-18-anos-meu-anjo","status":"publish","type":"post","link":"https:\/\/www.paranapraia.com.br\/index.php\/2023\/06\/26\/marcos-mion-faz-homenagem-a-romeo-no-aniversario-de-18-anos-meu-anjo\/","title":{"rendered":"Marcos Mion faz homenagem a Romeo, no anivers\u00e1rio de 18 anos: \u201cMeu anjo\u201d"},"content":{"rendered":"\n<p>O apresentador Marcos Mion, de 44 anos, fez uma homenagem linda ao filho Romeo, no anivers\u00e1rio dele de 18 anos. A bel\u00edssima declara\u00e7\u00e3o de amor foi transformada em v\u00eddeo. Com a voz embargada, Mion conta como o filho autista transforma a vida dele: \u201cMeu anjo, meu grande amor\u201d. Que lindo!<\/p>\n\n\n\n<p>Mion usou as redes sociais para dar os parab\u00e9ns para o filho que chegou \u00e0 maioridade. No v\u00eddeo, Romeo aparece beb\u00ea, garoto e agora adolescente. O v\u00eddeo encantou a web.<\/p>\n\n\n\n<p>\u201cE que b\u00ean\u00e7\u00e3o divina ter sido escolhido para ser pai de um ser humano t\u00e3o puro, que muda a vida de absolutamente todos\u201d, afirmou o apresentador. \u201cN\u00f3s somos uma dupla e tanto, filho! E \u00e9 uma honra ser o porta-voz de tudo que voc\u00ea me ensina.\u201d<\/p>\n\n\n\n<p><strong>V\u00eddeo de amor<\/strong><\/p>\n\n\n\n<p>O v\u00eddeo \u00e9 pura sensibilidade e amor.<\/p>\n\n\n\n<p>Mion, com a voz emocionada, relata a descoberta do diagn\u00f3stico de Transtorno do Espectro Autista (TEA) e a forma como lida com a quest\u00e3o.<\/p>\n\n\n\n<p>\u201cRomeo rima com amor. O amor em forma humana. Obrigado, Deus, por ter me dado o maior presente que eu nunca imaginei que teria: um filho autista\u201d, afirmou o apresentador.<\/p>\n\n\n\n<p>Para Mion, a conviv\u00eancia com Romeo \u00e9 um aprendizado constante.<\/p>\n\n\n\n<p>\u201cSinto muito por todos pais que n\u00e3o t\u00eam a chance de viver com um filho at\u00edpico, pois isso acelera a evolu\u00e7\u00e3o espiritual de uma forma alucinante e cola a fam\u00edlia com um elo diferenciado.\u201d<\/p>\n\n\n\n<p>Ao final, o apresentador agradeceu ao jovem.<\/p>\n\n\n\n<p>\u201cObrigado, Romeo, meu filho, meu anjo, meu grande amor: voc\u00ea \u00e9 o n\u00facleo central de toda nossa fam\u00edlia! Que Jesus Cristo te aben\u00e7oe e proteja e Nossa Senhora ilumine e interceda\u201d, disse.<\/p>\n\n\n\n<p><strong>A vida em fam\u00edlia<\/strong><\/p>\n\n\n\n<p>Romeo \u00e9 filho de Mion com Suzana Gullo, de 46, com que tem mais dois filhos Donatella, de 14 anos, e Stefano, de 13.<\/p>\n\n\n\n<p>O apresentador mais omitiu ou escondeu o fato de Romeo ser autista.<\/p>\n\n\n\n<p>Em geral, o TEA se caracteriza por um comprometimento na comunica\u00e7\u00e3o e intera\u00e7\u00e3o social, associado a padr\u00f5es de comportamento restritivos e repetitivos.<\/p>\n\n\n\n<p>Apesar do diagn\u00f3stico, Mion sempre integrou o filho em todas as atividades: dan\u00e7a, m\u00fasica, esportes e brincadeiras.<\/p>\n\n\n\n<p><a href=\"https:\/\/www.instagram.com\/reel\/Ct1nwNagnqL\/?igshid=MzRlODBiNWFlZA%3D%3D\" target=\"_blank\" rel=\"noreferrer noopener\">Nas redes sociais,<\/a>&nbsp;celebridades e internautas comentaram.<\/p>\n\n\n\n<p>Dea Lucia, m\u00e3e do ator Paulo Gustavo, resumiu o sentimento de todos: \u201cQue Deus aben\u00e7\u00f4e cada vez mais a vida de Romeo\u201d.<\/p>\n\n\n\n<figure class=\"wp-block-video\"><video controls src=\"https:\/\/www.paranapraia.com.br\/wp-content\/uploads\/2023\/06\/Snapinsta.app_video_10000000_1393591294542796_5638782145358725733_n.mp4\"><\/video><\/figure>\n","protected":false},"excerpt":{"rendered":"<p>O apresentador Marcos Mion, de 44 anos, fez uma homenagem linda ao filho Romeo, no anivers\u00e1rio dele de 18 anos. A bel\u00edssima declara\u00e7\u00e3o de amor foi transformada em v\u00eddeo. Com a voz embargada, Mion conta como o filho autista transforma a vida dele: \u201cMeu anjo, meu grande amor\u201d. Que lindo! Mion usou as redes sociais [&hellip;]<\/p>\n","protected":false},"author":2,"featured_media":50871,"comment_status":"open","ping_status":"open","sticky":false,"template":"","format":"standard","meta":{"advanced_seo_description":"","jetpack_seo_html_title":"","jetpack_seo_noindex":false,"_jetpack_memberships_contains_paid_content":false,"footnotes":""},"categories":[40],"tags":[],"class_list":{"0":"post-50869","1":"post","2":"type-post","3":"status-publish","4":"format-standard","5":"has-post-thumbnail","7":"category-destaques"},"jetpack_featured_media_url":"https:\/\/www.paranapraia.com.br\/wp-content\/uploads\/2023\/06\/WhatsApp-Image-2023-06-26-at-18.07.32.jpeg","jetpack_sharing_enabled":true,"_links":{"self":[{"href":"https:\/\/www.paranapraia.com.br\/index.php\/wp-json\/wp\/v2\/posts\/50869"}],"collection":[{"href":"https:\/\/www.paranapraia.com.br\/index.php\/wp-json\/wp\/v2\/posts"}],"about":[{"href":"https:\/\/www.paranapraia.com.br\/index.php\/wp-json\/wp\/v2\/types\/post"}],"author":[{"embeddable":true,"href":"https:\/\/www.paranapraia.com.br\/index.php\/wp-json\/wp\/v2\/users\/2"}],"replies":[{"embeddable":true,"href":"https:\/\/www.paranapraia.com.br\/index.php\/wp-json\/wp\/v2\/comments?post=50869"}],"version-history":[{"count":1,"href":"https:\/\/www.paranapraia.com.br\/index.php\/wp-json\/wp\/v2\/posts\/50869\/revisions"}],"predecessor-version":[{"id":50872,"href":"https:\/\/www.paranapraia.com.br\/index.php\/wp-json\/wp\/v2\/posts\/50869\/revisions\/50872"}],"wp:featuredmedia":[{"embeddable":true,"href":"https:\/\/www.paranapraia.com.br\/index.php\/wp-json\/wp\/v2\/media\/50871"}],"wp:attachment":[{"href":"https:\/\/www.paranapraia.com.br\/index.php\/wp-json\/wp\/v2\/media?parent=50869"}],"wp:term":[{"taxonomy":"category","embeddable":true,"href":"https:\/\/www.paranapraia.com.br\/index.php\/wp-json\/wp\/v2\/categories?post=50869"},{"taxonomy":"post_tag","embeddable":true,"href":"https:\/\/www.paranapraia.com.br\/index.php\/wp-json\/wp\/v2\/tags?post=50869"}],"curies":[{"name":"wp","href":"https:\/\/api.w.org\/{rel}","templated":true}]}}