{"id":50866,"date":"2023-06-26T17:41:29","date_gmt":"2023-06-26T20:41:29","guid":{"rendered":"https:\/\/www.paranapraia.com.br\/?p=50866"},"modified":"2023-06-26T17:41:30","modified_gmt":"2023-06-26T20:41:30","slug":"pcpr-atende-mil-pessoas-em-evento-de-conscientizacao-sobre-drogas-na-capital","status":"publish","type":"post","link":"https:\/\/www.paranapraia.com.br\/index.php\/2023\/06\/26\/pcpr-atende-mil-pessoas-em-evento-de-conscientizacao-sobre-drogas-na-capital\/","title":{"rendered":"PCPR atende mil pessoas em evento de conscientiza\u00e7\u00e3o sobre drogas na Capital"},"content":{"rendered":"\n<p>A Pol\u00edcia Civil do Paran\u00e1 (PCPR) levou no s\u00e1bado (25) servi\u00e7os de pol\u00edcia judici\u00e1ria e orienta\u00e7\u00f5es para mil pessoas durante um evento de conscientiza\u00e7\u00e3o sobre drogas que aconteceu no Jockey Plaza Shopping, no bairro Tarum\u00e3, em Curitiba. A iniciativa faz parte do projeto PCPR na Comunidade e da campanha nacional do Junho Branco, que promove a\u00e7\u00f5es referentes ao combate e preven\u00e7\u00e3o ao uso de drogas.<\/p>\n\n\n\n<p>No local foram distribu\u00eddos materiais orientativos sobre o tema e houve apresenta\u00e7\u00f5es de c\u00e3es da Divis\u00e3o Estadual de Narc\u00f3ticos (Denarc).&nbsp;&nbsp;<\/p>\n\n\n\n<p>Para o delegado Victor Loureiro, \u00e9 importante que os \u00f3rg\u00e3os de seguran\u00e7a p\u00fablica atuem contra o tr\u00e1fico de drogas, realizando pris\u00f5es e desmantelando organiza\u00e7\u00f5es criminosas, al\u00e9m de conscientizarem a popula\u00e7\u00e3o sobre o seu malef\u00edcio. \u201c\u00c9 um m\u00eas especial tanto para o combate quanto para preven\u00e7\u00e3o sobre os danos causados pelas drogas. A sociedade precisa entender que a simples pris\u00e3o de um criminoso n\u00e3o ir\u00e1 impedir que o ciclo vicioso se repita, porque enquanto houver demandas por entorpecentes o crime organizado ir\u00e1 continuar\u201d, afirma.<\/p>\n\n\n\n<p>O superintendente do Jockey Plaza, Daniel Bueno, agradeceu a parceria da institui\u00e7\u00e3o com o shopping. \u201cEstamos sempre \u00e0 disposi\u00e7\u00e3o da Pol\u00edcia Civil para contribuir com a exposi\u00e7\u00e3o e distribui\u00e7\u00e3o de servi\u00e7os eficientes \u00e0 popula\u00e7\u00e3o\u201d, diz.<\/p>\n\n\n\n<p><strong>DIA INTERNACIONAL&nbsp;<\/strong>\u2013 Em 1987, a Organiza\u00e7\u00e3o das Na\u00e7\u00f5es Unidas (ONU) estabeleceu o dia 26 de junho como o Dia Internacional de Combate \u00e0s Drogas.&nbsp;A campanha enfatiza a necessidade de combater problemas sociais criados pelas drogas, al\u00e9m de planejar a\u00e7\u00f5es de combate, preven\u00e7\u00e3o e conscientiza\u00e7\u00e3o sobre o tema.&nbsp;<\/p>\n\n\n\n<p><strong>PROJETO<\/strong>&nbsp;\u2013 O PCPR na Comunidade \u00e9 um programa que ocorre regularmente em todo o Paran\u00e1. O objetivo \u00e9 levar servi\u00e7os de pol\u00edcia judici\u00e1ria \u00e0 popula\u00e7\u00e3o, promover atendimento humanizado, auxiliar na identifica\u00e7\u00e3o de poss\u00edveis v\u00edtimas e na conclus\u00e3o de investiga\u00e7\u00f5es, al\u00e9m de fortalecer a efici\u00eancia na presta\u00e7\u00e3o do servi\u00e7o p\u00fablico e representar a institui\u00e7\u00e3o em atividades em prol da sociedade.&nbsp;<\/p>\n\n\n\n<p>\u201cUm dos nossos objetivos com o projeto \u00e9 aproximar a PCPR da popula\u00e7\u00e3o e fortalecer a efici\u00eancia na presta\u00e7\u00e3o do servi\u00e7o p\u00fablico. Por isso aproveitamos o Junho Branco, m\u00eas importante para o combate ao tr\u00e1fico, para realizarmos um evento com foco no di\u00e1logo educativo e orientativo em rela\u00e7\u00e3o \u00e0 criminalidade\u201d, ressalta o coordenador do projeto Jo\u00e3o M\u00e1rio Goes.<\/p>\n\n\n\n<p>Quem tiver interesse no projeto pode enviar um e-mail para comunicacao@pc.pr.gov.br. O setor de comunica\u00e7\u00e3o da PCPR ir\u00e1 entrar em contato para alinhar todas as informa\u00e7\u00f5es e promover o evento no local solicitado. Mais informa\u00e7\u00f5es sobre o projeto podem ser verificadas atrav\u00e9s do site\u00a0<strong><a rel=\"noreferrer noopener\" href=\"https:\/\/www.policiacivil.pr.gov.br\/Pagina\/PCPR-na-Comunidade\" target=\"_blank\">https:\/\/www.policiacivil.pr.gov.br\/Pagina\/PCPR-na-Comunidade<\/a><\/strong><\/p>\n\n\n\n<p>AEN<\/p>\n","protected":false},"excerpt":{"rendered":"<p>A Pol\u00edcia Civil do Paran\u00e1 (PCPR) levou no s\u00e1bado (25) servi\u00e7os de pol\u00edcia judici\u00e1ria e orienta\u00e7\u00f5es para mil pessoas durante um evento de conscientiza\u00e7\u00e3o sobre drogas que aconteceu no Jockey Plaza Shopping, no bairro Tarum\u00e3, em Curitiba. A iniciativa faz parte do projeto PCPR na Comunidade e da campanha nacional do Junho Branco, que promove [&hellip;]<\/p>\n","protected":false},"author":2,"featured_media":50867,"comment_status":"open","ping_status":"open","sticky":false,"template":"","format":"standard","meta":{"advanced_seo_description":"","jetpack_seo_html_title":"","jetpack_seo_noindex":false,"_jetpack_memberships_contains_paid_content":false,"footnotes":""},"categories":[33],"tags":[],"class_list":{"0":"post-50866","1":"post","2":"type-post","3":"status-publish","4":"format-standard","5":"has-post-thumbnail","7":"category-policia"},"jetpack_featured_media_url":"https:\/\/www.paranapraia.com.br\/wp-content\/uploads\/2023\/06\/anyconv.com_whatsapp_image_2023-06-25_at_15.10.18-scaled.jpg","jetpack_sharing_enabled":true,"_links":{"self":[{"href":"https:\/\/www.paranapraia.com.br\/index.php\/wp-json\/wp\/v2\/posts\/50866"}],"collection":[{"href":"https:\/\/www.paranapraia.com.br\/index.php\/wp-json\/wp\/v2\/posts"}],"about":[{"href":"https:\/\/www.paranapraia.com.br\/index.php\/wp-json\/wp\/v2\/types\/post"}],"author":[{"embeddable":true,"href":"https:\/\/www.paranapraia.com.br\/index.php\/wp-json\/wp\/v2\/users\/2"}],"replies":[{"embeddable":true,"href":"https:\/\/www.paranapraia.com.br\/index.php\/wp-json\/wp\/v2\/comments?post=50866"}],"version-history":[{"count":1,"href":"https:\/\/www.paranapraia.com.br\/index.php\/wp-json\/wp\/v2\/posts\/50866\/revisions"}],"predecessor-version":[{"id":50868,"href":"https:\/\/www.paranapraia.com.br\/index.php\/wp-json\/wp\/v2\/posts\/50866\/revisions\/50868"}],"wp:featuredmedia":[{"embeddable":true,"href":"https:\/\/www.paranapraia.com.br\/index.php\/wp-json\/wp\/v2\/media\/50867"}],"wp:attachment":[{"href":"https:\/\/www.paranapraia.com.br\/index.php\/wp-json\/wp\/v2\/media?parent=50866"}],"wp:term":[{"taxonomy":"category","embeddable":true,"href":"https:\/\/www.paranapraia.com.br\/index.php\/wp-json\/wp\/v2\/categories?post=50866"},{"taxonomy":"post_tag","embeddable":true,"href":"https:\/\/www.paranapraia.com.br\/index.php\/wp-json\/wp\/v2\/tags?post=50866"}],"curies":[{"name":"wp","href":"https:\/\/api.w.org\/{rel}","templated":true}]}}