{"id":5085,"date":"2019-04-07T16:00:12","date_gmt":"2019-04-07T19:00:12","guid":{"rendered":"https:\/\/www.paranapraia.com.br\/?p=5085"},"modified":"2019-04-07T16:00:13","modified_gmt":"2019-04-07T19:00:13","slug":"apos-numeros-negativos-bolsonaro-diz-que-nao-perdera-tempo-com-o-datafolha","status":"publish","type":"post","link":"https:\/\/www.paranapraia.com.br\/index.php\/2019\/04\/07\/apos-numeros-negativos-bolsonaro-diz-que-nao-perdera-tempo-com-o-datafolha\/","title":{"rendered":"Ap\u00f3s n\u00fameros negativos, Bolsonaro diz que n\u00e3o \u2018perder\u00e1 tempo com o Datafolha\u2019"},"content":{"rendered":"\n<h4 class=\"wp-block-heading\">A pesquisa Datafolha divulgada neste domingo aponta que&nbsp;30% dos brasileiros consideram o governo de Bolsonaro ruim ou p\u00e9ssimo<\/h4>\n\n\n\n<p>O presidente Jair Bolsonaro afirmou neste domingo (7) que n\u00e3o vai&nbsp;<strong>\u201cperder tempo\u201d<\/strong>&nbsp;em se manifestar sobre a pesquisa do Datafolha que registra a pior avalia\u00e7\u00e3o ap\u00f3s tr\u00eas meses de governo entre os presidentes eleitos para um primeiro mandato desde a<strong>&nbsp;redemocratiza\u00e7\u00e3o de 1985.<\/strong><\/p>\n\n\n\n<p>\u201cDatafolha? N\u00e3o vou perder tempo para comentar pesquisa do Datafolha, que diz que eu ia perder para todo mundo no segundo turno\u201d, afirmou Bolsonaro, ao ser questionado pela reportagem da Folha na sa\u00edda do Pal\u00e1cio do Alvorada.<\/p>\n\n\n\n<p>\u201cTem um item l\u00e1 de que Lula e Dilma s\u00e3o mais inteligentes do que eu. Valeu, Datafolha\u201d, disse o presidente.<br>Bolsonaro se refere ao dado da imagem do presidente. Segundo a pesquisa, 58% dos entrevistados consideram o capit\u00e3o reformado muito inteligente, ante 39% que o consideram pouco inteligente.<\/p>\n\n\n\n<p>A compara\u00e7\u00e3o com os ex-presidentes petistas Lula e Dilma Rousseff tamb\u00e9m se refere ao per\u00edodo equivalente, ou seja, os tr\u00eas primeiros meses do primeiro mandato de cada um.<\/p>\n\n\n\n<p>Na pesquisa realizada em 31 de mar\u00e7o e 1\u00aa de abril de 2003, 69% dos entrevistados consideravam Lula muito inteligente, e 24%, pouco inteligente.<\/p>\n\n\n\n<p>O levantamento de 15 e 16 de mar\u00e7o de 2011, no in\u00edcio do primeiro mandato de Dilma, apontou que 85% dos entrevistados consideravam a ent\u00e3o presidente muito inteligente, e 9%, pouco inteligente.<\/p>\n\n\n\n<p>A pesquisa Datafolha divulgada neste domingo aponta que&nbsp;30% dos brasileiros consideram o governo de Bolsonaro ruim ou p\u00e9ssimo, \u00edndice semelhante ao daqueles que consideram \u00f3timo ou bom (32%) ou regular (33%). N\u00e3o souberam opinar 4% dos entrevistados.<\/p>\n\n\n\n<p>Para 61% dos ouvidos, Bolsonaro fez menos do que se esperava no exerc\u00edcio do cargo. J\u00e1 13% consideram que ele fez mais, enquanto 22% avaliam que ele fez o que era esperado. Entre os descontentes, a predominam pessoas mais pobres e menos escolarizadas.<\/p>\n\n\n\n<p>Nessa compara\u00e7\u00e3o, ele tamb\u00e9m perde para os primeiros mandatos de Lula e de Dilma, que tiveram o mesmo tipo de mensura\u00e7\u00e3o pelo Datafolha. Em 2003, o petista fez menos do que poderia para 45%, e em 2011 a ex-presidente pontuou 39% no quesito.<\/p>\n\n\n\n<p>O instituto ouviu 2.086 pessoas com mais de 16 anos em 130 munic\u00edpios nos dias 2 e 3 de abril. A margem de erro da pesquisa \u00e9 de dois pontos percentuais para mais ou para menos.<\/p>\n\n\n\n<p>Bem Paran\u00e1<\/p>\n","protected":false},"excerpt":{"rendered":"<p>A pesquisa Datafolha divulgada neste domingo aponta que&nbsp;30% dos brasileiros consideram o governo de Bolsonaro ruim ou p\u00e9ssimo O presidente Jair Bolsonaro afirmou neste domingo (7) que n\u00e3o vai&nbsp;\u201cperder tempo\u201d&nbsp;em se manifestar sobre a pesquisa do Datafolha que registra a pior avalia\u00e7\u00e3o ap\u00f3s tr\u00eas meses de governo entre os presidentes eleitos para um primeiro mandato [&hellip;]<\/p>\n","protected":false},"author":2,"featured_media":5086,"comment_status":"open","ping_status":"open","sticky":false,"template":"","format":"standard","meta":{"advanced_seo_description":"","jetpack_seo_html_title":"","jetpack_seo_noindex":false,"_jetpack_memberships_contains_paid_content":false,"footnotes":""},"categories":[32],"tags":[],"class_list":{"0":"post-5085","1":"post","2":"type-post","3":"status-publish","4":"format-standard","5":"has-post-thumbnail","7":"category-politica"},"jetpack_featured_media_url":"https:\/\/www.paranapraia.com.br\/wp-content\/uploads\/2019\/04\/bol-1.jpg","jetpack_sharing_enabled":true,"_links":{"self":[{"href":"https:\/\/www.paranapraia.com.br\/index.php\/wp-json\/wp\/v2\/posts\/5085"}],"collection":[{"href":"https:\/\/www.paranapraia.com.br\/index.php\/wp-json\/wp\/v2\/posts"}],"about":[{"href":"https:\/\/www.paranapraia.com.br\/index.php\/wp-json\/wp\/v2\/types\/post"}],"author":[{"embeddable":true,"href":"https:\/\/www.paranapraia.com.br\/index.php\/wp-json\/wp\/v2\/users\/2"}],"replies":[{"embeddable":true,"href":"https:\/\/www.paranapraia.com.br\/index.php\/wp-json\/wp\/v2\/comments?post=5085"}],"version-history":[{"count":1,"href":"https:\/\/www.paranapraia.com.br\/index.php\/wp-json\/wp\/v2\/posts\/5085\/revisions"}],"predecessor-version":[{"id":5087,"href":"https:\/\/www.paranapraia.com.br\/index.php\/wp-json\/wp\/v2\/posts\/5085\/revisions\/5087"}],"wp:featuredmedia":[{"embeddable":true,"href":"https:\/\/www.paranapraia.com.br\/index.php\/wp-json\/wp\/v2\/media\/5086"}],"wp:attachment":[{"href":"https:\/\/www.paranapraia.com.br\/index.php\/wp-json\/wp\/v2\/media?parent=5085"}],"wp:term":[{"taxonomy":"category","embeddable":true,"href":"https:\/\/www.paranapraia.com.br\/index.php\/wp-json\/wp\/v2\/categories?post=5085"},{"taxonomy":"post_tag","embeddable":true,"href":"https:\/\/www.paranapraia.com.br\/index.php\/wp-json\/wp\/v2\/tags?post=5085"}],"curies":[{"name":"wp","href":"https:\/\/api.w.org\/{rel}","templated":true}]}}