{"id":50612,"date":"2023-06-22T19:00:07","date_gmt":"2023-06-22T22:00:07","guid":{"rendered":"https:\/\/www.paranapraia.com.br\/?p=50612"},"modified":"2023-06-22T19:00:08","modified_gmt":"2023-06-22T22:00:08","slug":"cerimonia-de-posse-da-nova-diretoria-do-conseg-em-guaratuba","status":"publish","type":"post","link":"https:\/\/www.paranapraia.com.br\/index.php\/2023\/06\/22\/cerimonia-de-posse-da-nova-diretoria-do-conseg-em-guaratuba\/","title":{"rendered":"Cerim\u00f4nia de Posse da nova diretoria do CONSEG em Guaratuba"},"content":{"rendered":"\n<p>Na quarta-feira (21) aconteceu na C\u00e2mara de Guaratuba, a cerim\u00f4nia de posse do Conselho Comunit\u00e1rio de Seguran\u00e7a de Guaratuba (CONSEG). A nova diretoria bi\u00eanio 2023 \u2013 2025 \u00e9 composta pela presidente Roberta Costa Boikivski, a vice-presidente Carla Cristina Kuntze, o tesoureiro Emerson Miranda Fernandes, a 1\u00aa secret\u00e1ria Jana\u00edna Baptista da Luz, o 2\u00b0 secret\u00e1rio Adilson Luiz Chagas, o Osni Carlos Mayrhofer Junior no Conselho Deliberativo e Nathan Macedo no Conselho de \u00c9tica e Disciplina. O evento contou com a participa\u00e7\u00e3o de autoridades e representantes da sociedade civil.<\/p>\n\n\n\n<p><br>O Conseg Guaratuba \u00e9 uma organiza\u00e7\u00e3o que tem como objetivo promover a participa\u00e7\u00e3o da comunidade local na busca por solu\u00e7\u00f5es para quest\u00f5es relacionadas \u00e0 seguran\u00e7a p\u00fablica. O objetivo \u00e9 estabelecer uma parceria entre a popula\u00e7\u00e3o, as autoridades policiais e outros \u00f3rg\u00e3os de seguran\u00e7a, visando a preven\u00e7\u00e3o e o combate \u00e0 criminalidade, al\u00e9m de melhorar a qualidade de vida da comunidade como um todo.<\/p>\n\n\n\n<p><br>O prefeito Roberto Justus demonstrou sua satisfa\u00e7\u00e3o pela cria\u00e7\u00e3o do CONSEG e est\u00e1 com grandes expectativas, \u201cO objetivo do CONSEG \u00e9 propor melhorias para a seguran\u00e7a do munic\u00edpio, acredito que a nova diretoria desempenhar\u00e1 um trabalho excelente trazendo muitos resultados positivos para Guaratuba. O Conselho tamb\u00e9m vem para que a popula\u00e7\u00e3o tenha mais um acesso \u00e0s medidas que s\u00e3o tomadas, os trabalhos da seguran\u00e7a p\u00fablica nas escolas e bairros e os servi\u00e7os de monitoramento. Isso traz a sensa\u00e7\u00e3o de seguran\u00e7a t\u00e3o importante para todos n\u00f3s\u201d, afirmou.<\/p>\n\n\n\n<figure class=\"wp-block-gallery has-nested-images columns-1 is-cropped wp-block-gallery-1 is-layout-flex wp-block-gallery-is-layout-flex\">\n<figure class=\"wp-block-image size-large\"><img loading=\"lazy\" decoding=\"async\" width=\"1024\" height=\"683\" data-id=\"50614\" src=\"https:\/\/www.paranapraia.com.br\/wp-content\/uploads\/2023\/06\/FB_IMG_1687471002111-1024x683.jpg\" alt=\"\" class=\"wp-image-50614\" srcset=\"https:\/\/www.paranapraia.com.br\/wp-content\/uploads\/2023\/06\/FB_IMG_1687471002111-1024x683.jpg 1024w, https:\/\/www.paranapraia.com.br\/wp-content\/uploads\/2023\/06\/FB_IMG_1687471002111-300x200.jpg 300w, https:\/\/www.paranapraia.com.br\/wp-content\/uploads\/2023\/06\/FB_IMG_1687471002111-768x512.jpg 768w, https:\/\/www.paranapraia.com.br\/wp-content\/uploads\/2023\/06\/FB_IMG_1687471002111-696x464.jpg 696w, https:\/\/www.paranapraia.com.br\/wp-content\/uploads\/2023\/06\/FB_IMG_1687471002111-1068x712.jpg 1068w, https:\/\/www.paranapraia.com.br\/wp-content\/uploads\/2023\/06\/FB_IMG_1687471002111-630x420.jpg 630w, https:\/\/www.paranapraia.com.br\/wp-content\/uploads\/2023\/06\/FB_IMG_1687471002111.jpg 1080w\" sizes=\"(max-width: 1024px) 100vw, 1024px\" \/><\/figure>\n\n\n\n<figure class=\"wp-block-image size-large\"><img loading=\"lazy\" decoding=\"async\" width=\"1024\" height=\"648\" data-id=\"50615\" src=\"https:\/\/www.paranapraia.com.br\/wp-content\/uploads\/2023\/06\/FB_IMG_1687470985502-1024x648.jpg\" alt=\"\" class=\"wp-image-50615\" srcset=\"https:\/\/www.paranapraia.com.br\/wp-content\/uploads\/2023\/06\/FB_IMG_1687470985502-1024x648.jpg 1024w, https:\/\/www.paranapraia.com.br\/wp-content\/uploads\/2023\/06\/FB_IMG_1687470985502-300x190.jpg 300w, https:\/\/www.paranapraia.com.br\/wp-content\/uploads\/2023\/06\/FB_IMG_1687470985502-768x486.jpg 768w, https:\/\/www.paranapraia.com.br\/wp-content\/uploads\/2023\/06\/FB_IMG_1687470985502-696x440.jpg 696w, https:\/\/www.paranapraia.com.br\/wp-content\/uploads\/2023\/06\/FB_IMG_1687470985502-1068x675.jpg 1068w, https:\/\/www.paranapraia.com.br\/wp-content\/uploads\/2023\/06\/FB_IMG_1687470985502-664x420.jpg 664w, https:\/\/www.paranapraia.com.br\/wp-content\/uploads\/2023\/06\/FB_IMG_1687470985502.jpg 1080w\" sizes=\"(max-width: 1024px) 100vw, 1024px\" \/><\/figure>\n\n\n\n<figure class=\"wp-block-image size-large\"><img loading=\"lazy\" decoding=\"async\" width=\"1024\" height=\"683\" data-id=\"50616\" src=\"https:\/\/www.paranapraia.com.br\/wp-content\/uploads\/2023\/06\/FB_IMG_1687471008592-1024x683.jpg\" alt=\"\" class=\"wp-image-50616\" srcset=\"https:\/\/www.paranapraia.com.br\/wp-content\/uploads\/2023\/06\/FB_IMG_1687471008592-1024x683.jpg 1024w, https:\/\/www.paranapraia.com.br\/wp-content\/uploads\/2023\/06\/FB_IMG_1687471008592-300x200.jpg 300w, https:\/\/www.paranapraia.com.br\/wp-content\/uploads\/2023\/06\/FB_IMG_1687471008592-768x512.jpg 768w, https:\/\/www.paranapraia.com.br\/wp-content\/uploads\/2023\/06\/FB_IMG_1687471008592-696x464.jpg 696w, https:\/\/www.paranapraia.com.br\/wp-content\/uploads\/2023\/06\/FB_IMG_1687471008592-1068x712.jpg 1068w, https:\/\/www.paranapraia.com.br\/wp-content\/uploads\/2023\/06\/FB_IMG_1687471008592-630x420.jpg 630w, https:\/\/www.paranapraia.com.br\/wp-content\/uploads\/2023\/06\/FB_IMG_1687471008592.jpg 1080w\" sizes=\"(max-width: 1024px) 100vw, 1024px\" \/><\/figure>\n<\/figure>\n\n\n\n<p>Assessoria<\/p>\n","protected":false},"excerpt":{"rendered":"<p>Na quarta-feira (21) aconteceu na C\u00e2mara de Guaratuba, a cerim\u00f4nia de posse do Conselho Comunit\u00e1rio de Seguran\u00e7a de Guaratuba (CONSEG). A nova diretoria bi\u00eanio 2023 \u2013 2025 \u00e9 composta pela presidente Roberta Costa Boikivski, a vice-presidente Carla Cristina Kuntze, o tesoureiro Emerson Miranda Fernandes, a 1\u00aa secret\u00e1ria Jana\u00edna Baptista da Luz, o 2\u00b0 secret\u00e1rio Adilson [&hellip;]<\/p>\n","protected":false},"author":2,"featured_media":50613,"comment_status":"open","ping_status":"open","sticky":false,"template":"","format":"standard","meta":{"advanced_seo_description":"","jetpack_seo_html_title":"","jetpack_seo_noindex":false,"_jetpack_memberships_contains_paid_content":false,"footnotes":""},"categories":[99],"tags":[],"class_list":{"0":"post-50612","1":"post","2":"type-post","3":"status-publish","4":"format-standard","5":"has-post-thumbnail","7":"category-guaratuba"},"jetpack_featured_media_url":"https:\/\/www.paranapraia.com.br\/wp-content\/uploads\/2023\/06\/FB_IMG_1687470980918.jpg","jetpack_sharing_enabled":true,"_links":{"self":[{"href":"https:\/\/www.paranapraia.com.br\/index.php\/wp-json\/wp\/v2\/posts\/50612"}],"collection":[{"href":"https:\/\/www.paranapraia.com.br\/index.php\/wp-json\/wp\/v2\/posts"}],"about":[{"href":"https:\/\/www.paranapraia.com.br\/index.php\/wp-json\/wp\/v2\/types\/post"}],"author":[{"embeddable":true,"href":"https:\/\/www.paranapraia.com.br\/index.php\/wp-json\/wp\/v2\/users\/2"}],"replies":[{"embeddable":true,"href":"https:\/\/www.paranapraia.com.br\/index.php\/wp-json\/wp\/v2\/comments?post=50612"}],"version-history":[{"count":1,"href":"https:\/\/www.paranapraia.com.br\/index.php\/wp-json\/wp\/v2\/posts\/50612\/revisions"}],"predecessor-version":[{"id":50617,"href":"https:\/\/www.paranapraia.com.br\/index.php\/wp-json\/wp\/v2\/posts\/50612\/revisions\/50617"}],"wp:featuredmedia":[{"embeddable":true,"href":"https:\/\/www.paranapraia.com.br\/index.php\/wp-json\/wp\/v2\/media\/50613"}],"wp:attachment":[{"href":"https:\/\/www.paranapraia.com.br\/index.php\/wp-json\/wp\/v2\/media?parent=50612"}],"wp:term":[{"taxonomy":"category","embeddable":true,"href":"https:\/\/www.paranapraia.com.br\/index.php\/wp-json\/wp\/v2\/categories?post=50612"},{"taxonomy":"post_tag","embeddable":true,"href":"https:\/\/www.paranapraia.com.br\/index.php\/wp-json\/wp\/v2\/tags?post=50612"}],"curies":[{"name":"wp","href":"https:\/\/api.w.org\/{rel}","templated":true}]}}