{"id":50572,"date":"2023-06-22T11:48:23","date_gmt":"2023-06-22T14:48:23","guid":{"rendered":"https:\/\/www.paranapraia.com.br\/?p=50572"},"modified":"2023-06-22T11:48:24","modified_gmt":"2023-06-22T14:48:24","slug":"acao-integrada-da-pm-e-pf-apreende-mais-de-700-quilos-de-droga-em-foz-do-iguacu","status":"publish","type":"post","link":"https:\/\/www.paranapraia.com.br\/index.php\/2023\/06\/22\/acao-integrada-da-pm-e-pf-apreende-mais-de-700-quilos-de-droga-em-foz-do-iguacu\/","title":{"rendered":"A\u00e7\u00e3o integrada da PM e PF apreende mais de 700 quilos de droga em Foz do Igua\u00e7u"},"content":{"rendered":"\n<p>Uma a\u00e7\u00e3o integrada da Pol\u00edcia Militar do Paran\u00e1 (PMPR) e agentes do N\u00facleo Especial de Pol\u00edcia Mar\u00edtima (Nepom) da Pol\u00edcia Federal resultou na apreens\u00e3o de mais de 700 quilos de maconha, na madrugada desta quinta-feira (22), em Foz do Igua\u00e7u, no Oeste do Estado. Pela PMPR a a\u00e7\u00e3o foi do Batalh\u00e3o de Pol\u00edcia de Fronteira (BPFron).<\/p>\n\n\n\n<p>As equipes das for\u00e7as policiais faziam o patrulhamento aqu\u00e1tico no Rio Paran\u00e1 quando avistaram uma embarca\u00e7\u00e3o saindo da margem paraguaia com sentido \u00e0 margem brasileira e efetuaram a abordagem. No momento da aproxima\u00e7\u00e3o, o piloto abandonou o barco e fugiu em meio \u00e0 mata, n\u00e3o sendo localizado. Os militares estaduais e federais constataram que a embarca\u00e7\u00e3o estava carregada com 757 quilos da droga.<\/p>\n\n\n\n<p><strong>APREENS\u00d5ES \u2013<\/strong>\u00a0Nos primeiros cinco meses deste ano as apreens\u00f5es de drogas pelas for\u00e7as de seguran\u00e7a do Paran\u00e1\u00a0aumentaram 65% em rela\u00e7\u00e3o ao mesmo per\u00edodo do ano passado. Foram 132 toneladas, contra 80 toneladas em 2022. O maior volume mensal foi registrado no m\u00eas de maio, quando as pol\u00edcias Civil e Militar apreenderam 53,5 toneladas.<\/p>\n\n\n\n<figure class=\"wp-block-image size-large\"><img loading=\"lazy\" decoding=\"async\" width=\"1024\" height=\"682\" src=\"https:\/\/www.paranapraia.com.br\/wp-content\/uploads\/2023\/06\/whatsapp_image_2023-06-22_at_10.31.10_1-1024x682.jpg\" alt=\"\" class=\"wp-image-50574\" srcset=\"https:\/\/www.paranapraia.com.br\/wp-content\/uploads\/2023\/06\/whatsapp_image_2023-06-22_at_10.31.10_1-1024x682.jpg 1024w, https:\/\/www.paranapraia.com.br\/wp-content\/uploads\/2023\/06\/whatsapp_image_2023-06-22_at_10.31.10_1-300x200.jpg 300w, https:\/\/www.paranapraia.com.br\/wp-content\/uploads\/2023\/06\/whatsapp_image_2023-06-22_at_10.31.10_1-768x512.jpg 768w, https:\/\/www.paranapraia.com.br\/wp-content\/uploads\/2023\/06\/whatsapp_image_2023-06-22_at_10.31.10_1-1536x1023.jpg 1536w, https:\/\/www.paranapraia.com.br\/wp-content\/uploads\/2023\/06\/whatsapp_image_2023-06-22_at_10.31.10_1-696x464.jpg 696w, https:\/\/www.paranapraia.com.br\/wp-content\/uploads\/2023\/06\/whatsapp_image_2023-06-22_at_10.31.10_1-1068x712.jpg 1068w, https:\/\/www.paranapraia.com.br\/wp-content\/uploads\/2023\/06\/whatsapp_image_2023-06-22_at_10.31.10_1-630x420.jpg 630w, https:\/\/www.paranapraia.com.br\/wp-content\/uploads\/2023\/06\/whatsapp_image_2023-06-22_at_10.31.10_1-scaled.jpg 1200w\" sizes=\"(max-width: 1024px) 100vw, 1024px\" \/><\/figure>\n\n\n\n<p>Em junho, o Batalh\u00e3o de Pol\u00edcia Rodovi\u00e1ria (BPRv) apreendeu, no dia 19, mais de 4 toneladas no munic\u00edpio de S\u00e3o Jos\u00e9 das Palmeiras, no Oeste do Estado. No dia 16, em Jaguapit\u00e3, no Norte do Estado, mais 500 quilos foram interceptados.\u00a0J\u00e1 em Douradina, pr\u00f3ximo de Umuarama, no Noroeste, foi confiscada (dia 13) meia tonelada de droga. Outras apreens\u00f5es ocorreram em Cianorte, no Noroeste (190 quilos) e em Ipor\u00e3, tamb\u00e9m Noroeste (uma tonelada).<\/p>\n\n\n\n<p>AEN<\/p>\n","protected":false},"excerpt":{"rendered":"<p>Uma a\u00e7\u00e3o integrada da Pol\u00edcia Militar do Paran\u00e1 (PMPR) e agentes do N\u00facleo Especial de Pol\u00edcia Mar\u00edtima (Nepom) da Pol\u00edcia Federal resultou na apreens\u00e3o de mais de 700 quilos de maconha, na madrugada desta quinta-feira (22), em Foz do Igua\u00e7u, no Oeste do Estado. Pela PMPR a a\u00e7\u00e3o foi do Batalh\u00e3o de Pol\u00edcia de Fronteira [&hellip;]<\/p>\n","protected":false},"author":2,"featured_media":50573,"comment_status":"open","ping_status":"open","sticky":false,"template":"","format":"standard","meta":{"advanced_seo_description":"","jetpack_seo_html_title":"","jetpack_seo_noindex":false,"_jetpack_memberships_contains_paid_content":false,"footnotes":""},"categories":[33],"tags":[],"class_list":{"0":"post-50572","1":"post","2":"type-post","3":"status-publish","4":"format-standard","5":"has-post-thumbnail","7":"category-policia"},"jetpack_featured_media_url":"https:\/\/www.paranapraia.com.br\/wp-content\/uploads\/2023\/06\/whatsapp_image_2023-06-22_at_10.31.13.jpg","jetpack_sharing_enabled":true,"_links":{"self":[{"href":"https:\/\/www.paranapraia.com.br\/index.php\/wp-json\/wp\/v2\/posts\/50572"}],"collection":[{"href":"https:\/\/www.paranapraia.com.br\/index.php\/wp-json\/wp\/v2\/posts"}],"about":[{"href":"https:\/\/www.paranapraia.com.br\/index.php\/wp-json\/wp\/v2\/types\/post"}],"author":[{"embeddable":true,"href":"https:\/\/www.paranapraia.com.br\/index.php\/wp-json\/wp\/v2\/users\/2"}],"replies":[{"embeddable":true,"href":"https:\/\/www.paranapraia.com.br\/index.php\/wp-json\/wp\/v2\/comments?post=50572"}],"version-history":[{"count":1,"href":"https:\/\/www.paranapraia.com.br\/index.php\/wp-json\/wp\/v2\/posts\/50572\/revisions"}],"predecessor-version":[{"id":50575,"href":"https:\/\/www.paranapraia.com.br\/index.php\/wp-json\/wp\/v2\/posts\/50572\/revisions\/50575"}],"wp:featuredmedia":[{"embeddable":true,"href":"https:\/\/www.paranapraia.com.br\/index.php\/wp-json\/wp\/v2\/media\/50573"}],"wp:attachment":[{"href":"https:\/\/www.paranapraia.com.br\/index.php\/wp-json\/wp\/v2\/media?parent=50572"}],"wp:term":[{"taxonomy":"category","embeddable":true,"href":"https:\/\/www.paranapraia.com.br\/index.php\/wp-json\/wp\/v2\/categories?post=50572"},{"taxonomy":"post_tag","embeddable":true,"href":"https:\/\/www.paranapraia.com.br\/index.php\/wp-json\/wp\/v2\/tags?post=50572"}],"curies":[{"name":"wp","href":"https:\/\/api.w.org\/{rel}","templated":true}]}}