{"id":50556,"date":"2023-06-22T11:05:47","date_gmt":"2023-06-22T14:05:47","guid":{"rendered":"https:\/\/www.paranapraia.com.br\/?p=50556"},"modified":"2023-06-22T11:39:23","modified_gmt":"2023-06-22T14:39:23","slug":"benzedeiro-faz-111-anos-e-diz-que-amor-e-parar-com-a-cachaca-sao-os-segredos","status":"publish","type":"post","link":"https:\/\/www.paranapraia.com.br\/index.php\/2023\/06\/22\/benzedeiro-faz-111-anos-e-diz-que-amor-e-parar-com-a-cachaca-sao-os-segredos\/","title":{"rendered":"Benzedeiro de 111 anos diz que amor e parar com a cacha\u00e7a s\u00e3o os segredos de longevidade"},"content":{"rendered":"\n<p><em>Seu Ant\u00f4nio, o benzedeiro criou 9 filhos depois da morte da mulher, faz quest\u00e3o de manter o humor e a mem\u00f3ria ativa &#8211; Fotos: Juliano Almeida \/ Campo Grande News<\/em><\/p>\n\n\n\n<p>Seu Ant\u00f4nio Jos\u00e9 de Jesus \u00e9 um benzedeiro brasileiro que fez 111 anos e comemorou com uma grande festa, em Campo Grande, no Mato Grosso do Sul, cercado por amigos e familiares.<\/p>\n\n\n\n<p>Ele revelou o segredo de tanta vitalidade nessa idade: \u201cAmor pela vida e parar de beber cacha\u00e7a, esse que \u00e9 o segredo. Parei faz uns dez anos, mas \u00e9 o segredo, t\u00e1?\u201d, brincou.<\/p>\n\n\n\n<p>Seu Ant\u00f4nio foi perguntado sobre o que viu de melhor e de pior nessa vida: \u201cO que eu j\u00e1 vi de melhor nessa vida? N\u00e3o posso contar, \u00e9 melhor. E o que de mais ruim? A maldade, mas essa eu tirava das pessoas\u201d, afirmou.<\/p>\n\n\n\n<p>\u201cMiss\u00e3o\u201d de benzer<\/p>\n\n\n\n<p>Seu Ant\u00f4nio ficou conhecido onde mora por ser benzedeiro, habilidade que aprendeu com a av\u00f3, descendente de escravos que viveu em Sergipe.Ele come\u00e7ou a aprender a benzer por curiosidade infantil. \u201cSe tinha alguma amarra\u00e7\u00e3o, minha av\u00f3 colocava a m\u00e3o e j\u00e1 resolvia. Eu ficava vendo ela fazendo aquilo com as crian\u00e7as, ajudando, e aprendi\u201d, disse.<\/p>\n\n\n\n<p>Mais do que aprender, ele revela que transmitiu conhecimento para muita gente: \u201cPassei isso para outras pessoas j\u00e1\u201d.Sorridente, ele conta que ganhou da vida o fato de ter nascido no Dia do Santo que tem o nome dele e a miss\u00e3o de benzer.<\/p>\n\n\n\n<p>Sa\u00fade e longevidade<\/p>\n\n\n\n<p>Seu Ant\u00f4nio e a fam\u00edlia n\u00e3o sabem explicar de onde vem tanta sa\u00fade e longevidade. Mas buscam nos costumes dele uma resposta.O benzedeiro segue fazendo as coisas que mais ama: benzer, conversar com as pessoas, cuidar das atividades do dia a dia. N\u00e3o toma rem\u00e9dio, mas fuma seu cigarrinho.<\/p>\n\n\n\n<p>Ele jura que o amor resolve tudo e diz que abandonar a cachacinha, que adorava, ajudou a chegar aos 111 anos<\/p>\n\n\n\n<p>Cheio de gra\u00e7a<\/p>\n\n\n\n<p>Ao saber que a hist\u00f3ria da vida dele iria para imprensa, Seu Ant\u00f4nio fez gra\u00e7a.\u201cMas por que est\u00e3o fazendo tanta foto? V\u00e3o mandar para o Rio, para Paris?\u201d, questionou.Com orgulho, o idoso centen\u00e1rio contou que, quando jovem trabalhou em engenho de cana-de-a\u00e7\u00facar e era chamado para \u201cresolver\u201d problemas.<\/p>\n\n\n\n<p>\u201c\u00c0s vezes, se tinha alguma coisa que parava de funcionar, j\u00e1 me chamavam. Eu dava uma olhada e sabia na hora arrumar, mesmo sendo mais novo que todo mundo\u201d, afirmou o idoso.<\/p>\n\n\n\n<p>A vida do benzedeiro<\/p>\n\n\n\n<p>Seu Ant\u00f4nio atribui a vida ao trabalho como benzedeiro: andando de casa em casa, conhecendo pessoas diferentes, acabou se apaixonando pela esposa e casando com ela.Assim, ele construiu a fam\u00edlia com nove filhos. <\/p>\n\n\n\n<p>\u201cTive dois filhos homens e duas filhas mulheres de sangue, mas que criei j\u00e1 foram v\u00e1rios outros\u201d, resumiu.<\/p>\n\n\n\n<p>Wania Catielli de Jesus, uma das netas que se transformaram em filhas, disse que o av\u00f4 sempre foi um bom contador de hist\u00f3rias e conseguia manter a fam\u00edlia atenta.<\/p>\n\n\n\n<p>\u201cEle \u00e9 o nosso her\u00f3i mesmo, sempre foi. Trabalhador, depois que minha av\u00f3 faleceu, foi ele quem continuou cuidando da gente, nunca deixou faltar nada\u201d, agradeceu.<\/p>\n\n\n\n<p>Al\u00e9m de Benzedeiro, seu Ant\u00f4nio \u00e9 contador de hist\u00f3rias e adora divertir as pessoas.<\/p>\n\n\n\n<figure class=\"wp-block-gallery has-nested-images columns-1 is-cropped wp-block-gallery-1 is-layout-flex wp-block-gallery-is-layout-flex\">\n<figure class=\"wp-block-image size-large\"><img loading=\"lazy\" decoding=\"async\" width=\"800\" height=\"560\" data-id=\"50558\" src=\"https:\/\/www.paranapraia.com.br\/wp-content\/uploads\/2023\/06\/IMG-20230622-WA0009.jpg\" alt=\"\" class=\"wp-image-50558\" srcset=\"https:\/\/www.paranapraia.com.br\/wp-content\/uploads\/2023\/06\/IMG-20230622-WA0009.jpg 800w, https:\/\/www.paranapraia.com.br\/wp-content\/uploads\/2023\/06\/IMG-20230622-WA0009-300x210.jpg 300w, https:\/\/www.paranapraia.com.br\/wp-content\/uploads\/2023\/06\/IMG-20230622-WA0009-768x538.jpg 768w, https:\/\/www.paranapraia.com.br\/wp-content\/uploads\/2023\/06\/IMG-20230622-WA0009-100x70.jpg 100w, https:\/\/www.paranapraia.com.br\/wp-content\/uploads\/2023\/06\/IMG-20230622-WA0009-696x487.jpg 696w, https:\/\/www.paranapraia.com.br\/wp-content\/uploads\/2023\/06\/IMG-20230622-WA0009-600x420.jpg 600w\" sizes=\"(max-width: 800px) 100vw, 800px\" \/><\/figure>\n\n\n\n<figure class=\"wp-block-image size-large\"><img loading=\"lazy\" decoding=\"async\" width=\"640\" height=\"427\" data-id=\"50559\" src=\"https:\/\/www.paranapraia.com.br\/wp-content\/uploads\/2023\/06\/IMG-20230622-WA0008.jpg\" alt=\"\" class=\"wp-image-50559\" srcset=\"https:\/\/www.paranapraia.com.br\/wp-content\/uploads\/2023\/06\/IMG-20230622-WA0008.jpg 640w, https:\/\/www.paranapraia.com.br\/wp-content\/uploads\/2023\/06\/IMG-20230622-WA0008-300x200.jpg 300w, https:\/\/www.paranapraia.com.br\/wp-content\/uploads\/2023\/06\/IMG-20230622-WA0008-630x420.jpg 630w\" sizes=\"(max-width: 640px) 100vw, 640px\" \/><\/figure>\n\n\n\n<figure class=\"wp-block-image size-large\"><img loading=\"lazy\" decoding=\"async\" width=\"640\" height=\"437\" data-id=\"50560\" src=\"https:\/\/www.paranapraia.com.br\/wp-content\/uploads\/2023\/06\/IMG-20230622-WA0007.jpg\" alt=\"\" class=\"wp-image-50560\" srcset=\"https:\/\/www.paranapraia.com.br\/wp-content\/uploads\/2023\/06\/IMG-20230622-WA0007.jpg 640w, https:\/\/www.paranapraia.com.br\/wp-content\/uploads\/2023\/06\/IMG-20230622-WA0007-300x205.jpg 300w, https:\/\/www.paranapraia.com.br\/wp-content\/uploads\/2023\/06\/IMG-20230622-WA0007-218x150.jpg 218w, https:\/\/www.paranapraia.com.br\/wp-content\/uploads\/2023\/06\/IMG-20230622-WA0007-615x420.jpg 615w\" sizes=\"(max-width: 640px) 100vw, 640px\" \/><\/figure>\n<\/figure>\n","protected":false},"excerpt":{"rendered":"<p>Seu Ant\u00f4nio, o benzedeiro criou 9 filhos depois da morte da mulher, faz quest\u00e3o de manter o humor e a mem\u00f3ria ativa &#8211; Fotos: Juliano Almeida \/ Campo Grande News Seu Ant\u00f4nio Jos\u00e9 de Jesus \u00e9 um benzedeiro brasileiro que fez 111 anos e comemorou com uma grande festa, em Campo Grande, no Mato Grosso [&hellip;]<\/p>\n","protected":false},"author":2,"featured_media":50564,"comment_status":"open","ping_status":"open","sticky":false,"template":"","format":"standard","meta":{"advanced_seo_description":"","jetpack_seo_html_title":"","jetpack_seo_noindex":false,"_jetpack_memberships_contains_paid_content":false,"footnotes":""},"categories":[40],"tags":[],"class_list":{"0":"post-50556","1":"post","2":"type-post","3":"status-publish","4":"format-standard","5":"has-post-thumbnail","7":"category-destaques"},"jetpack_featured_media_url":"https:\/\/www.paranapraia.com.br\/wp-content\/uploads\/2023\/06\/WhatsApp-Image-2023-06-22-at-11.38.36.jpeg","jetpack_sharing_enabled":true,"_links":{"self":[{"href":"https:\/\/www.paranapraia.com.br\/index.php\/wp-json\/wp\/v2\/posts\/50556"}],"collection":[{"href":"https:\/\/www.paranapraia.com.br\/index.php\/wp-json\/wp\/v2\/posts"}],"about":[{"href":"https:\/\/www.paranapraia.com.br\/index.php\/wp-json\/wp\/v2\/types\/post"}],"author":[{"embeddable":true,"href":"https:\/\/www.paranapraia.com.br\/index.php\/wp-json\/wp\/v2\/users\/2"}],"replies":[{"embeddable":true,"href":"https:\/\/www.paranapraia.com.br\/index.php\/wp-json\/wp\/v2\/comments?post=50556"}],"version-history":[{"count":3,"href":"https:\/\/www.paranapraia.com.br\/index.php\/wp-json\/wp\/v2\/posts\/50556\/revisions"}],"predecessor-version":[{"id":50565,"href":"https:\/\/www.paranapraia.com.br\/index.php\/wp-json\/wp\/v2\/posts\/50556\/revisions\/50565"}],"wp:featuredmedia":[{"embeddable":true,"href":"https:\/\/www.paranapraia.com.br\/index.php\/wp-json\/wp\/v2\/media\/50564"}],"wp:attachment":[{"href":"https:\/\/www.paranapraia.com.br\/index.php\/wp-json\/wp\/v2\/media?parent=50556"}],"wp:term":[{"taxonomy":"category","embeddable":true,"href":"https:\/\/www.paranapraia.com.br\/index.php\/wp-json\/wp\/v2\/categories?post=50556"},{"taxonomy":"post_tag","embeddable":true,"href":"https:\/\/www.paranapraia.com.br\/index.php\/wp-json\/wp\/v2\/tags?post=50556"}],"curies":[{"name":"wp","href":"https:\/\/api.w.org\/{rel}","templated":true}]}}