{"id":50553,"date":"2023-06-22T10:51:23","date_gmt":"2023-06-22T13:51:23","guid":{"rendered":"https:\/\/www.paranapraia.com.br\/?p=50553"},"modified":"2023-06-22T10:51:24","modified_gmt":"2023-06-22T13:51:24","slug":"parana-sedia-encontro-nacional-de-secretarios-e-secretarias-de-esporte","status":"publish","type":"post","link":"https:\/\/www.paranapraia.com.br\/index.php\/2023\/06\/22\/parana-sedia-encontro-nacional-de-secretarios-e-secretarias-de-esporte\/","title":{"rendered":"Paran\u00e1 sedia Encontro Nacional de Secret\u00e1rios e Secretarias de Esporte"},"content":{"rendered":"\n<p>A segunda edi\u00e7\u00e3o do Encontro Nacional de Secret\u00e1rios e Secretarias de Esporte teve sua cerim\u00f4nia de abertura na noite de quarta-feira (21), com a presen\u00e7a do secret\u00e1rio de Esporte do Estado, Helio Wirbiski.&nbsp;O evento acontece no Canal da M\u00fasica, em Curitiba. Algumas palestras est\u00e3o marcadas para os sal\u00f5es do Parque Barigui.<\/p>\n\n\n\n<p>Com apoio do Conselho Regional de Educa\u00e7\u00e3o F\u00edsica do Paran\u00e1 e organiza\u00e7\u00e3o da Secretaria Municipal de Esporte, Lazer e Juventude, o encontro re\u00fane secret\u00e1rios de 202 cidades, das cinco regi\u00f5es do Pa\u00eds, para conhecerem os programas de Curitiba e apresentarem palestras e cases esportivos que v\u00eam sendo desenvolvidos.<\/p>\n\n\n\n<p>&#8220;\u00c9 uma honra sediar um encontro dessa magnitude. O Paran\u00e1 tem programas que s\u00e3o refer\u00eancia nacional, como o bolsa-atleta Gera\u00e7\u00e3o Ol\u00edmpica e Paral\u00edmpica, a lei de incentivo, e os jogos oficiais, organizados com apoio das prefeituras, que formam grandes talentos para o esporte nacional&#8221;, disse&nbsp;Wirbiski.<\/p>\n\n\n\n<p>\u201cEssa \u00e9 uma experi\u00eancia importante, j\u00e1 que aqui podemos desenvolver trabalhos que v\u00e3o melhorar a qualidade de vida de milh\u00f5es de pessoas pelo esporte e a atividade f\u00edsica\u201d, completou o secret\u00e1rio municipal de Esporte, Lazer e Juventude, Carlos Eduardo Pijak Jr.<\/p>\n\n\n\n<p>Ana Moser, ministra do Esporte, tamb\u00e9m participou da abertura. Ela apresentou pontos da Lei Geral do Esporte, sancionada recentemente pelo governo federal, e defendeu a integra\u00e7\u00e3o entre todos as esferas administrativas para que o Brasil se torne uma pot\u00eancia ainda maior em algumas modalidades. &#8220;Precisamos trabalhar com pol\u00edticas p\u00fablicas comprometidas&#8221;, complementou.<\/p>\n\n\n\n<p>HOMENAGEM AO GOVERNADOR \u2013 Antes da abertura, uma comitiva de secret\u00e1rios nacionais se reuniu com o governador Carlos Massa Ratinho Junior para agradecer pela recria\u00e7\u00e3o da Secretaria de Esportes do Paran\u00e1. Um dos objetivos da nova pasta \u00e9 trabalhar de maneira integrada com os milhares de profissionais do esporte no Paran\u00e1, inclusive nas quest\u00f5es de sa\u00fade f\u00edsica e mental, e envelhecimento.<\/p>\n\n\n\n<p>O governador tamb\u00e9m sancionou no come\u00e7o do ano a lei 21.405\/2023, que institui o Fundo Estadual do Esporte, instrumento de natureza cont\u00e1bil com a finalidade de destinar recursos para a gest\u00e3o da pol\u00edtica estadual de esporte. <\/p>\n\n\n\n<p>A lei tamb\u00e9m instituiu o Sistema Esportivo Estadual, destinado \u00e0 articula\u00e7\u00e3o, promo\u00e7\u00e3o e gest\u00e3o integrada e participativa das pol\u00edticas p\u00fablicas de esporte. Ele \u00e9 composto por Secretaria de Estado do Esporte, Conselho Estadual do Esporte, Paran\u00e1 Esporte, Justi\u00e7a Desportiva, \u00f3rg\u00e3os p\u00fablicos municipais que tratam de esporte e organiza\u00e7\u00f5es que atuam na \u00e1rea esportiva, de acordo com os subsistemas pr\u00f3prios, conforme estabelece a legisla\u00e7\u00e3o federal.<\/p>\n\n\n\n<p>PROGRAMA\u00c7\u00c3O<\/p>\n\n\n\n<p>QUINTA-FEIRA<\/p>\n\n\n\n<p>Sal\u00e3o Barigui14h &#8211; Case Paranava\u00ed (PR) &#8211; secret\u00e1rio Rafael Otaviano14h10 &#8211; Case Manaus (SM) &#8211; secret\u00e1rio Aurilex Moreira14h20 &#8211; Palestra Oficina de elabora\u00e7\u00e3o de projetos da Lei de Incentivo Federal &#8211; Michelle Vinecky, diretora de Pol\u00edticas de Incentivo ao Esporte &#8211; Minist\u00e9rio do EsporteSal\u00e3o de Atos14h &#8211; Palestra Lei Geral e a forma\u00e7\u00e3o do Sistema Nacional do Esporte &#8211; Cassia Damiani, diretora do Esporte Educacional14h50 &#8211; Case Piraquara (PR) &#8211; secret\u00e1ria Ana Tesseroli15h &#8211; Palestra Forma\u00e7\u00e3o de Conselhos Municipais e Estaduais de Esporte: import\u00e2ncia e diretrizes para sua cria\u00e7\u00e3o &#8211; Professores Humberto Panzetti e Natasha Lise15h45 &#8211; Case Itabirito (MG) &#8211; secret\u00e1rio Rafael Rondow15h55 &#8211; Case S\u00e3o Paulo (SP) &#8211; Associa\u00e7\u00e3o do Secret\u00e1rios Municipais do Estado de S\u00e3o Paulo &#8211; secret\u00e1rio executivo Mauzler Paulinetti16h05 &#8211; Case Recife (PR) &#8211; Gabriel Morais e Gabriel Perussi16h15 &#8211; Palestra Curitiba Capital do Esporte &#8211; Coronel Helena e secret\u00e1rio Carlos Eduardo Pijak Jr.Sala Meio Ambiente16h45 &#8211; Apresentac\u00e3o de modalidades esportivas &#8211; Duoball, Pickleball e Punhobol.<\/p>\n\n\n\n<p>SEXTA-FEIRA<\/p>\n\n\n\n<p>9h &#8211; Palestra &#8211; Experi\u00eancias de uma campe\u00e3 mundial em a\u00e7\u00f5es de inicia\u00e7\u00e3o esportiva na Prefeitura de Curitiba &#8211; Campe\u00e3 Mundial de basquete Prof. Dalila Bulc\u00e3o9h30 &#8211; Case Bel\u00e9m (PA) &#8211; secret\u00e1rio C\u00e1ssio Andrade9h40 &#8211; Case CBDU &#8211; presidente Luciano Cabral9h50 &#8211; Palestra Atua\u00e7\u00e3o do Profissional de Educa\u00e7\u00e3o F\u00edsica no Desenvolvimento da Sociedade &#8211; professor Gustavo Brand\u00e3o, presidente do CREF9\/PR10h15 &#8211; Palestra &#8211; O futebol feminino no Brasil: a\u00e7\u00f5es necess\u00e1rias para seu desenvolvimento &#8211; Marina Toscano, ex-jogadora da Sele\u00e7\u00e3o Brasileira de Futebol10h45 &#8211; Palestra Em busca do golpe perfeito &#8211; Tiago Camilo, medalhista ol\u00edmpico e campe\u00e3o mundial de jud\u00f4Sal\u00e3o Barigui14h &#8211; Case Ouro Preto (MG) &#8211; Bruno Ocelli14h10 &#8211; Case Itabira (MG) &#8211; Natalia Lacerda14h20 &#8211; Palestra Oficina de elabora\u00e7\u00e3o de projetos da Lei de Incentivo Federal &#8211; Michelle Vinecky, diretora de Pol\u00edticas de Incentivo ao Esporte Minist\u00e9rio do EsporteSal\u00e3o de Atos14h &#8211; Case Po\u00e7os de Caldas (MG) &#8211; secret\u00e1rio Fernando dos Santos14h10 &#8211; Apresenta\u00e7\u00e3o de projetos de refer\u00eancia do Governo do Estado do Paran\u00e1 &#8211; secret\u00e1rio Estadual de Esporte Helio Wirbiski14h40 &#8211; Case Cidade Educadora &#8211; Maria Silvia14h50 &#8211; Case Confedera\u00e7\u00e3o Badminton &#8211; presidente Jos\u00e9 Roberto Campos15h &#8211; Palestra O Instituto Intelig\u00eancia Esportiva e a import\u00e2ncia dos dados para o desenvolvimento de pol\u00edticas p\u00fablicas no esporte &#8211; Pro-Reitor da UFPR Prof. Fernando Mezzadri15h45 &#8211; Case Laranjeiras do Sul (PR) &#8211; secret\u00e1rio Rafael Nascimento15h55 &#8211; Palestra Projetos do Minist\u00e9rio do Esporte: apresenta\u00e7\u00e3o e possibilidades para Estados e Munic\u00edpios &#8211; Prof. Cassia Damiani.<\/p>\n\n\n\n<p>AEN<\/p>\n","protected":false},"excerpt":{"rendered":"<p>A segunda edi\u00e7\u00e3o do Encontro Nacional de Secret\u00e1rios e Secretarias de Esporte teve sua cerim\u00f4nia de abertura na noite de quarta-feira (21), com a presen\u00e7a do secret\u00e1rio de Esporte do Estado, Helio Wirbiski.&nbsp;O evento acontece no Canal da M\u00fasica, em Curitiba. Algumas palestras est\u00e3o marcadas para os sal\u00f5es do Parque Barigui. Com apoio do Conselho [&hellip;]<\/p>\n","protected":false},"author":2,"featured_media":50554,"comment_status":"open","ping_status":"open","sticky":false,"template":"","format":"standard","meta":{"advanced_seo_description":"","jetpack_seo_html_title":"","jetpack_seo_noindex":false,"_jetpack_memberships_contains_paid_content":false,"footnotes":""},"categories":[37],"tags":[],"class_list":{"0":"post-50553","1":"post","2":"type-post","3":"status-publish","4":"format-standard","5":"has-post-thumbnail","7":"category-esporte"},"jetpack_featured_media_url":"https:\/\/www.paranapraia.com.br\/wp-content\/uploads\/2023\/06\/homenagem_cref9pr_foto_rdziura-7755-scaled.jpg","jetpack_sharing_enabled":true,"_links":{"self":[{"href":"https:\/\/www.paranapraia.com.br\/index.php\/wp-json\/wp\/v2\/posts\/50553"}],"collection":[{"href":"https:\/\/www.paranapraia.com.br\/index.php\/wp-json\/wp\/v2\/posts"}],"about":[{"href":"https:\/\/www.paranapraia.com.br\/index.php\/wp-json\/wp\/v2\/types\/post"}],"author":[{"embeddable":true,"href":"https:\/\/www.paranapraia.com.br\/index.php\/wp-json\/wp\/v2\/users\/2"}],"replies":[{"embeddable":true,"href":"https:\/\/www.paranapraia.com.br\/index.php\/wp-json\/wp\/v2\/comments?post=50553"}],"version-history":[{"count":1,"href":"https:\/\/www.paranapraia.com.br\/index.php\/wp-json\/wp\/v2\/posts\/50553\/revisions"}],"predecessor-version":[{"id":50555,"href":"https:\/\/www.paranapraia.com.br\/index.php\/wp-json\/wp\/v2\/posts\/50553\/revisions\/50555"}],"wp:featuredmedia":[{"embeddable":true,"href":"https:\/\/www.paranapraia.com.br\/index.php\/wp-json\/wp\/v2\/media\/50554"}],"wp:attachment":[{"href":"https:\/\/www.paranapraia.com.br\/index.php\/wp-json\/wp\/v2\/media?parent=50553"}],"wp:term":[{"taxonomy":"category","embeddable":true,"href":"https:\/\/www.paranapraia.com.br\/index.php\/wp-json\/wp\/v2\/categories?post=50553"},{"taxonomy":"post_tag","embeddable":true,"href":"https:\/\/www.paranapraia.com.br\/index.php\/wp-json\/wp\/v2\/tags?post=50553"}],"curies":[{"name":"wp","href":"https:\/\/api.w.org\/{rel}","templated":true}]}}