{"id":50182,"date":"2023-06-15T11:56:58","date_gmt":"2023-06-15T14:56:58","guid":{"rendered":"https:\/\/www.paranapraia.com.br\/?p=50182"},"modified":"2023-06-15T11:56:58","modified_gmt":"2023-06-15T14:56:58","slug":"programa-de-saude-bucal-leva-avaliacao-prevencao-e-cuidado-aos-alunos-da-rede-municipal-de-ensino-em-paranagua","status":"publish","type":"post","link":"https:\/\/www.paranapraia.com.br\/index.php\/2023\/06\/15\/programa-de-saude-bucal-leva-avaliacao-prevencao-e-cuidado-aos-alunos-da-rede-municipal-de-ensino-em-paranagua\/","title":{"rendered":"Programa de Sa\u00fade Bucal leva avalia\u00e7\u00e3o, preven\u00e7\u00e3o e cuidado aos alunos da rede municipal de ensino em Paranagu\u00e1"},"content":{"rendered":"\n<p>A Secretaria Municipal de Sa\u00fade conta com o programa de Sa\u00fade Bucal nas escolas municipais de Paranagu\u00e1 com o intuito da preven\u00e7\u00e3o e tratamento das crian\u00e7as e adolescentes. Ao fornecer atendimento odontol\u00f3gico nas escolas, as crian\u00e7as t\u00eam a oportunidade de receber avalia\u00e7\u00f5es, diagn\u00f3stico e tratamento preventivo.<\/p>\n\n\n\n<p>A iniciativa tem como objetivo contribuir para a forma\u00e7\u00e3o integral dos estudantes por meio de a\u00e7\u00f5es de promo\u00e7\u00e3o, preven\u00e7\u00e3o e aten\u00e7\u00e3o \u00e0 sa\u00fade, com vistas ao enfrentamento das vulnerabilidades que comprometem o pleno desenvolvimento de crian\u00e7as e jovens da rede p\u00fablica de ensino.<\/p>\n\n\n\n<p>O p\u00fablico benefici\u00e1rio s\u00e3o os estudantes na faixa et\u00e1ria entre 5 a 12 anos. Atualmente s\u00e3o seis servidores dentistas atuando em 12 escolas municipais. \u201cO atendimento odontol\u00f3gico nas escolas desempenha um papel relevante na promo\u00e7\u00e3o da sa\u00fade bucal e no bem-estar geral dos alunos. Esse \u00e9 um projeto cont\u00ednuo no qual h\u00e1 avalia\u00e7\u00e3o da sa\u00fade bucal, orienta\u00e7\u00e3o de higiene bucal, palestras e realiza\u00e7\u00e3o de procedimentos preventivos. Normalmente ocorre nas ter\u00e7as e quintas-feiras em ambos os per\u00edodos dos dias\u201d, explica a diretor de Odontologia da Secretaria Municipal de Sa\u00fade, Wilson Eug\u00eanio Gomes de Moraes.<\/p>\n\n\n\n<p>A sa\u00fade bucal adequada \u00e9 fundamental para o desenvolvimento saud\u00e1vel das crian\u00e7as. Ao oferecer servi\u00e7os odontol\u00f3gicos nas escolas, \u00e9 poss\u00edvel identificar precocemente problemas como c\u00e1ries, doen\u00e7as gengivais e m\u00e1 oclus\u00e3o, permitindo interven\u00e7\u00f5es preventivas e tratamento adequado antes que os problemas se agravem.<\/p>\n\n\n\n<p>\u201cA Escola \u00e9 a \u00e1rea institucional privilegiada deste encontro da educa\u00e7\u00e3o e da sa\u00fade. \u00c9 o espa\u00e7o para a conviv\u00eancia social e para o estabelecimento de rela\u00e7\u00f5es favor\u00e1veis \u00e0 promo\u00e7\u00e3o da sa\u00fade pelo vi\u00e9s de uma Educa\u00e7\u00e3o Integral. Os principais pontos abordados s\u00e3o a avalia\u00e7\u00e3o das condi\u00e7\u00f5es de sa\u00fade das crian\u00e7as, adolescentes e jovens que est\u00e3o na escola p\u00fablica, promo\u00e7\u00e3o da sa\u00fade e de atividades de preven\u00e7\u00e3o, educa\u00e7\u00e3o permanente e capacita\u00e7\u00e3o dos profissionais da Educa\u00e7\u00e3o e da Sa\u00fade e de Jovens\u201d, detalha o diretor.<\/p>\n\n\n\n<p>O atendimento odontol\u00f3gico nas escolas n\u00e3o se limita apenas a tratar problemas existentes, mas tamb\u00e9m envolve educa\u00e7\u00e3o em sa\u00fade bucal. Os profissionais de odontologia podem fornecer informa\u00e7\u00f5es sobre higiene oral, dieta adequada, t\u00e9cnicas de escova\u00e7\u00e3o e uso de fio dental, incentivando pr\u00e1ticas saud\u00e1veis de cuidados bucais entre os alunos.A dor de dente e outros problemas bucais podem ser altamente perturbadores para as crian\u00e7as, interferindo em sua capacidade de se concentrar e aprender adequadamente. <\/p>\n\n\n\n<p>O atendimento odontol\u00f3gico pode ajudar a identificar e tratar esses problemas, contribuindo para um ambiente escolar mais prop\u00edcio \u00e0 aprendizagem.<\/p>\n\n\n\n<p>Assessoria <\/p>\n","protected":false},"excerpt":{"rendered":"<p>A Secretaria Municipal de Sa\u00fade conta com o programa de Sa\u00fade Bucal nas escolas municipais de Paranagu\u00e1 com o intuito da preven\u00e7\u00e3o e tratamento das crian\u00e7as e adolescentes. Ao fornecer atendimento odontol\u00f3gico nas escolas, as crian\u00e7as t\u00eam a oportunidade de receber avalia\u00e7\u00f5es, diagn\u00f3stico e tratamento preventivo. A iniciativa tem como objetivo contribuir para a forma\u00e7\u00e3o [&hellip;]<\/p>\n","protected":false},"author":2,"featured_media":50183,"comment_status":"open","ping_status":"open","sticky":false,"template":"","format":"standard","meta":{"advanced_seo_description":"","jetpack_seo_html_title":"","jetpack_seo_noindex":false,"_jetpack_memberships_contains_paid_content":false,"footnotes":""},"categories":[77],"tags":[],"class_list":{"0":"post-50182","1":"post","2":"type-post","3":"status-publish","4":"format-standard","5":"has-post-thumbnail","7":"category-paranagua"},"jetpack_featured_media_url":"https:\/\/www.paranapraia.com.br\/wp-content\/uploads\/2023\/06\/Screenshot_2023-06-15-11-55-45-658-edit_com.android.chrome.jpg","jetpack_sharing_enabled":true,"_links":{"self":[{"href":"https:\/\/www.paranapraia.com.br\/index.php\/wp-json\/wp\/v2\/posts\/50182"}],"collection":[{"href":"https:\/\/www.paranapraia.com.br\/index.php\/wp-json\/wp\/v2\/posts"}],"about":[{"href":"https:\/\/www.paranapraia.com.br\/index.php\/wp-json\/wp\/v2\/types\/post"}],"author":[{"embeddable":true,"href":"https:\/\/www.paranapraia.com.br\/index.php\/wp-json\/wp\/v2\/users\/2"}],"replies":[{"embeddable":true,"href":"https:\/\/www.paranapraia.com.br\/index.php\/wp-json\/wp\/v2\/comments?post=50182"}],"version-history":[{"count":1,"href":"https:\/\/www.paranapraia.com.br\/index.php\/wp-json\/wp\/v2\/posts\/50182\/revisions"}],"predecessor-version":[{"id":50184,"href":"https:\/\/www.paranapraia.com.br\/index.php\/wp-json\/wp\/v2\/posts\/50182\/revisions\/50184"}],"wp:featuredmedia":[{"embeddable":true,"href":"https:\/\/www.paranapraia.com.br\/index.php\/wp-json\/wp\/v2\/media\/50183"}],"wp:attachment":[{"href":"https:\/\/www.paranapraia.com.br\/index.php\/wp-json\/wp\/v2\/media?parent=50182"}],"wp:term":[{"taxonomy":"category","embeddable":true,"href":"https:\/\/www.paranapraia.com.br\/index.php\/wp-json\/wp\/v2\/categories?post=50182"},{"taxonomy":"post_tag","embeddable":true,"href":"https:\/\/www.paranapraia.com.br\/index.php\/wp-json\/wp\/v2\/tags?post=50182"}],"curies":[{"name":"wp","href":"https:\/\/api.w.org\/{rel}","templated":true}]}}