{"id":50177,"date":"2023-06-15T11:46:40","date_gmt":"2023-06-15T14:46:40","guid":{"rendered":"https:\/\/www.paranapraia.com.br\/?p=50177"},"modified":"2023-06-15T11:46:41","modified_gmt":"2023-06-15T14:46:41","slug":"41o-paranaense-de-taekwondo-sera-realizado-em-pontal-do-parana-nos-dias-1-e-2-de-julho","status":"publish","type":"post","link":"https:\/\/www.paranapraia.com.br\/index.php\/2023\/06\/15\/41o-paranaense-de-taekwondo-sera-realizado-em-pontal-do-parana-nos-dias-1-e-2-de-julho\/","title":{"rendered":"41\u00ba Paranaense  de Taekwondo ser\u00e1 realizado em Pontal do Paran\u00e1 nos dias 1 e 2 de julho"},"content":{"rendered":"\n<p>Pontal do Paran\u00e1 sediar\u00e1 o 41\u00ba Campeonato Paranaense de Taekwondo, que \u00e9 uma seletiva para o Super Campeonato Brasileiro.<\/p>\n\n\n\n<p>O evento ser\u00e1 realizado pela Federa\u00e7\u00e3o Paranaense de Taekwondo, com organiza\u00e7\u00e3o das escolas municipais de Taekwondo de Pontal do Paran\u00e1 e apoiado pela Prefeitura de Pontal do Paran\u00e1 atrav\u00e9s da Secretaria de Esportes, Cultura, Lazer e Juventude.<\/p>\n\n\n\n<p>Est\u00e3o sendo esperados quase de mil atletas no evento, que vale pontos para o ranking brasileiro.<\/p>\n\n\n\n<p>ONDE E QUANDO?<\/p>\n\n\n\n<figure class=\"wp-block-image size-large\"><img loading=\"lazy\" decoding=\"async\" width=\"1024\" height=\"1024\" src=\"https:\/\/www.paranapraia.com.br\/wp-content\/uploads\/2023\/06\/FB_IMG_1686839979191-1024x1024.jpg\" alt=\"\" class=\"wp-image-50180\" srcset=\"https:\/\/www.paranapraia.com.br\/wp-content\/uploads\/2023\/06\/FB_IMG_1686839979191-1024x1024.jpg 1024w, https:\/\/www.paranapraia.com.br\/wp-content\/uploads\/2023\/06\/FB_IMG_1686839979191-300x300.jpg 300w, https:\/\/www.paranapraia.com.br\/wp-content\/uploads\/2023\/06\/FB_IMG_1686839979191-150x150.jpg 150w, https:\/\/www.paranapraia.com.br\/wp-content\/uploads\/2023\/06\/FB_IMG_1686839979191-768x768.jpg 768w, https:\/\/www.paranapraia.com.br\/wp-content\/uploads\/2023\/06\/FB_IMG_1686839979191-696x696.jpg 696w, https:\/\/www.paranapraia.com.br\/wp-content\/uploads\/2023\/06\/FB_IMG_1686839979191-1068x1068.jpg 1068w, https:\/\/www.paranapraia.com.br\/wp-content\/uploads\/2023\/06\/FB_IMG_1686839979191-420x420.jpg 420w, https:\/\/www.paranapraia.com.br\/wp-content\/uploads\/2023\/06\/FB_IMG_1686839979191.jpg 1080w\" sizes=\"(max-width: 1024px) 100vw, 1024px\" \/><\/figure>\n\n\n\n<p>Na Associa\u00e7\u00e3o Banestado \u2013 Av. Marginal, 1318 \u2013 Balne\u00e1rio Praia de Leste.<\/p>\n\n\n\n<p>Inscri\u00e7\u00f5es e informa\u00e7\u00f5es pelo site: www.paranatkd.com.br<\/p>\n\n\n\n<h1 class=\"wp-block-heading\">campeonatoparanaensedetaekwondo<\/h1>\n\n\n\n<h1 class=\"wp-block-heading\">prefeituradepontaldoparan\u00e1<\/h1>\n","protected":false},"excerpt":{"rendered":"<p>Pontal do Paran\u00e1 sediar\u00e1 o 41\u00ba Campeonato Paranaense de Taekwondo, que \u00e9 uma seletiva para o Super Campeonato Brasileiro. O evento ser\u00e1 realizado pela Federa\u00e7\u00e3o Paranaense de Taekwondo, com organiza\u00e7\u00e3o das escolas municipais de Taekwondo de Pontal do Paran\u00e1 e apoiado pela Prefeitura de Pontal do Paran\u00e1 atrav\u00e9s da Secretaria de Esportes, Cultura, Lazer e [&hellip;]<\/p>\n","protected":false},"author":2,"featured_media":50178,"comment_status":"open","ping_status":"open","sticky":false,"template":"","format":"standard","meta":{"advanced_seo_description":"","jetpack_seo_html_title":"","jetpack_seo_noindex":false,"_jetpack_memberships_contains_paid_content":false,"footnotes":""},"categories":[40],"tags":[],"class_list":{"0":"post-50177","1":"post","2":"type-post","3":"status-publish","4":"format-standard","5":"has-post-thumbnail","7":"category-destaques"},"jetpack_featured_media_url":"https:\/\/www.paranapraia.com.br\/wp-content\/uploads\/2023\/06\/20230615_114037_0000.png","jetpack_sharing_enabled":true,"_links":{"self":[{"href":"https:\/\/www.paranapraia.com.br\/index.php\/wp-json\/wp\/v2\/posts\/50177"}],"collection":[{"href":"https:\/\/www.paranapraia.com.br\/index.php\/wp-json\/wp\/v2\/posts"}],"about":[{"href":"https:\/\/www.paranapraia.com.br\/index.php\/wp-json\/wp\/v2\/types\/post"}],"author":[{"embeddable":true,"href":"https:\/\/www.paranapraia.com.br\/index.php\/wp-json\/wp\/v2\/users\/2"}],"replies":[{"embeddable":true,"href":"https:\/\/www.paranapraia.com.br\/index.php\/wp-json\/wp\/v2\/comments?post=50177"}],"version-history":[{"count":1,"href":"https:\/\/www.paranapraia.com.br\/index.php\/wp-json\/wp\/v2\/posts\/50177\/revisions"}],"predecessor-version":[{"id":50181,"href":"https:\/\/www.paranapraia.com.br\/index.php\/wp-json\/wp\/v2\/posts\/50177\/revisions\/50181"}],"wp:featuredmedia":[{"embeddable":true,"href":"https:\/\/www.paranapraia.com.br\/index.php\/wp-json\/wp\/v2\/media\/50178"}],"wp:attachment":[{"href":"https:\/\/www.paranapraia.com.br\/index.php\/wp-json\/wp\/v2\/media?parent=50177"}],"wp:term":[{"taxonomy":"category","embeddable":true,"href":"https:\/\/www.paranapraia.com.br\/index.php\/wp-json\/wp\/v2\/categories?post=50177"},{"taxonomy":"post_tag","embeddable":true,"href":"https:\/\/www.paranapraia.com.br\/index.php\/wp-json\/wp\/v2\/tags?post=50177"}],"curies":[{"name":"wp","href":"https:\/\/api.w.org\/{rel}","templated":true}]}}