{"id":50174,"date":"2023-06-15T11:36:41","date_gmt":"2023-06-15T14:36:41","guid":{"rendered":"https:\/\/www.paranapraia.com.br\/?p=50174"},"modified":"2023-06-15T11:36:42","modified_gmt":"2023-06-15T14:36:42","slug":"estado-reorganiza-atendimento-da-terceira-idade-e-destaca-papel-do-disque-idoso-e-das-denuncias","status":"publish","type":"post","link":"https:\/\/www.paranapraia.com.br\/index.php\/2023\/06\/15\/estado-reorganiza-atendimento-da-terceira-idade-e-destaca-papel-do-disque-idoso-e-das-denuncias\/","title":{"rendered":"Estado reorganiza atendimento da terceira idade e destaca papel do Disque Idoso e das den\u00fancias"},"content":{"rendered":"\n<p>O Governo do Estado mudou as pol\u00edticas para a pessoa idosa de local na administra\u00e7\u00e3o interna. Agora elas est\u00e3o na Secretaria de Mulher, Igualdade Racial e Pessoa Idosa. A altera\u00e7\u00e3o foi estabelecida pela Lei 21.505\/2023. <\/p>\n\n\n\n<p>Essa \u00e9 uma das marcas lembradas neste Dia Mundial de Conscientiza\u00e7\u00e3o da Viol\u00eancia Contra a Pessoa Idosa (15 de junho), data institu\u00edda pela Organiza\u00e7\u00e3o das Na\u00e7\u00f5es Unidas (ONU) e pela Rede Internacional de Preven\u00e7\u00e3o \u00e0 Viol\u00eancia \u00e0 Pessoa Idosa.Uma das pol\u00edticas mais relevantes do Estado nessa \u00e1rea \u00e9 o Disque Idoso Paran\u00e1. O servi\u00e7o funciona atrav\u00e9s do telefone 0800 141 00 01 e abrange os 399 munic\u00edpios. <\/p>\n\n\n\n<p>Ele est\u00e1 a disposi\u00e7\u00e3o da popula\u00e7\u00e3o para den\u00fancias e orienta\u00e7\u00f5es sobre os direitos das pessoas idosas.De acordo com a secret\u00e1ria estadual da Mulher, Igualdade Racial e Pessoa Idosa do Paran\u00e1, Leandre Dal Ponte, desde sua implementa\u00e7\u00e3o, em 1997, o Disque Idoso Paran\u00e1 tem sido um recurso valioso para a popula\u00e7\u00e3o paranaense, oferecendo orienta\u00e7\u00f5es, registro de den\u00fancias e encaminhamentos relacionados aos direitos da pessoa idosa.<\/p>\n\n\n\n<p>A secret\u00e1ria lembra que o principal objetivo \u00e9 proteger os direitos da pessoa idosa e combater a viol\u00eancia e o abuso. O servi\u00e7o est\u00e1 conectado a um banco de dados abrangente, fornecendo orienta\u00e7\u00f5es sobre direitos, informa\u00e7\u00f5es sobre servi\u00e7os p\u00fablicos e um canal para den\u00fancias. <\/p>\n\n\n\n<p>\u201cO atendimento \u00e9 confidencial e oferece um espa\u00e7o seguro para as pessoas idosas compartilharem suas preocupa\u00e7\u00f5es\u201d, refor\u00e7a.O Disque Idoso Paran\u00e1 est\u00e1 dispon\u00edvel de segunda a sexta-feira, das 08h30 \u00e0s 12h e das 13h \u00e0s 17h30.<\/p>\n\n\n\n<p> As pessoas podem entrar em contato por meio do n\u00famero gratuito ou enviar um e-mail para disqueidoso@semi.pr.gov.br. <\/p>\n\n\n\n<p>O servi\u00e7o que foi idealizado pelo Conselho Estadual dos Direitos do Idoso do Paran\u00e1 (CEDI-PR), que faz o acompanhamento, mensal, de todas as den\u00fancias, informa\u00e7\u00f5es, orienta\u00e7\u00f5es que est\u00e3o recebidas pelo canal.<\/p>\n\n\n\n<p>AEN<\/p>\n","protected":false},"excerpt":{"rendered":"<p>O Governo do Estado mudou as pol\u00edticas para a pessoa idosa de local na administra\u00e7\u00e3o interna. Agora elas est\u00e3o na Secretaria de Mulher, Igualdade Racial e Pessoa Idosa. A altera\u00e7\u00e3o foi estabelecida pela Lei 21.505\/2023. Essa \u00e9 uma das marcas lembradas neste Dia Mundial de Conscientiza\u00e7\u00e3o da Viol\u00eancia Contra a Pessoa Idosa (15 de junho), [&hellip;]<\/p>\n","protected":false},"author":2,"featured_media":50175,"comment_status":"open","ping_status":"open","sticky":false,"template":"","format":"standard","meta":{"advanced_seo_description":"","jetpack_seo_html_title":"","jetpack_seo_noindex":false,"_jetpack_memberships_contains_paid_content":false,"footnotes":""},"categories":[40],"tags":[],"class_list":{"0":"post-50174","1":"post","2":"type-post","3":"status-publish","4":"format-standard","5":"has-post-thumbnail","7":"category-destaques"},"jetpack_featured_media_url":"https:\/\/www.paranapraia.com.br\/wp-content\/uploads\/2023\/06\/20230615_113546_0000.png","jetpack_sharing_enabled":true,"_links":{"self":[{"href":"https:\/\/www.paranapraia.com.br\/index.php\/wp-json\/wp\/v2\/posts\/50174"}],"collection":[{"href":"https:\/\/www.paranapraia.com.br\/index.php\/wp-json\/wp\/v2\/posts"}],"about":[{"href":"https:\/\/www.paranapraia.com.br\/index.php\/wp-json\/wp\/v2\/types\/post"}],"author":[{"embeddable":true,"href":"https:\/\/www.paranapraia.com.br\/index.php\/wp-json\/wp\/v2\/users\/2"}],"replies":[{"embeddable":true,"href":"https:\/\/www.paranapraia.com.br\/index.php\/wp-json\/wp\/v2\/comments?post=50174"}],"version-history":[{"count":1,"href":"https:\/\/www.paranapraia.com.br\/index.php\/wp-json\/wp\/v2\/posts\/50174\/revisions"}],"predecessor-version":[{"id":50176,"href":"https:\/\/www.paranapraia.com.br\/index.php\/wp-json\/wp\/v2\/posts\/50174\/revisions\/50176"}],"wp:featuredmedia":[{"embeddable":true,"href":"https:\/\/www.paranapraia.com.br\/index.php\/wp-json\/wp\/v2\/media\/50175"}],"wp:attachment":[{"href":"https:\/\/www.paranapraia.com.br\/index.php\/wp-json\/wp\/v2\/media?parent=50174"}],"wp:term":[{"taxonomy":"category","embeddable":true,"href":"https:\/\/www.paranapraia.com.br\/index.php\/wp-json\/wp\/v2\/categories?post=50174"},{"taxonomy":"post_tag","embeddable":true,"href":"https:\/\/www.paranapraia.com.br\/index.php\/wp-json\/wp\/v2\/tags?post=50174"}],"curies":[{"name":"wp","href":"https:\/\/api.w.org\/{rel}","templated":true}]}}