{"id":50167,"date":"2023-06-15T10:12:49","date_gmt":"2023-06-15T13:12:49","guid":{"rendered":"https:\/\/www.paranapraia.com.br\/?p=50167"},"modified":"2023-06-15T10:12:49","modified_gmt":"2023-06-15T13:12:49","slug":"alimentacao-100-organica-nas-escolas-avanca-no-parana-tecnicos-discutem-novos-desafios","status":"publish","type":"post","link":"https:\/\/www.paranapraia.com.br\/index.php\/2023\/06\/15\/alimentacao-100-organica-nas-escolas-avanca-no-parana-tecnicos-discutem-novos-desafios\/","title":{"rendered":"Alimenta\u00e7\u00e3o 100% org\u00e2nica nas escolas avan\u00e7a no Paran\u00e1; t\u00e9cnicos discutem novos desafios"},"content":{"rendered":"\n<p>T\u00e9cnicos, gestores e servidores p\u00fablicos estaduais debateram nesta quarta-feira (14) \u201cO desafio da merenda escolar 100% org\u00e2nica no Paran\u00e1 em 2030\u201d. A mesa-redonda fez parte da programa\u00e7\u00e3o do segundo dia do Encontro Estadual do Programa Paran\u00e1 Mais Org\u00e2nico (PMO), que acontece no Instituto de Tecnologia do Paran\u00e1 (Tecpar), em Curitiba.<\/p>\n\n\n\n<p>A alimenta\u00e7\u00e3o escolar org\u00e2nica foi institu\u00edda no sistema estadual de ensino em 2020, por meio de um decreto do Governo do Estado. O objetivo \u00e9 incluir alimentos org\u00e2nicos gradualmente na alimenta\u00e7\u00e3o dos alunos das escolas estaduais para que as refei\u00e7\u00f5es sejam totalmente org\u00e2nicas at\u00e9 2030. <\/p>\n\n\n\n<p>Parte desta produ\u00e7\u00e3o vir\u00e1 da agricultura familiar.Segundo o gerente do Tecpar Certifica\u00e7\u00e3o, F\u00e1bio Corrales, uma das estrat\u00e9gias para que a meta da alimenta\u00e7\u00e3o escolar 100% org\u00e2nica seja alcan\u00e7ada \u00e9 ampliar o n\u00famero de agricultores familiares que t\u00eam suas propriedades certificadas para a produ\u00e7\u00e3o de org\u00e2nicos.<\/p>\n\n\n\n<p>\u201cTer a certifica\u00e7\u00e3o org\u00e2nica \u00e9 um requisito fundamental para que os agricultores familiares possam vender sua produ\u00e7\u00e3o ao Governo do Estado, para ser destinada \u00e0 alimenta\u00e7\u00e3o escolar. Al\u00e9m disso, a compra de alimentos da agricultura familiar contribui para o fortalecimento da economia local e para a valoriza\u00e7\u00e3o dos produtores rurais\u201d, afirma.<\/p>\n\n\n\n<p>Corrales lembra que o Tecpar participou ativamente da elabora\u00e7\u00e3o da lei e decreto da merenda org\u00e2nica. Agora, o Tecpar trabalha ao lado do PMO para que agricultores familiares de todo o Estado possam ter sua produ\u00e7\u00e3o org\u00e2nica certificada.<\/p>\n\n\n\n<p>Sob a media\u00e7\u00e3o do professor doutor da Universidade Estadual de Londrina (UEL), Maur\u00edcio Ursi Ventura, as apresenta\u00e7\u00f5es foram realizadas pelo engenheiro agr\u00f4nomo e coordenador estadual do Programa Agroecologia do Instituto de Desenvolvimento Rural do Paran\u00e1 (IDR-PR), Andr\u00e9 Luis Miguel; e pela nutricionista do Instituto Paranaense de Desenvolvimento Educacional (Fundepar) e respons\u00e1vel t\u00e9cnica do Programa Nacional de Alimenta\u00e7\u00e3o Escolar (PNAE) no Paran\u00e1, Andr\u00e9a Bruginski.<\/p>\n\n\n\n<p>Miguel apresentou alguns diagn\u00f3sticos levantados pelo comit\u00ea que monitora a implanta\u00e7\u00e3o de alimentos org\u00e2nicos do PNAE no Paran\u00e1. O trabalho foi desenvolvido junto \u00e0s cooperativas e associa\u00e7\u00f5es que entregam alimentos para o PNAE, a fim de entender quais as dificuldades elas est\u00e3o encontrando em avan\u00e7ar na produ\u00e7\u00e3o org\u00e2nica.\u201cUm dos principais temas levantados \u00e9 a quest\u00e3o da certifica\u00e7\u00e3o, ent\u00e3o este encontro do PMO permite que possamos encaminhar a\u00e7\u00f5es para ajudar organiza\u00e7\u00f5es da agricultura familiar neste sentido, e certificar um n\u00famero maior de agricultores para entregar alimentos aos programas institucionais, especialmente para a alimenta\u00e7\u00e3o escolar aqui do Paran\u00e1\u201d, disse.<\/p>\n\n\n\n<p>Ele tamb\u00e9m apresentou os dados da situa\u00e7\u00e3o, a partir da vis\u00e3o das organiza\u00e7\u00f5es rurais, e falou sobre alguns trabalhos que o IDR-PR tem conduzido, muitos deles integrados com PMO junto a estas organiza\u00e7\u00f5es, para atender ao mercado do PNAE org\u00e2nico.<\/p>\n\n\n\n<p>AEN<\/p>\n","protected":false},"excerpt":{"rendered":"<p>T\u00e9cnicos, gestores e servidores p\u00fablicos estaduais debateram nesta quarta-feira (14) \u201cO desafio da merenda escolar 100% org\u00e2nica no Paran\u00e1 em 2030\u201d. A mesa-redonda fez parte da programa\u00e7\u00e3o do segundo dia do Encontro Estadual do Programa Paran\u00e1 Mais Org\u00e2nico (PMO), que acontece no Instituto de Tecnologia do Paran\u00e1 (Tecpar), em Curitiba. A alimenta\u00e7\u00e3o escolar org\u00e2nica foi [&hellip;]<\/p>\n","protected":false},"author":2,"featured_media":50168,"comment_status":"open","ping_status":"open","sticky":false,"template":"","format":"standard","meta":{"advanced_seo_description":"","jetpack_seo_html_title":"","jetpack_seo_noindex":false,"_jetpack_memberships_contains_paid_content":false,"footnotes":""},"categories":[40],"tags":[],"class_list":{"0":"post-50167","1":"post","2":"type-post","3":"status-publish","4":"format-standard","5":"has-post-thumbnail","7":"category-destaques"},"jetpack_featured_media_url":"https:\/\/www.paranapraia.com.br\/wp-content\/uploads\/2023\/06\/20230615_101133_0000.png","jetpack_sharing_enabled":true,"_links":{"self":[{"href":"https:\/\/www.paranapraia.com.br\/index.php\/wp-json\/wp\/v2\/posts\/50167"}],"collection":[{"href":"https:\/\/www.paranapraia.com.br\/index.php\/wp-json\/wp\/v2\/posts"}],"about":[{"href":"https:\/\/www.paranapraia.com.br\/index.php\/wp-json\/wp\/v2\/types\/post"}],"author":[{"embeddable":true,"href":"https:\/\/www.paranapraia.com.br\/index.php\/wp-json\/wp\/v2\/users\/2"}],"replies":[{"embeddable":true,"href":"https:\/\/www.paranapraia.com.br\/index.php\/wp-json\/wp\/v2\/comments?post=50167"}],"version-history":[{"count":1,"href":"https:\/\/www.paranapraia.com.br\/index.php\/wp-json\/wp\/v2\/posts\/50167\/revisions"}],"predecessor-version":[{"id":50169,"href":"https:\/\/www.paranapraia.com.br\/index.php\/wp-json\/wp\/v2\/posts\/50167\/revisions\/50169"}],"wp:featuredmedia":[{"embeddable":true,"href":"https:\/\/www.paranapraia.com.br\/index.php\/wp-json\/wp\/v2\/media\/50168"}],"wp:attachment":[{"href":"https:\/\/www.paranapraia.com.br\/index.php\/wp-json\/wp\/v2\/media?parent=50167"}],"wp:term":[{"taxonomy":"category","embeddable":true,"href":"https:\/\/www.paranapraia.com.br\/index.php\/wp-json\/wp\/v2\/categories?post=50167"},{"taxonomy":"post_tag","embeddable":true,"href":"https:\/\/www.paranapraia.com.br\/index.php\/wp-json\/wp\/v2\/tags?post=50167"}],"curies":[{"name":"wp","href":"https:\/\/api.w.org\/{rel}","templated":true}]}}