{"id":50147,"date":"2023-06-14T15:14:34","date_gmt":"2023-06-14T18:14:34","guid":{"rendered":"https:\/\/www.paranapraia.com.br\/?p=50147"},"modified":"2023-06-14T15:14:34","modified_gmt":"2023-06-14T18:14:34","slug":"profissionais-aprovados-pelo-mais-medicos-vao-passar-por-acolhimento-no-parana","status":"publish","type":"post","link":"https:\/\/www.paranapraia.com.br\/index.php\/2023\/06\/14\/profissionais-aprovados-pelo-mais-medicos-vao-passar-por-acolhimento-no-parana\/","title":{"rendered":"Profissionais aprovados pelo Mais M\u00e9dicos v\u00e3o passar por acolhimento no Paran\u00e1"},"content":{"rendered":"\n<p>A Secretaria de Estado da Sa\u00fade, em parceria com o Conselho das Secretarias Municipais de Sa\u00fade (Cosems), est\u00e1 organizando um acolhimento para os profissionais inscritos no programa Mais M\u00e9dicos no Paran\u00e1. Eles devem come\u00e7ar a se apresentar nos munic\u00edpios a partir de sexta-feira (16), depois da divulga\u00e7\u00e3o do resultado oficial, que est\u00e1 marcada para quinta-feira (15) \u2013 o\u00a0<a rel=\"noreferrer noopener\" href=\"https:\/\/www.gov.br\/saude\/pt-br\/assuntos\/noticias\/2023\/junho\/ministerio-da-saude-divulga-resultado-preliminar-dos-selecionados-ao-mais-medicos\" target=\"_blank\">resultado preliminar<\/a>\u00a0j\u00e1 est\u00e1 dispon\u00edvel no site do Minist\u00e9rio da Sa\u00fade.<\/p>\n\n\n\n<p>O objetivo do acolhimento \u00e9 recepcionar os profissionais e instruir sobre as diretrizes do programa, as demandas e o processo de trabalho das Equipes de Sa\u00fade da Fam\u00edlia conforme as normativas e Linhas de Cuidados Priorit\u00e1rias da Sa\u00fade do Estado. Ao todo, ser\u00e3o 327 profissionais trabalhando em 148 munic\u00edpios.<\/p>\n\n\n\n<p>Al\u00e9m desses, participar\u00e3o tamb\u00e9m desse processo de acolhimento os profissionais que j\u00e1 atuam nos munic\u00edpios pelos ciclos anteriores do Mais M\u00e9dicos e os m\u00e9dicos que tiveram seus contratos renovados pelo programa, totalizando 538 profissionais.<\/p>\n\n\n\n<p>\u201cQueremos acompanhar esse trabalho da maneira mais pr\u00f3xima poss\u00edvel para orientar esses novos profissionais e garantir que a assist\u00eancia prestada por eles atenda o padr\u00e3o de atendimento do Estado e fortale\u00e7a o Sistema \u00danico de Sa\u00fade\u201d, disse o secret\u00e1rio de Estado da Sa\u00fade, Beto Preto.<\/p>\n\n\n\n<p>A a\u00e7\u00e3o est\u00e1 sendo organizada pela Divis\u00e3o de Sa\u00fade da Fam\u00edlia e Comiss\u00e3o Estadual do Mais M\u00e9dicos no Paran\u00e1, ligada \u00e0 Diretoria de Aten\u00e7\u00e3o \u00e0 Sa\u00fade da Sesa em parceria com o Cosems. Atualmente o Paran\u00e1 conta com 681 profissionais vinculados a alguma iniciativa do governo federal, sendo 427 m\u00e9dicos do Programa Mais M\u00e9dicos e 254 do Programa M\u00e9dicos pelo Brasil.<\/p>\n\n\n\n<p>AEN<\/p>\n","protected":false},"excerpt":{"rendered":"<p>A Secretaria de Estado da Sa\u00fade, em parceria com o Conselho das Secretarias Municipais de Sa\u00fade (Cosems), est\u00e1 organizando um acolhimento para os profissionais inscritos no programa Mais M\u00e9dicos no Paran\u00e1. Eles devem come\u00e7ar a se apresentar nos munic\u00edpios a partir de sexta-feira (16), depois da divulga\u00e7\u00e3o do resultado oficial, que est\u00e1 marcada para quinta-feira [&hellip;]<\/p>\n","protected":false},"author":2,"featured_media":50148,"comment_status":"open","ping_status":"open","sticky":false,"template":"","format":"standard","meta":{"advanced_seo_description":"","jetpack_seo_html_title":"","jetpack_seo_noindex":false,"_jetpack_memberships_contains_paid_content":false,"footnotes":""},"categories":[50],"tags":[],"class_list":{"0":"post-50147","1":"post","2":"type-post","3":"status-publish","4":"format-standard","5":"has-post-thumbnail","7":"category-saude"},"jetpack_featured_media_url":"https:\/\/www.paranapraia.com.br\/wp-content\/uploads\/2023\/06\/hospital_trabalhador_0106-scaled.jpg","jetpack_sharing_enabled":true,"_links":{"self":[{"href":"https:\/\/www.paranapraia.com.br\/index.php\/wp-json\/wp\/v2\/posts\/50147"}],"collection":[{"href":"https:\/\/www.paranapraia.com.br\/index.php\/wp-json\/wp\/v2\/posts"}],"about":[{"href":"https:\/\/www.paranapraia.com.br\/index.php\/wp-json\/wp\/v2\/types\/post"}],"author":[{"embeddable":true,"href":"https:\/\/www.paranapraia.com.br\/index.php\/wp-json\/wp\/v2\/users\/2"}],"replies":[{"embeddable":true,"href":"https:\/\/www.paranapraia.com.br\/index.php\/wp-json\/wp\/v2\/comments?post=50147"}],"version-history":[{"count":1,"href":"https:\/\/www.paranapraia.com.br\/index.php\/wp-json\/wp\/v2\/posts\/50147\/revisions"}],"predecessor-version":[{"id":50149,"href":"https:\/\/www.paranapraia.com.br\/index.php\/wp-json\/wp\/v2\/posts\/50147\/revisions\/50149"}],"wp:featuredmedia":[{"embeddable":true,"href":"https:\/\/www.paranapraia.com.br\/index.php\/wp-json\/wp\/v2\/media\/50148"}],"wp:attachment":[{"href":"https:\/\/www.paranapraia.com.br\/index.php\/wp-json\/wp\/v2\/media?parent=50147"}],"wp:term":[{"taxonomy":"category","embeddable":true,"href":"https:\/\/www.paranapraia.com.br\/index.php\/wp-json\/wp\/v2\/categories?post=50147"},{"taxonomy":"post_tag","embeddable":true,"href":"https:\/\/www.paranapraia.com.br\/index.php\/wp-json\/wp\/v2\/tags?post=50147"}],"curies":[{"name":"wp","href":"https:\/\/api.w.org\/{rel}","templated":true}]}}