{"id":50034,"date":"2023-06-12T20:50:53","date_gmt":"2023-06-12T23:50:53","guid":{"rendered":"https:\/\/www.paranapraia.com.br\/?p=50034"},"modified":"2023-06-12T20:50:53","modified_gmt":"2023-06-12T23:50:53","slug":"inscricoes-para-o-vestibular-uel-2024-comecam-em-24-de-julho","status":"publish","type":"post","link":"https:\/\/www.paranapraia.com.br\/index.php\/2023\/06\/12\/inscricoes-para-o-vestibular-uel-2024-comecam-em-24-de-julho\/","title":{"rendered":"Inscri\u00e7\u00f5es para o Vestibular UEL 2024 come\u00e7am em 24 de julho"},"content":{"rendered":"\n<p>A Universidade Estadual de Londrina (UEL), por meio da Coordenadoria de Processos Seletivos (Cops), disponibilizou a resolu\u00e7\u00e3o contendo as normas para o seu pr\u00f3ximo vestibular, o segundo processo seletivo deste ano referente ao ingresso de estudantes nos cursos de gradua\u00e7\u00e3o em 2024. As inscri\u00e7\u00f5es para o Vestibular 2024 t\u00eam in\u00edcio no dia 24 de julho e permanecem abertas at\u00e9 o dia 5 de setembro. <\/p>\n\n\n\n<p>Neste momento, os candidatos poder\u00e3o escolher se participam do processo seletivo como concorrentes \u00e0s vagas ou treineiros. O pre\u00e7o da inscri\u00e7\u00e3o ser\u00e1 de R$ 176,00.Em decorr\u00eancia dos atrasos provocados pela pandemia da Covid-19, a UEL e outras institui\u00e7\u00f5es de ensino superior do Pa\u00eds atravessam um per\u00edodo de adapta\u00e7\u00e3o dos seus calend\u00e1rios acad\u00eamicos, ainda em descompasso em rela\u00e7\u00e3o ao ano civil. As regras para o Vestibular UEL 2024 podem ser conferidas na Resolu\u00e7\u00e3o Cepe 36\/2023, aprovada pelo Conselho de Ensino, Pesquisa e Extens\u00e3o (Cepe). <\/p>\n\n\n\n<p>S\u00e3o 2.451 vagas, entre sistema universal, reserva para pessoas com defici\u00eancia e cotas para negros e estudantes de institui\u00e7\u00f5es p\u00fablicas.As provas ser\u00e3o aplicadas nos dias 29 de outubro (1\u00aa fase) e 26, 27 e 28 de novembro (2\u00aa fase) de 2023. Antes, no dia 24 de setembro, a UEL aplica a sua Prova de Habilidades Espec\u00edficas (PHE) destinada exclusivamente aos candidatos ao curso de M\u00fasica. Assim como na edi\u00e7\u00e3o 2023, as provas da 1\u00aa fase v\u00e3o ser aplicadas em Londrina e em outros quatro munic\u00edpios do Paran\u00e1 (Curitiba, Cascavel, Guarapuava e Umuarama).<\/p>\n\n\n\n<p>A 1\u00aa fase \u00e9 destinada \u00e0 aplica\u00e7\u00e3o da Prova de Conhecimentos Gerais, que cont\u00e9m 60 quest\u00f5es de Artes, Biologia, Filosofia, F\u00edsica, Geografia, Hist\u00f3ria, Matem\u00e1tica, Qu\u00edmica e Sociologia. J\u00e1 a 2\u00aa fase do processo seletivo tem in\u00edcio no dia 26 de novembro com as provas de L\u00edngua Portuguesa e Literatura em L\u00edngua Portuguesa, L\u00edngua Estrangeira e Reda\u00e7\u00e3o.No dia 27 de novembro, os candidatos realizam a Prova Discursiva de Conhecimentos Espec\u00edficos, e, no dia 28, ser\u00e1 aplicada a Prova de Habilidades Espec\u00edficas para os candidatos aos cursos de Arquitetura e Urbanismo, Artes Visuais, Design de Moda e Design Gr\u00e1fico.<\/p>\n\n\n\n<p>Para o Vestibular 2024, a identidade visual escolhida foi a do pica-pau benedito-de-testa-amarela. A escolha ocorreu por meio de um desafio proposto a estudantes de Design Gr\u00e1fico, pela Coordenadoria de Processos Seletivos (Cops), em abril.<\/p>\n\n\n\n<p>ISEN\u00c7\u00d5ES E DESCONTOS \u2013 Os candidatos podem solicitar isen\u00e7\u00e3o da inscri\u00e7\u00e3o por meio de duas modalidades: pelo NIS, do Cadastro \u00danico (Cad\u00fanico), e pelo processo de an\u00e1lise socioecon\u00f4mica do Servi\u00e7o de Bem-Estar \u00e0 Comunidade (Sebec).<\/p>\n\n\n\n<p>AEN<\/p>\n","protected":false},"excerpt":{"rendered":"<p>A Universidade Estadual de Londrina (UEL), por meio da Coordenadoria de Processos Seletivos (Cops), disponibilizou a resolu\u00e7\u00e3o contendo as normas para o seu pr\u00f3ximo vestibular, o segundo processo seletivo deste ano referente ao ingresso de estudantes nos cursos de gradua\u00e7\u00e3o em 2024. As inscri\u00e7\u00f5es para o Vestibular 2024 t\u00eam in\u00edcio no dia 24 de julho [&hellip;]<\/p>\n","protected":false},"author":2,"featured_media":50035,"comment_status":"open","ping_status":"open","sticky":false,"template":"","format":"standard","meta":{"advanced_seo_description":"","jetpack_seo_html_title":"","jetpack_seo_noindex":false,"_jetpack_memberships_contains_paid_content":false,"footnotes":""},"categories":[72],"tags":[],"class_list":{"0":"post-50034","1":"post","2":"type-post","3":"status-publish","4":"format-standard","5":"has-post-thumbnail","7":"category-educacao"},"jetpack_featured_media_url":"https:\/\/www.paranapraia.com.br\/wp-content\/uploads\/2023\/06\/uel.jpg","jetpack_sharing_enabled":true,"_links":{"self":[{"href":"https:\/\/www.paranapraia.com.br\/index.php\/wp-json\/wp\/v2\/posts\/50034"}],"collection":[{"href":"https:\/\/www.paranapraia.com.br\/index.php\/wp-json\/wp\/v2\/posts"}],"about":[{"href":"https:\/\/www.paranapraia.com.br\/index.php\/wp-json\/wp\/v2\/types\/post"}],"author":[{"embeddable":true,"href":"https:\/\/www.paranapraia.com.br\/index.php\/wp-json\/wp\/v2\/users\/2"}],"replies":[{"embeddable":true,"href":"https:\/\/www.paranapraia.com.br\/index.php\/wp-json\/wp\/v2\/comments?post=50034"}],"version-history":[{"count":1,"href":"https:\/\/www.paranapraia.com.br\/index.php\/wp-json\/wp\/v2\/posts\/50034\/revisions"}],"predecessor-version":[{"id":50036,"href":"https:\/\/www.paranapraia.com.br\/index.php\/wp-json\/wp\/v2\/posts\/50034\/revisions\/50036"}],"wp:featuredmedia":[{"embeddable":true,"href":"https:\/\/www.paranapraia.com.br\/index.php\/wp-json\/wp\/v2\/media\/50035"}],"wp:attachment":[{"href":"https:\/\/www.paranapraia.com.br\/index.php\/wp-json\/wp\/v2\/media?parent=50034"}],"wp:term":[{"taxonomy":"category","embeddable":true,"href":"https:\/\/www.paranapraia.com.br\/index.php\/wp-json\/wp\/v2\/categories?post=50034"},{"taxonomy":"post_tag","embeddable":true,"href":"https:\/\/www.paranapraia.com.br\/index.php\/wp-json\/wp\/v2\/tags?post=50034"}],"curies":[{"name":"wp","href":"https:\/\/api.w.org\/{rel}","templated":true}]}}