{"id":50031,"date":"2023-06-12T18:35:19","date_gmt":"2023-06-12T21:35:19","guid":{"rendered":"https:\/\/www.paranapraia.com.br\/?p=50031"},"modified":"2023-06-12T18:35:20","modified_gmt":"2023-06-12T21:35:20","slug":"escola-da-saude-promove-curso-de-capacitacao-de-cuidador-de-idosos-inscricoes-sao-gratuitas","status":"publish","type":"post","link":"https:\/\/www.paranapraia.com.br\/index.php\/2023\/06\/12\/escola-da-saude-promove-curso-de-capacitacao-de-cuidador-de-idosos-inscricoes-sao-gratuitas\/","title":{"rendered":"Escola da Sa\u00fade promove curso de capacita\u00e7\u00e3o de cuidador de idosos; inscri\u00e7\u00f5es s\u00e3o gratuitas"},"content":{"rendered":"\n<p>A Escola de Sa\u00fade P\u00fablica do Paran\u00e1 (ESPP) e o Centro Formador de Recursos Humanos Caetano Munhoz da Rocha (CFRH), vinculados \u00e0 Secretaria de Estado da Sa\u00fade (Sesa), est\u00e3o com as inscri\u00e7\u00f5es abertas para o Curso de Forma\u00e7\u00e3o Inicial em Cuidador de Idoso. O objetivo \u00e9 qualificar o cuidado da pessoa idosa. <\/p>\n\n\n\n<p>As inscri\u00e7\u00f5es s\u00e3o gratuitas e podem ser realizadas pela internet, no site da ESPP, at\u00e9 o dia 30 de junho.O curso ser\u00e1 na modalidade presencial e direcionado aos profissionais das Institui\u00e7\u00f5es de Longa Perman\u00eancia para Idosos (ILPI), cuidadores informais e familiares, auxiliares e t\u00e9cnicos de enfermagem, al\u00e9m dos trabalhadores dos servi\u00e7os do Sistema \u00danico de Sa\u00fade (SUS) e servi\u00e7os privados. <\/p>\n\n\n\n<p>S\u00e3o 200 vagas dispon\u00edveis, com carga hor\u00e1ria de 160 horas te\u00f3ricas (noturnas) e 20 horas pr\u00e1ticas, em cinco diferentes localidades do Estado.<\/p>\n\n\n\n<p>O curso de forma\u00e7\u00e3o inicial ser\u00e1 realizado nas regi\u00f5es Noroeste (Paranava\u00ed), Sudoeste (Bom Jesus do Sul), Oeste (Missal), Centro-Sul (Irati) e no Litoral do Estado (Paranagu\u00e1). Em cada um dos munic\u00edpios ser\u00e3o ofertadas 40 vagas. As aulas est\u00e3o previstas para iniciar em agosto, e acontecer\u00e3o de segunda a sexta, das 19h \u00e0s 22h45. <\/p>\n\n\n\n<p>O hor\u00e1rio das aulas pr\u00e1ticas poder\u00e1 ser diurno ou noturno, de acordo com a disponibilidade do local a ser realizado.O resultado preliminar das inscri\u00e7\u00f5es estar\u00e1 dispon\u00edvel no site da ESPP a partir do dia 12\/07\/2023, ap\u00f3s \u00e0s 17 horas.<\/p>\n\n\n\n<p>AEN<\/p>\n","protected":false},"excerpt":{"rendered":"<p>A Escola de Sa\u00fade P\u00fablica do Paran\u00e1 (ESPP) e o Centro Formador de Recursos Humanos Caetano Munhoz da Rocha (CFRH), vinculados \u00e0 Secretaria de Estado da Sa\u00fade (Sesa), est\u00e3o com as inscri\u00e7\u00f5es abertas para o Curso de Forma\u00e7\u00e3o Inicial em Cuidador de Idoso. O objetivo \u00e9 qualificar o cuidado da pessoa idosa. As inscri\u00e7\u00f5es s\u00e3o [&hellip;]<\/p>\n","protected":false},"author":2,"featured_media":50032,"comment_status":"open","ping_status":"open","sticky":false,"template":"","format":"standard","meta":{"advanced_seo_description":"","jetpack_seo_html_title":"","jetpack_seo_noindex":false,"_jetpack_memberships_contains_paid_content":false,"footnotes":""},"categories":[50],"tags":[],"class_list":{"0":"post-50031","1":"post","2":"type-post","3":"status-publish","4":"format-standard","5":"has-post-thumbnail","7":"category-saude"},"jetpack_featured_media_url":"https:\/\/www.paranapraia.com.br\/wp-content\/uploads\/2023\/06\/20230612_183442_0000.png","jetpack_sharing_enabled":true,"_links":{"self":[{"href":"https:\/\/www.paranapraia.com.br\/index.php\/wp-json\/wp\/v2\/posts\/50031"}],"collection":[{"href":"https:\/\/www.paranapraia.com.br\/index.php\/wp-json\/wp\/v2\/posts"}],"about":[{"href":"https:\/\/www.paranapraia.com.br\/index.php\/wp-json\/wp\/v2\/types\/post"}],"author":[{"embeddable":true,"href":"https:\/\/www.paranapraia.com.br\/index.php\/wp-json\/wp\/v2\/users\/2"}],"replies":[{"embeddable":true,"href":"https:\/\/www.paranapraia.com.br\/index.php\/wp-json\/wp\/v2\/comments?post=50031"}],"version-history":[{"count":1,"href":"https:\/\/www.paranapraia.com.br\/index.php\/wp-json\/wp\/v2\/posts\/50031\/revisions"}],"predecessor-version":[{"id":50033,"href":"https:\/\/www.paranapraia.com.br\/index.php\/wp-json\/wp\/v2\/posts\/50031\/revisions\/50033"}],"wp:featuredmedia":[{"embeddable":true,"href":"https:\/\/www.paranapraia.com.br\/index.php\/wp-json\/wp\/v2\/media\/50032"}],"wp:attachment":[{"href":"https:\/\/www.paranapraia.com.br\/index.php\/wp-json\/wp\/v2\/media?parent=50031"}],"wp:term":[{"taxonomy":"category","embeddable":true,"href":"https:\/\/www.paranapraia.com.br\/index.php\/wp-json\/wp\/v2\/categories?post=50031"},{"taxonomy":"post_tag","embeddable":true,"href":"https:\/\/www.paranapraia.com.br\/index.php\/wp-json\/wp\/v2\/tags?post=50031"}],"curies":[{"name":"wp","href":"https:\/\/api.w.org\/{rel}","templated":true}]}}