{"id":50028,"date":"2023-06-12T18:16:37","date_gmt":"2023-06-12T21:16:37","guid":{"rendered":"https:\/\/www.paranapraia.com.br\/?p=50028"},"modified":"2023-06-12T18:16:38","modified_gmt":"2023-06-12T21:16:38","slug":"iat-autoriza-obras-de-restauracao-na-fortaleza-de-nossa-senhora-dos-prazeres-na-ilha-do-mel","status":"publish","type":"post","link":"https:\/\/www.paranapraia.com.br\/index.php\/2023\/06\/12\/iat-autoriza-obras-de-restauracao-na-fortaleza-de-nossa-senhora-dos-prazeres-na-ilha-do-mel\/","title":{"rendered":"IAT autoriza obras de restaura\u00e7\u00e3o na Fortaleza de Nossa Senhora dos Prazeres, na Ilha do Mel"},"content":{"rendered":"\n<p>O Instituto \u00c1gua e Terra (IAT), por meio do Escrit\u00f3rio Regional de Paranagu\u00e1, concedeu nesta segunda-feira (12) a Autoriza\u00e7\u00e3o Ambiental (AA) que permite o in\u00edcio das obras de reforma e conserva\u00e7\u00e3o da Fortaleza de Nossa Senhora dos Prazeres, na Ilha do Mel, no Litoral. <\/p>\n\n\n\n<p>O documento foi encaminhado para o Instituto do Patrim\u00f4nio Hist\u00f3rico e Art\u00edstico Nacional (IPHAN), respons\u00e1vel pela manuten\u00e7\u00e3o do complexo. Ainda n\u00e3o h\u00e1 previs\u00e3o para o in\u00edcio da interven\u00e7\u00e3o, nem o custo da obra.O local \u00e9 um dos principais pontos hist\u00f3ricos e tur\u00edsticos do Litoral do Paran\u00e1. A edifica\u00e7\u00e3o come\u00e7ou a ser constru\u00edda em 1766 por escravizados para proteger as minas de ouro descobertas em Paranagu\u00e1 em 1646 pelos portugueses. <\/p>\n\n\n\n<p>A muralha de pedra conta com 10 metros de altura, voltada para o leste da Ilha, e atualmente \u00e9 aberta para visita\u00e7\u00e3o, com exposi\u00e7\u00f5es, encontros de capoeira e pr\u00e1ticas relativas \u00e0s religi\u00f5es de matriz africana. \u00c9 tamb\u00e9m um polo para produ\u00e7\u00e3o de pesquisas e conta com uma biblioteca.<\/p>\n\n\n\n<p>A conserva\u00e7\u00e3o da Fortaleza de Nossa Senhora dos Prazeres visa a recupera\u00e7\u00e3o de \u00e1reas degradadas, recomposi\u00e7\u00e3o com esp\u00e9cies nativas da flora com foco em pesquisas cient\u00edficas e na dissemina\u00e7\u00e3o da educa\u00e7\u00e3o ambiental, entre outras atividades pelo IPHAN.<\/p>\n\n\n\n<p>De acordo com a Autoriza\u00e7\u00e3o Ambiental, as obras para a conserva\u00e7\u00e3o da Fortaleza devem seguir a legisla\u00e7\u00e3o ambiental do Estado, como a destina\u00e7\u00e3o final correta dos res\u00edduos de constru\u00e7\u00e3o civil. Em caso de n\u00e3o conformidade, o documento poder\u00e1 ser suspenso ou cancelado. <\/p>\n\n\n\n<p>O mesmo vale para ocorr\u00eancia de viola\u00e7\u00e3o ou inadequa\u00e7\u00e3o de quaisquer condicionantes ou normas legais, omiss\u00e3o ou falsa descri\u00e7\u00e3o de informa\u00e7\u00f5es, bem como colocar a popula\u00e7\u00e3o, fauna e bioma em riscos. A libera\u00e7\u00e3o \u00e9 v\u00e1lida por dois anos.<\/p>\n\n\n\n<p>AEN<\/p>\n","protected":false},"excerpt":{"rendered":"<p>O Instituto \u00c1gua e Terra (IAT), por meio do Escrit\u00f3rio Regional de Paranagu\u00e1, concedeu nesta segunda-feira (12) a Autoriza\u00e7\u00e3o Ambiental (AA) que permite o in\u00edcio das obras de reforma e conserva\u00e7\u00e3o da Fortaleza de Nossa Senhora dos Prazeres, na Ilha do Mel, no Litoral. O documento foi encaminhado para o Instituto do Patrim\u00f4nio Hist\u00f3rico e [&hellip;]<\/p>\n","protected":false},"author":2,"featured_media":50029,"comment_status":"open","ping_status":"open","sticky":false,"template":"","format":"standard","meta":{"advanced_seo_description":"","jetpack_seo_html_title":"","jetpack_seo_noindex":false,"_jetpack_memberships_contains_paid_content":false,"footnotes":""},"categories":[40],"tags":[],"class_list":{"0":"post-50028","1":"post","2":"type-post","3":"status-publish","4":"format-standard","5":"has-post-thumbnail","7":"category-destaques"},"jetpack_featured_media_url":"https:\/\/www.paranapraia.com.br\/wp-content\/uploads\/2023\/06\/ilha_do_mel_034_0.jpg","jetpack_sharing_enabled":true,"_links":{"self":[{"href":"https:\/\/www.paranapraia.com.br\/index.php\/wp-json\/wp\/v2\/posts\/50028"}],"collection":[{"href":"https:\/\/www.paranapraia.com.br\/index.php\/wp-json\/wp\/v2\/posts"}],"about":[{"href":"https:\/\/www.paranapraia.com.br\/index.php\/wp-json\/wp\/v2\/types\/post"}],"author":[{"embeddable":true,"href":"https:\/\/www.paranapraia.com.br\/index.php\/wp-json\/wp\/v2\/users\/2"}],"replies":[{"embeddable":true,"href":"https:\/\/www.paranapraia.com.br\/index.php\/wp-json\/wp\/v2\/comments?post=50028"}],"version-history":[{"count":1,"href":"https:\/\/www.paranapraia.com.br\/index.php\/wp-json\/wp\/v2\/posts\/50028\/revisions"}],"predecessor-version":[{"id":50030,"href":"https:\/\/www.paranapraia.com.br\/index.php\/wp-json\/wp\/v2\/posts\/50028\/revisions\/50030"}],"wp:featuredmedia":[{"embeddable":true,"href":"https:\/\/www.paranapraia.com.br\/index.php\/wp-json\/wp\/v2\/media\/50029"}],"wp:attachment":[{"href":"https:\/\/www.paranapraia.com.br\/index.php\/wp-json\/wp\/v2\/media?parent=50028"}],"wp:term":[{"taxonomy":"category","embeddable":true,"href":"https:\/\/www.paranapraia.com.br\/index.php\/wp-json\/wp\/v2\/categories?post=50028"},{"taxonomy":"post_tag","embeddable":true,"href":"https:\/\/www.paranapraia.com.br\/index.php\/wp-json\/wp\/v2\/tags?post=50028"}],"curies":[{"name":"wp","href":"https:\/\/api.w.org\/{rel}","templated":true}]}}