{"id":49641,"date":"2023-06-05T15:13:23","date_gmt":"2023-06-05T18:13:23","guid":{"rendered":"https:\/\/www.paranapraia.com.br\/?p=49641"},"modified":"2023-06-05T15:13:24","modified_gmt":"2023-06-05T18:13:24","slug":"com-922-novas-viaturas-policia-civil-do-parana-tera-maior-renovacao-de-frota-da-historia","status":"publish","type":"post","link":"https:\/\/www.paranapraia.com.br\/index.php\/2023\/06\/05\/com-922-novas-viaturas-policia-civil-do-parana-tera-maior-renovacao-de-frota-da-historia\/","title":{"rendered":"Com 922 novas viaturas, Pol\u00edcia Civil do Paran\u00e1 ter\u00e1 maior renova\u00e7\u00e3o de frota da hist\u00f3ria"},"content":{"rendered":"\n<p>O governador Carlos Massa Ratinho Junior entregou nesta segunda-feira (5) 922 viaturas para todas as unidades da Pol\u00edcia Civil do Paran\u00e1, a maior renova\u00e7\u00e3o de frota da hist\u00f3ria do Estado. Do total, 837 s\u00e3o locadas e 85 adquiridas, totalizando um investimento de R$ 11 milh\u00f5es para a compra e de R$ 32 milh\u00f5es anuais nas loca\u00e7\u00f5es. Ser\u00e3o 146 munic\u00edpios beneficiados.<\/p>\n\n\n\n<p>A renova\u00e7\u00e3o da frota alcan\u00e7a todas as regi\u00f5es do Estado e faz parte de um plano de moderniza\u00e7\u00e3o das pol\u00edcias no Paran\u00e1, que em pouco mais de tr\u00eas anos receberam mais de R$ 2 bilh\u00f5es em investimentos. Al\u00e9m de ve\u00edculos, a estrutura\u00e7\u00e3o inclui a constru\u00e7\u00e3o de novas delegacias, novas armas, coletes e equipamentos para a corpora\u00e7\u00e3o e a contrata\u00e7\u00e3o de policiais.<\/p>\n\n\n\n<p>Ratinho Junior ressaltou que todas as\u00a0161 comarcas do Paran\u00e1 passaram a contar com delegados titulares, ap\u00f3s a contrata\u00e7\u00e3o, no ano passado, de mais de 400 servidores para o quadro da Pol\u00edcia Civil. Al\u00e9m disso, o Estado acabou com um problema hist\u00f3rico, com o fim da cust\u00f3dia da popula\u00e7\u00e3o carcer\u00e1ria pela Pol\u00edcia Civil, transferindo cerca de 12 mil pessoas que estavam encarceradas em delegacias.<\/p>\n\n\n\n<p>\u201cQuando assumi o governo, em 2019, a Pol\u00edcia Civil tinha v\u00e1rios problemas, inclusive de estrutura. Nosso desafio foi tirar a corpora\u00e7\u00e3o do fundo do po\u00e7o e torn\u00e1-la refer\u00eancia para o Pa\u00eds\u201d, afirmou Ratinho Junior. \u201cE hoje estamos cumprindo mais uma etapa desse trabalho com a entrega dessas viaturas. J\u00e1 fizemos uma boa contrata\u00e7\u00e3o de delegados e agentes, estamos reestruturando as delegacias e adquirindo novos armamentos e equipamentos\u201d.<\/p>\n\n\n\n<figure class=\"wp-block-image size-large\"><img loading=\"lazy\" decoding=\"async\" width=\"1024\" height=\"683\" src=\"https:\/\/www.paranapraia.com.br\/wp-content\/uploads\/2023\/06\/viaturas_28_0-1024x683.jpg\" alt=\"\" class=\"wp-image-49643\" srcset=\"https:\/\/www.paranapraia.com.br\/wp-content\/uploads\/2023\/06\/viaturas_28_0-1024x683.jpg 1024w, https:\/\/www.paranapraia.com.br\/wp-content\/uploads\/2023\/06\/viaturas_28_0-300x200.jpg 300w, https:\/\/www.paranapraia.com.br\/wp-content\/uploads\/2023\/06\/viaturas_28_0-768x512.jpg 768w, https:\/\/www.paranapraia.com.br\/wp-content\/uploads\/2023\/06\/viaturas_28_0-1536x1024.jpg 1536w, https:\/\/www.paranapraia.com.br\/wp-content\/uploads\/2023\/06\/viaturas_28_0-2048x1365.jpg 2048w, https:\/\/www.paranapraia.com.br\/wp-content\/uploads\/2023\/06\/viaturas_28_0-696x464.jpg 696w, https:\/\/www.paranapraia.com.br\/wp-content\/uploads\/2023\/06\/viaturas_28_0-1068x712.jpg 1068w, https:\/\/www.paranapraia.com.br\/wp-content\/uploads\/2023\/06\/viaturas_28_0-630x420.jpg 630w, https:\/\/www.paranapraia.com.br\/wp-content\/uploads\/2023\/06\/viaturas_28_0-scaled.jpg 1200w\" sizes=\"(max-width: 1024px) 100vw, 1024px\" \/><figcaption class=\"wp-element-caption\">Governador Carlos Massa Ratinho Jr faz entrega de 922 viaturas para policia civil do parana.Fotos:Ari Dias\/AEN<\/figcaption><\/figure>\n\n\n\n<p>O governador ressaltou que a estrutura\u00e7\u00e3o passa por todas as for\u00e7as de seguran\u00e7a do Estado. \u201cCom mais investimentos, estamos reestruturando a Pol\u00edcia Civil, a Pol\u00edcia Cient\u00edfica, a Pol\u00edcia Penal, a Pol\u00edcia Militar e o Corpo de Bombeiros. Com esse conjunto, temos uma seguran\u00e7a p\u00fablica de qualidade, que passou a ser refer\u00eancia para o Brasil\u201d, salientou.<\/p>\n\n\n\n<p>O delegado-geral da Pol\u00edcia Civil, S\u00edlvio Rochemback, explicou que est\u00e1 sendo feito um investimento constante para a melhorar a resolu\u00e7\u00e3o de crimes. \u201cO objetivo do Governo do Estado \u00e9 ter as melhores pol\u00edcias do Pa\u00eds, e por isso est\u00e1 investindo fortemente na renova\u00e7\u00e3o da frota, na reposi\u00e7\u00e3o permanente do efetivo e na constru\u00e7\u00e3o de novas delegacias. Com equipamentos mais modernos e melhores condi\u00e7\u00f5es de trabalho, quem ganha \u00e9 a popula\u00e7\u00e3o\u201d, afirmou.<\/p>\n\n\n\n<p><strong>LOCA\u00c7\u00c3O&nbsp;<\/strong>\u2013<strong>&nbsp;<\/strong>O processo para aquisi\u00e7\u00e3o e loca\u00e7\u00e3o de ve\u00edculos foi conduzido pela Secretaria de Estado da Administra\u00e7\u00e3o e da Previd\u00eancia, atrav\u00e9s do Departamento de Transporte Oficial. Os ve\u00edculos pr\u00f3prios (inserv\u00edveis ou antiecon\u00f4micos) que foram substitu\u00eddos pelos locados ser\u00e3o leiloados e a receita obtida ser\u00e1 revertida para a moderniza\u00e7\u00e3o da frota pr\u00f3pria, necess\u00e1ria para as atividades estrat\u00e9gicas e essenciais das pol\u00edcias.<\/p>\n\n\n\n<p>A loca\u00e7\u00e3o, destacou o delegado-geral, traz uma s\u00e9rie de benef\u00edcios e mais agilidade no trabalho, com a substitui\u00e7\u00e3o r\u00e1pida dos ve\u00edculos que v\u00e3o para a manuten\u00e7\u00e3o, usados h\u00e1 mais de 30 meses ou que tenham rodado mais de 110 mil quil\u00f4metros; com frota reserva por conta da locadora, carros mais econ\u00f4micos e menos poluentes. Al\u00e9m disso, as viaturas contam com rastreamento e identifica\u00e7\u00e3o do condutor, otimizando a gest\u00e3o e uso adequado com mais controle e transpar\u00eancia na utiliza\u00e7\u00e3o.<\/p>\n\n\n\n<p>\u201cA viatura locada nos d\u00e1 mais agilidade. \u00c9 a garantia de que se uma viatura estragar, ter\u00e1 uma reposi\u00e7\u00e3o imediata para que os policiais n\u00e3o deixem de atender a popula\u00e7\u00e3o, al\u00e9m de reduzir significativamente o custo com manuten\u00e7\u00e3o\u201d, explicou. \u201c\u00c9 uma nova din\u00e2mica, fruto de uma gest\u00e3o p\u00fablica voltada para resultados\u201d.<\/p>\n\n\n\n<p>\u201cA Pol\u00edcia Civil estava com uma frota sucateada, que agora est\u00e1 sendo totalmente renovada, com viaturas ostensivas e veladas que v\u00e3o dar maior mobilidade aos policiais civis\u201d, acrescentou o secret\u00e1rio estadual da Seguran\u00e7a P\u00fablica, Hudson Le\u00f4ncio Teixeira.<\/p>\n\n\n\n<p><strong>INVESTIMENTOS\u00a0<\/strong>\u2013<strong>\u00a0<\/strong>A entrega d\u00e1 sequ\u00eancia a uma s\u00e9rie de investimentos nas for\u00e7as de seguran\u00e7a do Estado. Em abril do ano passado,\u00a098 novos ve\u00edculos foram destinados \u00e0s pol\u00edcias Militar e Civil, totalizando um investimento de R$ 19,1 milh\u00f5es, com recursos do Banco Interamericano de Desenvolvimento (BID) e do Minist\u00e9rio da Justi\u00e7a e Seguran\u00e7a P\u00fablica. Os ve\u00edculos foram adquiridos com o objetivo de reduzir o tempo de uso das viaturas de dez para cinco anos.<\/p>\n\n\n\n<p>Em junho de 2022, as for\u00e7as de seguran\u00e7a do Paran\u00e1 ganharam um refor\u00e7o importante na frota de viaturas. Com um investimento total de\u00a0R$ 55,3 milh\u00f5es, foram adquiridos 250 ve\u00edculos, 88 motos e seis embarca\u00e7\u00f5es\u00a0para a Secretaria da Seguran\u00e7a P\u00fablica (Sesp), substituindo a frota das pol\u00edcias Civil, Militar e Cient\u00edfica, Corpo de Bombeiros e Departamento de Pol\u00edcia Penal (Deppen).<\/p>\n\n\n\n<p>AEN<\/p>\n","protected":false},"excerpt":{"rendered":"<p>O governador Carlos Massa Ratinho Junior entregou nesta segunda-feira (5) 922 viaturas para todas as unidades da Pol\u00edcia Civil do Paran\u00e1, a maior renova\u00e7\u00e3o de frota da hist\u00f3ria do Estado. Do total, 837 s\u00e3o locadas e 85 adquiridas, totalizando um investimento de R$ 11 milh\u00f5es para a compra e de R$ 32 milh\u00f5es anuais nas [&hellip;]<\/p>\n","protected":false},"author":2,"featured_media":49642,"comment_status":"open","ping_status":"open","sticky":false,"template":"","format":"standard","meta":{"advanced_seo_description":"","jetpack_seo_html_title":"","jetpack_seo_noindex":false,"_jetpack_memberships_contains_paid_content":false,"footnotes":""},"categories":[40],"tags":[],"class_list":{"0":"post-49641","1":"post","2":"type-post","3":"status-publish","4":"format-standard","5":"has-post-thumbnail","7":"category-destaques"},"jetpack_featured_media_url":"https:\/\/www.paranapraia.com.br\/wp-content\/uploads\/2023\/06\/governador-entrega_de_viaturas_pcpr-05-06-23_8_0.webp","jetpack_sharing_enabled":true,"_links":{"self":[{"href":"https:\/\/www.paranapraia.com.br\/index.php\/wp-json\/wp\/v2\/posts\/49641"}],"collection":[{"href":"https:\/\/www.paranapraia.com.br\/index.php\/wp-json\/wp\/v2\/posts"}],"about":[{"href":"https:\/\/www.paranapraia.com.br\/index.php\/wp-json\/wp\/v2\/types\/post"}],"author":[{"embeddable":true,"href":"https:\/\/www.paranapraia.com.br\/index.php\/wp-json\/wp\/v2\/users\/2"}],"replies":[{"embeddable":true,"href":"https:\/\/www.paranapraia.com.br\/index.php\/wp-json\/wp\/v2\/comments?post=49641"}],"version-history":[{"count":1,"href":"https:\/\/www.paranapraia.com.br\/index.php\/wp-json\/wp\/v2\/posts\/49641\/revisions"}],"predecessor-version":[{"id":49644,"href":"https:\/\/www.paranapraia.com.br\/index.php\/wp-json\/wp\/v2\/posts\/49641\/revisions\/49644"}],"wp:featuredmedia":[{"embeddable":true,"href":"https:\/\/www.paranapraia.com.br\/index.php\/wp-json\/wp\/v2\/media\/49642"}],"wp:attachment":[{"href":"https:\/\/www.paranapraia.com.br\/index.php\/wp-json\/wp\/v2\/media?parent=49641"}],"wp:term":[{"taxonomy":"category","embeddable":true,"href":"https:\/\/www.paranapraia.com.br\/index.php\/wp-json\/wp\/v2\/categories?post=49641"},{"taxonomy":"post_tag","embeddable":true,"href":"https:\/\/www.paranapraia.com.br\/index.php\/wp-json\/wp\/v2\/tags?post=49641"}],"curies":[{"name":"wp","href":"https:\/\/api.w.org\/{rel}","templated":true}]}}