{"id":49335,"date":"2023-06-02T14:38:22","date_gmt":"2023-06-02T17:38:22","guid":{"rendered":"https:\/\/www.paranapraia.com.br\/?p=49335"},"modified":"2023-06-02T14:38:23","modified_gmt":"2023-06-02T17:38:23","slug":"circuito-matinhense-de-volei-de-praia-sera-nos-dias-9-e-10-de-junho-na-arena-rotatoria","status":"publish","type":"post","link":"https:\/\/www.paranapraia.com.br\/index.php\/2023\/06\/02\/circuito-matinhense-de-volei-de-praia-sera-nos-dias-9-e-10-de-junho-na-arena-rotatoria\/","title":{"rendered":"Circuito Matinhense de V\u00f4lei de Praia ser\u00e1 nos dias 9 e 10 de junho na Arena Rotat\u00f3ria"},"content":{"rendered":"\n<p>Vem a\u00ed o Circuito Matinhense de V\u00f4lei de Praia, que ser\u00e1 realizado nos dias 09 e 10 de junho, nas quadras da Arena Rotat\u00f3ria.<\/p>\n\n\n\n<p>O primeiro Circuito Matinhense de V\u00f4lei de Praia \u00e9 mais uma atra\u00e7\u00e3o na semana de comemora\u00e7\u00e3o do anivers\u00e1rio de 56 anos da cidade de Matinhos. Para se inscrever o atleta deve acessar o link:<br><a href=\"https:\/\/forms.gle\/2V62oXNNHKojy5D6A?fbclid=IwAR1l-lruXCpHLgDqW2K5bYJaN5Z7pFA-1IQ_e0Ro_pks0rXjkiNhcgaczgc\" rel=\"noreferrer noopener\" target=\"_blank\">https:\/\/forms.gle\/2V62oXNNHKojy5D6A<\/a><\/p>\n\n\n\n<p>A taxa de inscri\u00e7\u00e3o \u00e9 um 1kg de alimento n\u00e3o perec\u00edvel, que deve ser entregue no local no dia do evento.<\/p>\n\n\n\n<p>Esta \u00e9 mais uma realiza\u00e7\u00e3o da Prefeitura de Matinhos, por meio da Secretaria Municipal de Educa\u00e7\u00e3o, Esporte e Cultura, voltada \u00e0 qualidade de vida da popula\u00e7\u00e3o.<\/p>\n\n\n\n<figure class=\"wp-block-image size-large\"><img loading=\"lazy\" decoding=\"async\" width=\"1024\" height=\"1024\" src=\"https:\/\/www.paranapraia.com.br\/wp-content\/uploads\/2023\/06\/350025637_217473041098098_6672021909892257260_n-1024x1024.jpg\" alt=\"\" class=\"wp-image-49337\" srcset=\"https:\/\/www.paranapraia.com.br\/wp-content\/uploads\/2023\/06\/350025637_217473041098098_6672021909892257260_n-1024x1024.jpg 1024w, https:\/\/www.paranapraia.com.br\/wp-content\/uploads\/2023\/06\/350025637_217473041098098_6672021909892257260_n-300x300.jpg 300w, https:\/\/www.paranapraia.com.br\/wp-content\/uploads\/2023\/06\/350025637_217473041098098_6672021909892257260_n-150x150.jpg 150w, https:\/\/www.paranapraia.com.br\/wp-content\/uploads\/2023\/06\/350025637_217473041098098_6672021909892257260_n-768x768.jpg 768w, https:\/\/www.paranapraia.com.br\/wp-content\/uploads\/2023\/06\/350025637_217473041098098_6672021909892257260_n-696x696.jpg 696w, https:\/\/www.paranapraia.com.br\/wp-content\/uploads\/2023\/06\/350025637_217473041098098_6672021909892257260_n-1068x1068.jpg 1068w, https:\/\/www.paranapraia.com.br\/wp-content\/uploads\/2023\/06\/350025637_217473041098098_6672021909892257260_n-420x420.jpg 420w, https:\/\/www.paranapraia.com.br\/wp-content\/uploads\/2023\/06\/350025637_217473041098098_6672021909892257260_n.jpg 1080w\" sizes=\"(max-width: 1024px) 100vw, 1024px\" \/><\/figure>\n\n\n\n<p>Assessoria<\/p>\n","protected":false},"excerpt":{"rendered":"<p>Vem a\u00ed o Circuito Matinhense de V\u00f4lei de Praia, que ser\u00e1 realizado nos dias 09 e 10 de junho, nas quadras da Arena Rotat\u00f3ria. O primeiro Circuito Matinhense de V\u00f4lei de Praia \u00e9 mais uma atra\u00e7\u00e3o na semana de comemora\u00e7\u00e3o do anivers\u00e1rio de 56 anos da cidade de Matinhos. Para se inscrever o atleta deve [&hellip;]<\/p>\n","protected":false},"author":2,"featured_media":49336,"comment_status":"open","ping_status":"open","sticky":false,"template":"","format":"standard","meta":{"advanced_seo_description":"","jetpack_seo_html_title":"","jetpack_seo_noindex":false,"_jetpack_memberships_contains_paid_content":false,"footnotes":""},"categories":[40],"tags":[],"class_list":{"0":"post-49335","1":"post","2":"type-post","3":"status-publish","4":"format-standard","5":"has-post-thumbnail","7":"category-destaques"},"jetpack_featured_media_url":"https:\/\/www.paranapraia.com.br\/wp-content\/uploads\/2023\/06\/img_9909-scaled.jpg","jetpack_sharing_enabled":true,"_links":{"self":[{"href":"https:\/\/www.paranapraia.com.br\/index.php\/wp-json\/wp\/v2\/posts\/49335"}],"collection":[{"href":"https:\/\/www.paranapraia.com.br\/index.php\/wp-json\/wp\/v2\/posts"}],"about":[{"href":"https:\/\/www.paranapraia.com.br\/index.php\/wp-json\/wp\/v2\/types\/post"}],"author":[{"embeddable":true,"href":"https:\/\/www.paranapraia.com.br\/index.php\/wp-json\/wp\/v2\/users\/2"}],"replies":[{"embeddable":true,"href":"https:\/\/www.paranapraia.com.br\/index.php\/wp-json\/wp\/v2\/comments?post=49335"}],"version-history":[{"count":1,"href":"https:\/\/www.paranapraia.com.br\/index.php\/wp-json\/wp\/v2\/posts\/49335\/revisions"}],"predecessor-version":[{"id":49338,"href":"https:\/\/www.paranapraia.com.br\/index.php\/wp-json\/wp\/v2\/posts\/49335\/revisions\/49338"}],"wp:featuredmedia":[{"embeddable":true,"href":"https:\/\/www.paranapraia.com.br\/index.php\/wp-json\/wp\/v2\/media\/49336"}],"wp:attachment":[{"href":"https:\/\/www.paranapraia.com.br\/index.php\/wp-json\/wp\/v2\/media?parent=49335"}],"wp:term":[{"taxonomy":"category","embeddable":true,"href":"https:\/\/www.paranapraia.com.br\/index.php\/wp-json\/wp\/v2\/categories?post=49335"},{"taxonomy":"post_tag","embeddable":true,"href":"https:\/\/www.paranapraia.com.br\/index.php\/wp-json\/wp\/v2\/tags?post=49335"}],"curies":[{"name":"wp","href":"https:\/\/api.w.org\/{rel}","templated":true}]}}