{"id":49332,"date":"2023-06-02T12:32:01","date_gmt":"2023-06-02T15:32:01","guid":{"rendered":"https:\/\/www.paranapraia.com.br\/?p=49332"},"modified":"2023-06-02T12:32:02","modified_gmt":"2023-06-02T15:32:02","slug":"parana-forma-primeira-turma-de-medicos-para-atuar-com-acupuntura-no-sus","status":"publish","type":"post","link":"https:\/\/www.paranapraia.com.br\/index.php\/2023\/06\/02\/parana-forma-primeira-turma-de-medicos-para-atuar-com-acupuntura-no-sus\/","title":{"rendered":"Paran\u00e1 forma primeira turma de m\u00e9dicos para atuar com acupuntura no SUS"},"content":{"rendered":"\n<p>Com o objetivo de expandir a oferta de Pr\u00e1ticas Integrativas e Complementares (PICS) e ampliar o acesso da popula\u00e7\u00e3o paranaense aos benef\u00edcios da acupuntura, 58 m\u00e9dicos atuantes na Aten\u00e7\u00e3o Prim\u00e1ria \u00e0 Sa\u00fade (APS) de todo o Estado finalizam nesta sexta-feira (2) o curso de Acupuntura para M\u00e9dicos da Aten\u00e7\u00e3o B\u00e1sica (AMAB). Esta \u00e9 a primeira turma de profissionais formados nessa pr\u00e1tica no Sistema \u00danico de Sa\u00fade (SUS) no Paran\u00e1.<\/p>\n\n\n\n<p>Realizado na modalidade semi-presencial, a forma\u00e7\u00e3o \u00e9 uma parceria entre a Secretaria de Estado da Sa\u00fade (Sesa) e o Minist\u00e9rio da Sa\u00fade (MS) e foi ministrada pela Universidade Federal de Santa Catarina (UFSC). As aulas pr\u00e1ticas ocorreram na Escola de Sa\u00fade P\u00fablica do Paran\u00e1 (ESPP).<\/p>\n\n\n\n<p>\u201cIn\u00fameras pesquisas cient\u00edficas v\u00eam comprovando a efic\u00e1cia da acupuntura para o tratamento de doen\u00e7as, tanto as agudas como as cr\u00f4nicas. Essa \u00e9 uma alternativa terap\u00eautica que melhora a qualidade de vida, al\u00e9m de ser um tratamento com tecnologia simples e baixo custo que certamente pode contribuir para o cuidado humanizado e integral na Aten\u00e7\u00e3o Prim\u00e1ria\u201d, disse o secret\u00e1rio de Estado da Sa\u00fade Beto Preto.<\/p>\n\n\n\n<p>No Paran\u00e1, as PICS est\u00e3o normatizadas por meio da Lei n\u00ba 19.785, de 20 de dezembro de 2018, que instituiu as diretrizes das especialidades no \u00e2mbito do SUS Paran\u00e1. Ao todo s\u00e3o 29 pr\u00e1ticas integrativas e complementares que auxiliam no tratamento dos usu\u00e1rios.<\/p>\n\n\n\n<p>A acupuntura \u00e9 uma tecnologia de interven\u00e7\u00e3o em sa\u00fade que faz parte dos recursos terap\u00eauticos da medicina tradicional chinesa (MTC) e estimula pontos espalhados por todo o corpo por meio da inser\u00e7\u00e3o de agulhas, visando \u00e0 promo\u00e7\u00e3o, manuten\u00e7\u00e3o e recupera\u00e7\u00e3o da sa\u00fade, bem como a preven\u00e7\u00e3o de agravos e doen\u00e7as.<\/p>\n\n\n\n<p>NA PR\u00c1TICA \u2013 O curso contempla as informa\u00e7\u00f5es essenciais para que o m\u00e9dico n\u00e3o especialista em acupuntura utilize a terapia como parte do manejo de situa\u00e7\u00f5es cl\u00ednicas comuns na APS. Mais do que o ensino de protocolos de tratamentos, o curso capacita os participantes a conduzir o racioc\u00ednio cl\u00ednico essencial em acupuntura atrav\u00e9s de duas grandes perspectivas, a da Medicina Tradicional Chinesa e da Biomedicina (medicina ocidental).<\/p>\n\n\n\n<p>Em complemento aos fundamentos da pr\u00e1tica da acupuntura, o AMAB tamb\u00e9m aborda as principais evid\u00eancias cient\u00edficas sobre o uso da acupuntura em diferentes condi\u00e7\u00f5es cl\u00ednicas e aspectos pr\u00e1ticos no contexto da APS. O objetivo do AMAB \u00e9 fornecer ferramentas pr\u00e1ticas para que o m\u00e9dico da APS consiga incorporar a acupuntura no seu cotidiano.DADOS \u2013 Em 2022 foram realizados 33.072 procedimentos de acupuntura com inser\u00e7\u00e3o de agulhas no Estado.<\/p>\n\n\n\n<p> Neste ano, entre os meses de janeiro a abril j\u00e1 foram realizados 8.731 procedimentos. Os dados s\u00e3o do Sistema de Informa\u00e7\u00e3o em Sa\u00fade para a Aten\u00e7\u00e3o B\u00e1sica (SISAB) e do Sistema de Informa\u00e7\u00f5es Ambulatoriais de Sa\u00fade (SIA\/SUS).<\/p>\n\n\n\n<p>AEN<\/p>\n","protected":false},"excerpt":{"rendered":"<p>Com o objetivo de expandir a oferta de Pr\u00e1ticas Integrativas e Complementares (PICS) e ampliar o acesso da popula\u00e7\u00e3o paranaense aos benef\u00edcios da acupuntura, 58 m\u00e9dicos atuantes na Aten\u00e7\u00e3o Prim\u00e1ria \u00e0 Sa\u00fade (APS) de todo o Estado finalizam nesta sexta-feira (2) o curso de Acupuntura para M\u00e9dicos da Aten\u00e7\u00e3o B\u00e1sica (AMAB). Esta \u00e9 a primeira [&hellip;]<\/p>\n","protected":false},"author":2,"featured_media":49333,"comment_status":"open","ping_status":"open","sticky":false,"template":"","format":"standard","meta":{"advanced_seo_description":"","jetpack_seo_html_title":"","jetpack_seo_noindex":false,"_jetpack_memberships_contains_paid_content":false,"footnotes":""},"categories":[50],"tags":[],"class_list":{"0":"post-49332","1":"post","2":"type-post","3":"status-publish","4":"format-standard","5":"has-post-thumbnail","7":"category-saude"},"jetpack_featured_media_url":"https:\/\/www.paranapraia.com.br\/wp-content\/uploads\/2023\/06\/whatsapp_image_2023-06-02_at_08.01.28.jpg","jetpack_sharing_enabled":true,"_links":{"self":[{"href":"https:\/\/www.paranapraia.com.br\/index.php\/wp-json\/wp\/v2\/posts\/49332"}],"collection":[{"href":"https:\/\/www.paranapraia.com.br\/index.php\/wp-json\/wp\/v2\/posts"}],"about":[{"href":"https:\/\/www.paranapraia.com.br\/index.php\/wp-json\/wp\/v2\/types\/post"}],"author":[{"embeddable":true,"href":"https:\/\/www.paranapraia.com.br\/index.php\/wp-json\/wp\/v2\/users\/2"}],"replies":[{"embeddable":true,"href":"https:\/\/www.paranapraia.com.br\/index.php\/wp-json\/wp\/v2\/comments?post=49332"}],"version-history":[{"count":1,"href":"https:\/\/www.paranapraia.com.br\/index.php\/wp-json\/wp\/v2\/posts\/49332\/revisions"}],"predecessor-version":[{"id":49334,"href":"https:\/\/www.paranapraia.com.br\/index.php\/wp-json\/wp\/v2\/posts\/49332\/revisions\/49334"}],"wp:featuredmedia":[{"embeddable":true,"href":"https:\/\/www.paranapraia.com.br\/index.php\/wp-json\/wp\/v2\/media\/49333"}],"wp:attachment":[{"href":"https:\/\/www.paranapraia.com.br\/index.php\/wp-json\/wp\/v2\/media?parent=49332"}],"wp:term":[{"taxonomy":"category","embeddable":true,"href":"https:\/\/www.paranapraia.com.br\/index.php\/wp-json\/wp\/v2\/categories?post=49332"},{"taxonomy":"post_tag","embeddable":true,"href":"https:\/\/www.paranapraia.com.br\/index.php\/wp-json\/wp\/v2\/tags?post=49332"}],"curies":[{"name":"wp","href":"https:\/\/api.w.org\/{rel}","templated":true}]}}