{"id":49321,"date":"2023-06-02T12:16:21","date_gmt":"2023-06-02T15:16:21","guid":{"rendered":"https:\/\/www.paranapraia.com.br\/?p=49321"},"modified":"2023-06-02T12:16:21","modified_gmt":"2023-06-02T15:16:21","slug":"saude-convoca-populacao-a-se-vacinar-contra-gripe-parana-tem-um-milhao-de-doses-disponiveis","status":"publish","type":"post","link":"https:\/\/www.paranapraia.com.br\/index.php\/2023\/06\/02\/saude-convoca-populacao-a-se-vacinar-contra-gripe-parana-tem-um-milhao-de-doses-disponiveis\/","title":{"rendered":"Sa\u00fade convoca popula\u00e7\u00e3o a se vacinar contra gripe; Paran\u00e1 tem um milh\u00e3o de doses dispon\u00edveis"},"content":{"rendered":"\n<p>O Governo do Estado, por meio da Secretaria da Sa\u00fade, refor\u00e7ou nesta sexta-feira (2) a import\u00e2ncia na continuidade da vacina\u00e7\u00e3o contra a gripe no Paran\u00e1 para evitar casos graves e \u00f3bitos pela doen\u00e7a. A Campanha Nacional de Imuniza\u00e7\u00e3o contra a Influenza 2023, do Minist\u00e9rio da Sa\u00fade, terminou h\u00e1 dois dias (31), mas muitos estados continuam a vacinar a popula\u00e7\u00e3o.\u201cMesmo com o final da campanha nacional de vacina\u00e7\u00e3o contra a gripe n\u00f3s ainda temos estoque de doses para a continuidade da vacina\u00e7\u00e3o, e continuaremos\u201d, disse o secret\u00e1rio estadual da Sa\u00fade, Beto Preto.<\/p>\n\n\n\n<p>De acordo com levantamento da Divis\u00e3o de Vigil\u00e2ncia do Programa de Imuniza\u00e7\u00e3o da Sesa, o Estado tem mais de um milh\u00e3o de doses dispon\u00edveis. Esse quantitativo j\u00e1 foi distribu\u00eddo aos munic\u00edpios e por isso a orienta\u00e7\u00e3o da pasta \u00e9 de que as prefeituras continuem com a aplica\u00e7\u00e3o das doses at\u00e9 o t\u00e9rmino dos estoques.  \u201cAs vacinas n\u00e3o podem ficar nos refrigeradores, devem ir para os bra\u00e7os da popula\u00e7\u00e3o\u201d, disse o secret\u00e1rio. <\/p>\n\n\n\n<p>\u201cPor isso eu fa\u00e7o uma convoca\u00e7\u00e3o. Para se manter livre dos malef\u00edcios da gripe mais severa, \u00e9 preciso buscar uma unidade para acabar com esse estoque\u201d.<\/p>\n\n\n\n<p>De acordo com o Vacin\u00f4metro Nacional, o Paran\u00e1 \u00e9 o 6\u00ba estado que mais aplicou os imunizantes em n\u00fameros absolutos, com 2.272.536 doses, atr\u00e1s de S\u00e3o Paulo (8,5 milh\u00f5es), Minas Gerais (4,3 milh\u00f5es), Rio Grande do Sul (2,5 milh\u00f5es), Rio de Janeiro (2,4 milh\u00f5es) e Bahia (2,4 milh\u00f5es).<\/p>\n\n\n\n<p>Os munic\u00edpios paranaenses que mais aplicaram vacinas, tamb\u00e9m em n\u00fameros absolutos, s\u00e3o Curitiba (340.620 doses), Londrina (116.823), Cascavel (70.375), Ponta Grossa (58.370) e S\u00e3o Jos\u00e9 dos Pinhais (56.440).<\/p>\n\n\n\n<p>CAMPANHA \u2013 Esta \u00e9 a 25\u00aa campanha nacional. Ela iniciou em 10 de abril. A estrat\u00e9gia de vacina\u00e7\u00e3o contra a influenza foi incorporada no Programa Nacional de Imuniza\u00e7\u00f5es (PNI) em 1999, com o prop\u00f3sito de reduzir interna\u00e7\u00f5es, complica\u00e7\u00f5es e \u00f3bitos na popula\u00e7\u00e3o-alvo.<\/p>\n\n\n\n<p> A vacina\u00e7\u00e3o ao longo do respectivo ano minimizar a carga e prevenir o surgimento de complica\u00e7\u00f5es decorrentes da doen\u00e7a, reduzindo os sintomas nos grupos priorit\u00e1rios al\u00e9m de reduzir a sobrecarga sobre os servi\u00e7os de sa\u00fade.<\/p>\n\n\n\n<p>AEN<\/p>\n","protected":false},"excerpt":{"rendered":"<p>O Governo do Estado, por meio da Secretaria da Sa\u00fade, refor\u00e7ou nesta sexta-feira (2) a import\u00e2ncia na continuidade da vacina\u00e7\u00e3o contra a gripe no Paran\u00e1 para evitar casos graves e \u00f3bitos pela doen\u00e7a. A Campanha Nacional de Imuniza\u00e7\u00e3o contra a Influenza 2023, do Minist\u00e9rio da Sa\u00fade, terminou h\u00e1 dois dias (31), mas muitos estados continuam [&hellip;]<\/p>\n","protected":false},"author":2,"featured_media":49322,"comment_status":"open","ping_status":"open","sticky":false,"template":"","format":"standard","meta":{"advanced_seo_description":"","jetpack_seo_html_title":"","jetpack_seo_noindex":false,"_jetpack_memberships_contains_paid_content":false,"footnotes":""},"categories":[50],"tags":[],"class_list":{"0":"post-49321","1":"post","2":"type-post","3":"status-publish","4":"format-standard","5":"has-post-thumbnail","7":"category-saude"},"jetpack_featured_media_url":"https:\/\/www.paranapraia.com.br\/wp-content\/uploads\/2023\/06\/sesa-vacinas-27-04-23_63-scaled.jpg","jetpack_sharing_enabled":true,"_links":{"self":[{"href":"https:\/\/www.paranapraia.com.br\/index.php\/wp-json\/wp\/v2\/posts\/49321"}],"collection":[{"href":"https:\/\/www.paranapraia.com.br\/index.php\/wp-json\/wp\/v2\/posts"}],"about":[{"href":"https:\/\/www.paranapraia.com.br\/index.php\/wp-json\/wp\/v2\/types\/post"}],"author":[{"embeddable":true,"href":"https:\/\/www.paranapraia.com.br\/index.php\/wp-json\/wp\/v2\/users\/2"}],"replies":[{"embeddable":true,"href":"https:\/\/www.paranapraia.com.br\/index.php\/wp-json\/wp\/v2\/comments?post=49321"}],"version-history":[{"count":1,"href":"https:\/\/www.paranapraia.com.br\/index.php\/wp-json\/wp\/v2\/posts\/49321\/revisions"}],"predecessor-version":[{"id":49323,"href":"https:\/\/www.paranapraia.com.br\/index.php\/wp-json\/wp\/v2\/posts\/49321\/revisions\/49323"}],"wp:featuredmedia":[{"embeddable":true,"href":"https:\/\/www.paranapraia.com.br\/index.php\/wp-json\/wp\/v2\/media\/49322"}],"wp:attachment":[{"href":"https:\/\/www.paranapraia.com.br\/index.php\/wp-json\/wp\/v2\/media?parent=49321"}],"wp:term":[{"taxonomy":"category","embeddable":true,"href":"https:\/\/www.paranapraia.com.br\/index.php\/wp-json\/wp\/v2\/categories?post=49321"},{"taxonomy":"post_tag","embeddable":true,"href":"https:\/\/www.paranapraia.com.br\/index.php\/wp-json\/wp\/v2\/tags?post=49321"}],"curies":[{"name":"wp","href":"https:\/\/api.w.org\/{rel}","templated":true}]}}