{"id":49318,"date":"2023-06-02T10:05:39","date_gmt":"2023-06-02T13:05:39","guid":{"rendered":"https:\/\/www.paranapraia.com.br\/?p=49318"},"modified":"2023-06-02T10:05:40","modified_gmt":"2023-06-02T13:05:40","slug":"unidades-de-conservacao-tem-papel-essencial-no-desenvolvimento-do-turismo","status":"publish","type":"post","link":"https:\/\/www.paranapraia.com.br\/index.php\/2023\/06\/02\/unidades-de-conservacao-tem-papel-essencial-no-desenvolvimento-do-turismo\/","title":{"rendered":"Unidades de conserva\u00e7\u00e3o t\u00eam papel essencial no desenvolvimento do turismo"},"content":{"rendered":"\n<p><em>Esse foi um dos temas do segundo dia do 1\u00ba Encontro Nacional de Uso P\u00fablico, Turismo e Meio Ambiente, organizado pelo Governo do Paran\u00e1, que acontece em Foz do Igua\u00e7u em paralelo ao Festival das Cataratas. O foco das discuss\u00f5es girou em torno de novas ofertas para o visitante das Unidades de Conserva\u00e7\u00e3o.<\/em><\/p>\n\n\n\n<p>Debates sobre o papel dos \u00f3rg\u00e3os p\u00fablicos e privados na gest\u00e3o do turismo de natureza e o futuro dos modelos de concess\u00e3o da gest\u00e3o das Unidades de Conserva\u00e7\u00e3o (UC) pautaram os pain\u00e9is desta quinta-feira (01), segundo dia do 1\u00ba Encontro Nacional de Uso P\u00fablico, Turismo e Meio Ambiente \u2013 mercado atual, desafios e oportunidades.<\/p>\n\n\n\n<p>Organizado pelo Governo do Estado, por meio do Instituto \u00c1gua e Terra (IAT), em parceria com o Instituto de Ci\u00eancia e Tecnologia em Biodiversidade (ICTBio), o evento ocorre paralelamente \u00e0s atividades do Festival das Cataratas, em Foz do Igua\u00e7u, na regi\u00e3o Oeste. O Encontro Nacional termina nesta sexta-feira (2) com uma visita t\u00e9cnica ao Parque Nacional do Igua\u00e7u (PNI).&#8221;Pontuamos quest\u00f5es importantes para que as UCs p\u00fablicas e privadas possam se tornar protagonistas no desenvolvimento socioecon\u00f4mico e ambiental dos estados\u201d, destacou o diretor de Patrim\u00f4nio Natural do IAT, Rafael Andreguetto.<\/p>\n\n\n\n<p>\u201cTivemos neste segundo dia a participa\u00e7\u00e3o de representantes do Paran\u00e1, Mato Grosso do Sul e do Acre, al\u00e9m do governo federal por meio do Instituto Chico Mendes de Conserva\u00e7\u00e3o da Biodiversidade (ICMBio), do Minist\u00e9rio do Meio Ambiente&#8221;.As atividades do segundo dia de evento come\u00e7aram no per\u00edodo da manh\u00e3, quando foi realizada uma rodada de relacionamentos e neg\u00f3cios voltados ao uso p\u00fablico. \u201cPromovemos uma aproxima\u00e7\u00e3o do Poder P\u00fablico, iniciativa privada e sociedade civil para entender como investir, buscar, regular e ordenar as Unidades de Conserva\u00e7\u00e3o\u201d, explicou o diretor.<\/p>\n\n\n\n<p>\u201cE nesse aspecto, o Paran\u00e1 hoje \u00e9 um modelo para o Brasil, pelo pioneirismo com as concess\u00f5es do Parque Nacional do Igua\u00e7u e do Parque Estadual de Vila Velha e tamb\u00e9m com outros modelos como a gest\u00e3o compartilhada da Floresta Estadual Metropolitana em Piraquara\u201d, complementou.<\/p>\n\n\n\n<p>PAIN\u00c9IS \u2013 As apresenta\u00e7\u00f5es do segundo dia come\u00e7aram com o painel \u201cOs novos velhos desafios do Uso P\u00fablico\u201d, que contou com a participa\u00e7\u00e3o de Rafael Morgado, representante da coordena\u00e7\u00e3o-geral de parcerias e concess\u00f5es do Minist\u00e9rio do Turismo; S\u00e9rgio Morato, vice-presidente do ICTBio; Erika Fernandes Pinto, representante do setor de s\u00edtios naturais do ICMBio; e Marcelo Skaf, diretor de opera\u00e7\u00f5es da Urbia, empresa respons\u00e1vel pela concess\u00e3o de v\u00e1rios parques no Pa\u00eds, como o Parque Nacional do Igua\u00e7u no Paran\u00e1 e o Parque Ibirapuera em S\u00e3o Paulo.<\/p>\n\n\n\n<p>\u201cO turismo de natureza vem sendo um dos destaques no per\u00edodo p\u00f3s-pandemia, mas o crescimento nas Unidades de Conserva\u00e7\u00e3o ainda \u00e9 limitado pela falta de recursos e infraestrutura\u201d, comentou Morgado.<\/p>\n\n\n\n<p>Os palestrantes tamb\u00e9m pontuaram dimens\u00f5es espec\u00edficas ligadas ao uso p\u00fablico no turismo. A  participa\u00e7\u00e3o da iniciativa privada na gest\u00e3o dos parques, as dificuldades da inclus\u00e3o da fauna local nas atividades de turismo, e as possibilidades tur\u00edsticas do resgate da cultura de povos origin\u00e1rios nas Unidades de Conserva\u00e7\u00e3o foram alguns dos destaques das apresenta\u00e7\u00f5es.<\/p>\n\n\n\n<p>Os pain\u00e9is \u201cDelega\u00e7\u00f5es de Uso e Parcerias &#8211; O que Existe no Brasil?\u201d e \u201cO Futuro do Uso P\u00fablico no Brasil, o que esperar\u201d tamb\u00e9m receberam grande p\u00fablico. A sess\u00e3o iniciou com a fala do secret\u00e1rio de Estado do Desenvolvimento Sustent\u00e1vel (Sedest), Valdemar Bernardo Jorge. \u201cO que o Paran\u00e1 est\u00e1 tentando fazer \u00e9 conciliar interesses: produzir e conservar\u201d, disse.Sob o principio de que \u201ccultura n\u00e3o deixa de ser turismo\u201d, o vice-governador Darci Piana ressaltou a import\u00e2ncia dos patrim\u00f4nios culturais enquanto atrativos tur\u00edsticos.<\/p>\n\n\n\n<p> \u201cS\u00e3o temas importantes e que se misturam, que precisam de um olhar atento do Poder P\u00fablico para atrair ainda mais visitantes pata esses pontos\u201d, afirmou.Presidente da Funda\u00e7\u00e3o de Turismo do Mato Grosso do Sul,  Bruno Wendling destacou os esfor\u00e7os da iniciativa privada em regi\u00f5es de ecoturismo como a cidade de Bonito. \u201cA cidade foi reconhecida pela Organiza\u00e7\u00e3o das Na\u00e7\u00f5es Unidas (ONU) como exemplo de ecoturismo no Brasil\u201d, disse. <\/p>\n\n\n\n<p>\u201cEsse encantamento vai fazer as pessoas valorizarem o meio ambiente\u201d, completou Marina Kluppel, coordenadora de Uso P\u00fablico do ICMBio.J\u00e1 o diretor de \u00c1reas Protegidas e Biodiversidade do Minist\u00e9rio do Meio Ambiente, Pedro Menezes, destacou que \u00e9 preciso olhar para as Unidades de Conserva\u00e7\u00e3o de uma forma mais ampla. \u201cPesquisa divulgada recentemente pelo Instituto Semeia mostrou que no Brasil 75% da popula\u00e7\u00e3o est\u00e1 interessada em trilha. Mas n\u00f3s n\u00e3o entendemos ainda que a trilha \u00e9 um atrativo, e n\u00e3o somente o meio para se chegar ao atrativo\u201d, afirmou.<\/p>\n\n\n\n<p>AEN<\/p>\n","protected":false},"excerpt":{"rendered":"<p>Esse foi um dos temas do segundo dia do 1\u00ba Encontro Nacional de Uso P\u00fablico, Turismo e Meio Ambiente, organizado pelo Governo do Paran\u00e1, que acontece em Foz do Igua\u00e7u em paralelo ao Festival das Cataratas. O foco das discuss\u00f5es girou em torno de novas ofertas para o visitante das Unidades de Conserva\u00e7\u00e3o. Debates sobre [&hellip;]<\/p>\n","protected":false},"author":2,"featured_media":49319,"comment_status":"open","ping_status":"open","sticky":false,"template":"","format":"standard","meta":{"advanced_seo_description":"","jetpack_seo_html_title":"","jetpack_seo_noindex":false,"_jetpack_memberships_contains_paid_content":false,"footnotes":""},"categories":[40],"tags":[],"class_list":{"0":"post-49318","1":"post","2":"type-post","3":"status-publish","4":"format-standard","5":"has-post-thumbnail","7":"category-destaques"},"jetpack_featured_media_url":"https:\/\/www.paranapraia.com.br\/wp-content\/uploads\/2023\/06\/20190724_agb_escarpa-scaled.jpg","jetpack_sharing_enabled":true,"_links":{"self":[{"href":"https:\/\/www.paranapraia.com.br\/index.php\/wp-json\/wp\/v2\/posts\/49318"}],"collection":[{"href":"https:\/\/www.paranapraia.com.br\/index.php\/wp-json\/wp\/v2\/posts"}],"about":[{"href":"https:\/\/www.paranapraia.com.br\/index.php\/wp-json\/wp\/v2\/types\/post"}],"author":[{"embeddable":true,"href":"https:\/\/www.paranapraia.com.br\/index.php\/wp-json\/wp\/v2\/users\/2"}],"replies":[{"embeddable":true,"href":"https:\/\/www.paranapraia.com.br\/index.php\/wp-json\/wp\/v2\/comments?post=49318"}],"version-history":[{"count":1,"href":"https:\/\/www.paranapraia.com.br\/index.php\/wp-json\/wp\/v2\/posts\/49318\/revisions"}],"predecessor-version":[{"id":49320,"href":"https:\/\/www.paranapraia.com.br\/index.php\/wp-json\/wp\/v2\/posts\/49318\/revisions\/49320"}],"wp:featuredmedia":[{"embeddable":true,"href":"https:\/\/www.paranapraia.com.br\/index.php\/wp-json\/wp\/v2\/media\/49319"}],"wp:attachment":[{"href":"https:\/\/www.paranapraia.com.br\/index.php\/wp-json\/wp\/v2\/media?parent=49318"}],"wp:term":[{"taxonomy":"category","embeddable":true,"href":"https:\/\/www.paranapraia.com.br\/index.php\/wp-json\/wp\/v2\/categories?post=49318"},{"taxonomy":"post_tag","embeddable":true,"href":"https:\/\/www.paranapraia.com.br\/index.php\/wp-json\/wp\/v2\/tags?post=49318"}],"curies":[{"name":"wp","href":"https:\/\/api.w.org\/{rel}","templated":true}]}}