{"id":49259,"date":"2023-06-01T11:41:35","date_gmt":"2023-06-01T14:41:35","guid":{"rendered":"https:\/\/www.paranapraia.com.br\/?p=49259"},"modified":"2023-06-01T11:41:36","modified_gmt":"2023-06-01T14:41:36","slug":"novo-aquario-de-foz-do-iguacu-vai-ampliar-geracao-de-emprego-e-atracao-de-turistas","status":"publish","type":"post","link":"https:\/\/www.paranapraia.com.br\/index.php\/2023\/06\/01\/novo-aquario-de-foz-do-iguacu-vai-ampliar-geracao-de-emprego-e-atracao-de-turistas\/","title":{"rendered":"Novo aqu\u00e1rio de Foz do Igua\u00e7u vai ampliar gera\u00e7\u00e3o de emprego e atra\u00e7\u00e3o de turistas"},"content":{"rendered":"\n<p>Um dos principais destinos tur\u00edsticos do Brasil, Foz do Igua\u00e7u, no Oeste do Paran\u00e1, vai ganhar um novo atrativo. O governador Carlos Massa Ratinho Junior participou nesta quinta-feira (1) do lan\u00e7amento das obras do AquaFoz, o Aqu\u00e1rio de Foz do Igua\u00e7u. A unidade do Grupo Cataratas est\u00e1 recebendo um investimento de R$ 100 milh\u00f5es e tem estimativa de gerar de at\u00e9 300 empregos diretos.<\/p>\n\n\n\n<p> A estrutura tamb\u00e9m deve ampliar a atra\u00e7\u00e3o de turistas para o munic\u00edpio.A emiss\u00e3o da Licen\u00e7a de Instala\u00e7\u00e3o foi conclu\u00edda pelo Instituto \u00c1gua e Terra (IAT) em maio e foi entregue pelo governador Carlos Massa Ratinho Junior \u00e0 diretoria do Grupo Cataratas. O licenciamento permite que o grupo que vai gerir e administrar o aqu\u00e1rio inicie as obras e, na sequ\u00eancia, as atividades comerciais. A previs\u00e3o \u00e9 que o AquaFoz seja inaugurado em dois anos, no primeiro semestre de 2025.<\/p>\n\n\n\n<p>\u201cEste \u00e9 mais um grande investimento para Foz do Igua\u00e7u, feito por um grupo com expertise no setor tur\u00edstico e que j\u00e1 tem um case de sucesso com o Aqu\u00e1rio do Rio de Janeiro. Al\u00e9m de gerar cerca de 300 empregos, esse projeto vai se tornar mais um atrativo tur\u00edstico para a cidade, fazendo com que os turistas permane\u00e7am mais tempo na cidade e gastem mais no com\u00e9rcio local\u201d, afirmou Ratinho Junior.<\/p>\n\n\n\n<p>\u201cAl\u00e9m do AquaFoz, temos encaminhada a instala\u00e7\u00e3o do Museu Pompidou na cidade, que est\u00e1 entre os cinco maiores do planeta, e estamos buscando parcerias para que outros museus venham para c\u00e1, porque o turismo de museu movimenta bilh\u00f5es em recursos todos os anos\u201d, acrescentou.<\/p>\n\n\n\n<p>A ministra do Turismo, Daniela Carneiro, destacou o papel de Foz do Igua\u00e7u no turismo nacional e comentou como novos empreendimentos, como o AquaFoz, movimentam o setor. \u201cQuando a gente fala de turismo se refere \u00e0 gera\u00e7\u00e3o de emprego e desenvolvimento econ\u00f4mico e social. E este empreendimento vai muito al\u00e9m do lazer, porque trata diretamente de sustentabilidade, educa\u00e7\u00e3o, qualifica\u00e7\u00e3o e pesquisa\u201d, ressaltou. <\/p>\n\n\n\n<p>EMPREENDIMENTO \u2013 O AquaFoz ser\u00e1 constru\u00eddo em uma \u00e1rea particular, de 23 mil metros quadrados, na entrada do Parque Nacional do Igua\u00e7u, ao lado do Centro de Visitantes, na BR-469. A previs\u00e3o de conclus\u00e3o da obra \u00e9 de 24 meses. O espa\u00e7o contar\u00e1 com diversos tanques com esp\u00e9cies de \u00e1gua doce e de ecossistemas marinhos que somam um volume total de aproximadamente 3,5 milh\u00f5es de litros de \u00e1gua.<\/p>\n\n\n\n<p>Al\u00e9m da quest\u00e3o tur\u00edstica, o complexo nasce como um centro de conserva\u00e7\u00e3o da biodiversidade, apoiado no trip\u00e9 educa\u00e7\u00e3o, pesquisa e preserva\u00e7\u00e3o. O objetivo \u00e9 conduzir estudos sobre ecologia alimentar e reprodutiva, distribui\u00e7\u00e3o geogr\u00e1fica, conserva\u00e7\u00e3o e coibi\u00e7\u00e3o de esp\u00e9cies ex\u00f3ticas, entre outros temas ligados ao meio ambiente.<\/p>\n\n\n\n<p>Segundo o CEO do Grupo Cataratas, Pablo Moris, o local permitir\u00e1 ao visitante conhecer por meio de uma experi\u00eancia imersiva e educativa, dois dos principais rios paranaenses, o Paran\u00e1 e o Igua\u00e7u, e ainda conhecer as esp\u00e9cies de peixes de \u00e1gua doce de diversos ecossistemas, formados ao longo desses rios.\u201cDesde 2015 administramos o AquaRio, que \u00e9 o Aqu\u00e1rio do Rio de Janeiro, e agora trazemos para Foz do Igua\u00e7u o AquaFoz. <\/p>\n\n\n\n<p>Ele n\u00e3o ser\u00e1 apenas um equipamento tur\u00edstico, mas um local importante para a conserva\u00e7\u00e3o da biodiversidade, onde ser\u00e1 trabalhado fortemente a quest\u00e3o da educa\u00e7\u00e3o ambiental, pesquisa e conserva\u00e7\u00e3o, com foco nas bacias do Rio Igua\u00e7u e do Rio Paran\u00e1, al\u00e9m de contar um pouco da hist\u00f3ria da Amaz\u00f4nia e do Pantanal\u201d, explicou.<\/p>\n\n\n\n<p>O AquaFoz tamb\u00e9m vai enriquecer a oferta tur\u00edstica em Foz do Igua\u00e7u, um dos mais importantes destinos do Brasil. A cidade conhecida mundialmente pelas Cataratas do Igua\u00e7u, dentro do Parque Nacional, conta ainda com atrativos como a Usina de Itaipu, Marco das Tr\u00eas Fronteiras (com uma das maiores rodas gigantes do Pa\u00eds), Parque das Aves e Macuco Saf\u00e1ri, al\u00e9m de estar localizada na fronteira com Argentina e Paraguai. Em 2022, segundo estimativa dos sindicatos locais, o munic\u00edpio recebeu mais de 2 milh\u00f5es de turistas.Para o prefeito de Foz do Igua\u00e7u, Chico Brasileiro, mais esta novidade vai fazer com que o turista fique por mais tempo na cidade, movimentando a economia.<\/p>\n\n\n\n<p> \u201cAl\u00e9m do atrativo, esse investimento representa um compromisso com a educa\u00e7\u00e3o e a conserva\u00e7\u00e3o ambiental. Ele vem se somar a outros atrativos e vai aumentar o tempo de perman\u00eancia do visitante em Foz do Igua\u00e7u, trazendo ganhos a toda a cadeia tur\u00edstica\u201d, salientou.<\/p>\n\n\n\n<p>INFRAESTRUTURA \u2013 Ratinho Junior aproveitou o evento para citar outros investimentos p\u00fablicos na regi\u00e3o. O Governo do Estado, em parceria com a Itaipu Binacional, est\u00e1 investindo tamb\u00e9m na amplia\u00e7\u00e3o e melhoria da infraestrutura da cidade, o que tem atra\u00eddo cada vez mais investimentos da iniciativa privada. Entre as interven\u00e7\u00f5es, destaque para segunda ponte com o Paraguai, a Ponte da Integra\u00e7\u00e3o, e a perimetral com a BR-277; a duplica\u00e7\u00e3o da Rodovia das Cataratas; e a amplia\u00e7\u00e3o da pista do Aeroporto Internacional.<\/p>\n\n\n\n<p>GRUPO CATARATAS \u2013 O Grupo Cataratas \u00e9 uma empresa de turismo sustent\u00e1vel, com cerca de 5 milh\u00f5es de visitantes anuais. Iniciou sua opera\u00e7\u00e3o em 1999, em Foz do Igua\u00e7u, com gest\u00e3o do Parque Nacional do Igua\u00e7u, no lado brasileiro das Cataratas. Tamb\u00e9m opera a concession\u00e1ria EcoNoronha, no Parque Nacional Marinho de Fernando de Noronha, o Marco das Tr\u00eas Fronteiras, em Foz do Igua\u00e7u, a Paineiras Corcovado (vans oficiais que fazem o transporte at\u00e9 o Alto Corcovado no Parque Nacional da Tijuca, no Rio), e o Aqu\u00e1rio e o BioParque do Rio de Janeiro.<\/p>\n\n\n\n<p>PRESEN\u00c7AS \u2013 Participaram da inaugura\u00e7\u00e3o o vice-governador Darci Piana; os secret\u00e1rios estaduais do Turismo, M\u00e1rcio Nunes, do Desenvolvimento Sustent\u00e1vel, Valdemar Bernardo Jorge, e da Comunica\u00e7\u00e3o, Cleber Mata; o presidente da Sanepar, Claudio Stabile; o presidente da Embratur, Marcelo Freixo; o presidente da Invest Paran\u00e1, Eduardo Bekin; o diretor-geral da Itaipu Binacional, Enio Verri; o diretor superintendente do Parque Tecnol\u00f3gico Itaipu (PTI), Irineu Colombo; o deputado federal Vermelho; os deputados estaduais Matheus Vermelho e Goura.<\/p>\n\n\n\n<p>AEN<\/p>\n","protected":false},"excerpt":{"rendered":"<p>Um dos principais destinos tur\u00edsticos do Brasil, Foz do Igua\u00e7u, no Oeste do Paran\u00e1, vai ganhar um novo atrativo. O governador Carlos Massa Ratinho Junior participou nesta quinta-feira (1) do lan\u00e7amento das obras do AquaFoz, o Aqu\u00e1rio de Foz do Igua\u00e7u. A unidade do Grupo Cataratas est\u00e1 recebendo um investimento de R$ 100 milh\u00f5es e [&hellip;]<\/p>\n","protected":false},"author":2,"featured_media":49260,"comment_status":"open","ping_status":"open","sticky":false,"template":"","format":"standard","meta":{"advanced_seo_description":"","jetpack_seo_html_title":"","jetpack_seo_noindex":false,"_jetpack_memberships_contains_paid_content":false,"footnotes":""},"categories":[38],"tags":[],"class_list":{"0":"post-49259","1":"post","2":"type-post","3":"status-publish","4":"format-standard","5":"has-post-thumbnail","7":"category-turismo"},"jetpack_featured_media_url":"https:\/\/www.paranapraia.com.br\/wp-content\/uploads\/2023\/06\/whatsapp_image_2023-06-01_at_09.52.22.jpg","jetpack_sharing_enabled":true,"_links":{"self":[{"href":"https:\/\/www.paranapraia.com.br\/index.php\/wp-json\/wp\/v2\/posts\/49259"}],"collection":[{"href":"https:\/\/www.paranapraia.com.br\/index.php\/wp-json\/wp\/v2\/posts"}],"about":[{"href":"https:\/\/www.paranapraia.com.br\/index.php\/wp-json\/wp\/v2\/types\/post"}],"author":[{"embeddable":true,"href":"https:\/\/www.paranapraia.com.br\/index.php\/wp-json\/wp\/v2\/users\/2"}],"replies":[{"embeddable":true,"href":"https:\/\/www.paranapraia.com.br\/index.php\/wp-json\/wp\/v2\/comments?post=49259"}],"version-history":[{"count":1,"href":"https:\/\/www.paranapraia.com.br\/index.php\/wp-json\/wp\/v2\/posts\/49259\/revisions"}],"predecessor-version":[{"id":49261,"href":"https:\/\/www.paranapraia.com.br\/index.php\/wp-json\/wp\/v2\/posts\/49259\/revisions\/49261"}],"wp:featuredmedia":[{"embeddable":true,"href":"https:\/\/www.paranapraia.com.br\/index.php\/wp-json\/wp\/v2\/media\/49260"}],"wp:attachment":[{"href":"https:\/\/www.paranapraia.com.br\/index.php\/wp-json\/wp\/v2\/media?parent=49259"}],"wp:term":[{"taxonomy":"category","embeddable":true,"href":"https:\/\/www.paranapraia.com.br\/index.php\/wp-json\/wp\/v2\/categories?post=49259"},{"taxonomy":"post_tag","embeddable":true,"href":"https:\/\/www.paranapraia.com.br\/index.php\/wp-json\/wp\/v2\/tags?post=49259"}],"curies":[{"name":"wp","href":"https:\/\/api.w.org\/{rel}","templated":true}]}}