{"id":49244,"date":"2023-06-01T10:15:21","date_gmt":"2023-06-01T13:15:21","guid":{"rendered":"https:\/\/www.paranapraia.com.br\/?p=49244"},"modified":"2023-06-01T10:15:23","modified_gmt":"2023-06-01T13:15:23","slug":"inscricoes-para-concurso-publico-com-121-vagas-da-unioeste-comecam-na-proxima-terca","status":"publish","type":"post","link":"https:\/\/www.paranapraia.com.br\/index.php\/2023\/06\/01\/inscricoes-para-concurso-publico-com-121-vagas-da-unioeste-comecam-na-proxima-terca\/","title":{"rendered":"Inscri\u00e7\u00f5es para concurso p\u00fablico com 121 vagas da Unioeste come\u00e7am na pr\u00f3xima ter\u00e7a"},"content":{"rendered":"\n<p>A Universidade Estadual do Oeste do Paran\u00e1 (Unioeste) realizar\u00e1 um concurso p\u00fablico para contrata\u00e7\u00e3o de 121 agentes universit\u00e1rios com sal\u00e1rios at\u00e9 R$ 3.574,57. Os novos profissionais da carreira t\u00e9cnico-administrativa ir\u00e3o atuar nos campi de Cascavel, Foz do Igua\u00e7u, Francisco Beltr\u00e3o, Marechal C\u00e2ndido Rondon e Toledo. O regime de trabalho \u00e9 estatut\u00e1rio com 40 horas semanais, que equivalem a oito horas por dia, de segunda a sexta-feira.As inscri\u00e7\u00f5es podem ser realizadas a partir de ter\u00e7a-feira (6) at\u00e9 6 de julho. <\/p>\n\n\n\n<p>A taxa \u00e9 de R$ 100 para n\u00edvel m\u00e9dio e R$ 150 para n\u00edvel superior. Segundo o edital, al\u00e9m da ampla concorr\u00eancia, algumas fun\u00e7\u00f5es contam com vagas reservadas para afrodescendente e pessoas com defici\u00eancia (PCD).Pessoas inscritas no Cadastro \u00danico para Programas Sociais do Governo Federal (Cad\u00danico) ou oriundas de fam\u00edlia de baixa renda, em conformidade com a legisla\u00e7\u00e3o, podem solicitar isen\u00e7\u00e3o da taxa de inscri\u00e7\u00e3o nos dias 6 e 7 de junho. <\/p>\n\n\n\n<p>O benef\u00edcio se estende aos doadores de sangue e de medula \u00f3ssea, assim como para cidad\u00e3os que tenham atuado em servi\u00e7o eleitoral em dois eventos, nos \u00faltimos dois anos. O candidato dever\u00e1 apresentar a documenta\u00e7\u00e3o prevista para a modalidade de isen\u00e7\u00e3o solicitada.<\/p>\n\n\n\n<p>O concurso ser\u00e1 organizado pela Funda\u00e7\u00e3o de Apoio ao Desenvolvimento da Universidade Estadual do Centro-Oeste (Unicentro). Os aprovados ser\u00e3o convocados por editais publicados no site unioeste.br\/concursos, de acordo com a ordem de classifica\u00e7\u00e3o. O prazo de validade do certame ser\u00e1 de dois anos com possibilidade de prorroga\u00e7\u00e3o por mais dois anos, a crit\u00e9rio da institui\u00e7\u00e3o de ensino superior.<\/p>\n\n\n\n<p>A pr\u00f3-reitora de Recursos Humanos da Unioeste, Joseane Rodrigues da Silva Nobre, ressalta que a universidade est\u00e1 preparada para receber os aprovados no concurso neste ano. \u201cO concurso est\u00e1 com as vagas autorizadas e nossa expectativa \u00e9 que at\u00e9 o final do ano de 2023 teremos mais de 100 novos servidores na Unioeste\u201d, afirma.<\/p>\n\n\n\n<p>SELE\u00c7\u00c3O \u2013 A primeira fase do concurso ser\u00e1 eliminat\u00f3ria e classificat\u00f3ria com aplica\u00e7\u00e3o de prova te\u00f3rica objetiva no dia 20 de agosto, nas cidades onde est\u00e3o localizados os campi da Unioeste, conforme escolha dos candidatos. As provas de n\u00edvel m\u00e9dio e superior ser\u00e3o realizadas em turnos diferentes, possibilitando que os candidatos concorram para duas vagas.<\/p>\n\n\n\n<p>O conte\u00fado program\u00e1tico \u00e9 composto por conte\u00fados de l\u00edngua portuguesa, matem\u00e1tica, racioc\u00ednio l\u00f3gico, legisla\u00e7\u00e3o, conhecimentos gerais e conhecimentos espec\u00edficos. Ser\u00e3o eliminados os candidatos que n\u00e3o atingirem a pontua\u00e7\u00e3o m\u00ednima de 60 pontos na Prova Te\u00f3rica Objetiva.<\/p>\n\n\n\n<p>A segunda fase do concurso, tamb\u00e9m de car\u00e1ter classificat\u00f3rio e eliminat\u00f3rio, prev\u00ea a aplica\u00e7\u00e3o de uma prova pr\u00e1tica no munic\u00edpio de Cascavel. Passar\u00e3o por esta avalia\u00e7\u00e3o os candidatos ao cargo de Tradutor-Int\u00e9rprete de Libras, em n\u00edvel superior, e, em n\u00edvel m\u00e9dio os selecionados para os cargos T\u00e9cnico em Anatomia e Necr\u00f3psia; T\u00e9cnico em Laborat\u00f3rio (Eletromec\u00e2nica, Eletrot\u00e9cnica, Eletricidade, Eletroeletr\u00f4nica ou Eletr\u00f4nica); T\u00e9cnico em Laborat\u00f3rio (Qu\u00edmica, An\u00e1lises Qu\u00edmicas ou An\u00e1lises Cl\u00ednicas); T\u00e9cnico em Laborat\u00f3rio (Mec\u00e2nica, Fabrica\u00e7\u00e3o Mec\u00e2nica ou Eletromec\u00e2nica) e T\u00e9cnico em Laborat\u00f3rio (Qu\u00edmica).Nas duas \u00faltimas fases ser\u00e3o avaliados, respectivamente, t\u00edtulos e qualifica\u00e7\u00f5es dos candidatos e curr\u00edculos e experi\u00eancias profissionais dos concorrentes. Essas etapas finais ser\u00e3o classificat\u00f3rias.<\/p>\n\n\n\n<p>\u00c1REAS \u2013 As 50 vagas para profissionais de n\u00edvel superior s\u00e3o direcionadas para as seguintes \u00e1reas: Administra\u00e7\u00e3o (5); Biblioteconomia (2); Ci\u00eancias Cont\u00e1beis (7); Comunica\u00e7\u00e3o Social (1); Direito (5); Enfermagem (1); Engenharia Agron\u00f4mica (1); Engenharia Civil (2); Medicina Veterin\u00e1ria (2); Nutri\u00e7\u00e3o (1); Pedagogia (4); Psicologia (6); Qu\u00edmica (2) e Servi\u00e7o Social (1).Tamb\u00e9m s\u00e3o ofertadas oportunidades para tr\u00eas tradutores-interpretes de Libras e sete para analistas de inform\u00e1tica, sendo uma espec\u00edfica para redes e infraestrutura e duas para desenvolvimento de sistemas.<\/p>\n\n\n\n<p>As 71 oportunidades para pessoas com n\u00edvel m\u00e9dio est\u00e3o distribu\u00eddas da seguinte forma: 46 vagas para t\u00e9cnicos administrativos; uma para t\u00e9cnico em Radiologia; duas para t\u00e9cnicos em Anatomia e Necropsia; 12 para t\u00e9cnicos de laborat\u00f3rio; uma para t\u00e9cnico de Laborat\u00f3rio de Mec\u00e2nica, Fabrica\u00e7\u00e3o Mec\u00e2nica ou Eletromec\u00e2nica; tr\u00eas para t\u00e9cnicos de Laborat\u00f3rio de Eletromec\u00e2nica, Eletrot\u00e9cnica, Eletricidade, Eletroeletr\u00f4nica ou Eletr\u00f4nica; tr\u00eas para t\u00e9cnicos de Laborat\u00f3rio de Qu\u00edmica; e tr\u00eas para t\u00e9cnicos de Laborat\u00f3rio de Qu\u00edmica, An\u00e1lises Qu\u00edmicas ou An\u00e1lises Cl\u00ednicas.<\/p>\n\n\n\n<p>LEGISLA\u00c7\u00c3O \u2013 A Lei n\u00ba 20.933\/2021, tamb\u00e9m chamada de Lei Geral das Universidades (LGU), e o Decreto n\u00ba 10.824\/2022 estabeleceram crit\u00e9rios de padroniza\u00e7\u00e3o de gest\u00e3o de pessoal, custeio e investimento das institui\u00e7\u00f5es estaduais de ensino superior do Paran\u00e1. Essa legisla\u00e7\u00e3o fortaleceu a autonomia universit\u00e1ria e possibilitou o controle de lota\u00e7\u00e3o dos servidores de cada institui\u00e7\u00e3o e a realiza\u00e7\u00e3o de concursos p\u00fablicos, observando o limite de 80% do respectivo quantitativo de cargos. Esse \u00e9 primeiro concurso para agentes universit\u00e1rios realizado pela Unioeste depois da implementa\u00e7\u00e3o da LGU.<\/p>\n\n\n\n<p>Servi\u00e7o:<\/p>\n\n\n\n<p>Concurso P\u00fablico para Agente Universit\u00e1rio da Unioeste<\/p>\n\n\n\n<p>Inscri\u00e7\u00f5es: 6 de junho a 6 de julho<\/p>\n\n\n\n<p>Oferta de vagas: 71 para profissionais de n\u00edvel m\u00e9dio e 50 para n\u00edvel superior<\/p>\n\n\n\n<p>Taxa de inscri\u00e7\u00e3o: R$ 100 para n\u00edvel m\u00e9dio e R$ 150 para n\u00edvel superior<\/p>\n\n\n\n<p>Isen\u00e7\u00e3o: 6 e 7 de junho<\/p>\n\n\n\n<p>Ensalamento: 16 de agosto<\/p>\n\n\n\n<p>Aplica\u00e7\u00e3o de prova te\u00f3rica: 20 de agosto<\/p>\n\n\n\n<p>Aplica\u00e7\u00e3o de prova pr\u00e1tica: 24 de setembro<\/p>\n\n\n\n<p>Classifica\u00e7\u00e3o final: 9 de outubro<\/p>\n\n\n\n<p>AEN<\/p>\n","protected":false},"excerpt":{"rendered":"<p>A Universidade Estadual do Oeste do Paran\u00e1 (Unioeste) realizar\u00e1 um concurso p\u00fablico para contrata\u00e7\u00e3o de 121 agentes universit\u00e1rios com sal\u00e1rios at\u00e9 R$ 3.574,57. Os novos profissionais da carreira t\u00e9cnico-administrativa ir\u00e3o atuar nos campi de Cascavel, Foz do Igua\u00e7u, Francisco Beltr\u00e3o, Marechal C\u00e2ndido Rondon e Toledo. O regime de trabalho \u00e9 estatut\u00e1rio com 40 horas semanais, [&hellip;]<\/p>\n","protected":false},"author":2,"featured_media":49245,"comment_status":"open","ping_status":"open","sticky":false,"template":"","format":"standard","meta":{"advanced_seo_description":"","jetpack_seo_html_title":"","jetpack_seo_noindex":false,"_jetpack_memberships_contains_paid_content":false,"footnotes":""},"categories":[40],"tags":[],"class_list":{"0":"post-49244","1":"post","2":"type-post","3":"status-publish","4":"format-standard","5":"has-post-thumbnail","7":"category-destaques"},"jetpack_featured_media_url":"https:\/\/www.paranapraia.com.br\/wp-content\/uploads\/2023\/06\/uepg-laboratorio.jpg","jetpack_sharing_enabled":true,"_links":{"self":[{"href":"https:\/\/www.paranapraia.com.br\/index.php\/wp-json\/wp\/v2\/posts\/49244"}],"collection":[{"href":"https:\/\/www.paranapraia.com.br\/index.php\/wp-json\/wp\/v2\/posts"}],"about":[{"href":"https:\/\/www.paranapraia.com.br\/index.php\/wp-json\/wp\/v2\/types\/post"}],"author":[{"embeddable":true,"href":"https:\/\/www.paranapraia.com.br\/index.php\/wp-json\/wp\/v2\/users\/2"}],"replies":[{"embeddable":true,"href":"https:\/\/www.paranapraia.com.br\/index.php\/wp-json\/wp\/v2\/comments?post=49244"}],"version-history":[{"count":1,"href":"https:\/\/www.paranapraia.com.br\/index.php\/wp-json\/wp\/v2\/posts\/49244\/revisions"}],"predecessor-version":[{"id":49246,"href":"https:\/\/www.paranapraia.com.br\/index.php\/wp-json\/wp\/v2\/posts\/49244\/revisions\/49246"}],"wp:featuredmedia":[{"embeddable":true,"href":"https:\/\/www.paranapraia.com.br\/index.php\/wp-json\/wp\/v2\/media\/49245"}],"wp:attachment":[{"href":"https:\/\/www.paranapraia.com.br\/index.php\/wp-json\/wp\/v2\/media?parent=49244"}],"wp:term":[{"taxonomy":"category","embeddable":true,"href":"https:\/\/www.paranapraia.com.br\/index.php\/wp-json\/wp\/v2\/categories?post=49244"},{"taxonomy":"post_tag","embeddable":true,"href":"https:\/\/www.paranapraia.com.br\/index.php\/wp-json\/wp\/v2\/tags?post=49244"}],"curies":[{"name":"wp","href":"https:\/\/api.w.org\/{rel}","templated":true}]}}