{"id":49234,"date":"2023-06-01T10:05:36","date_gmt":"2023-06-01T13:05:36","guid":{"rendered":"https:\/\/www.paranapraia.com.br\/?p=49234"},"modified":"2023-06-01T10:05:37","modified_gmt":"2023-06-01T13:05:37","slug":"projeto-arquitetonico-alia-luxo-e-pe-na-areia-em-meio-a-mata-atlantica-na-ilha-do-mel","status":"publish","type":"post","link":"https:\/\/www.paranapraia.com.br\/index.php\/2023\/06\/01\/projeto-arquitetonico-alia-luxo-e-pe-na-areia-em-meio-a-mata-atlantica-na-ilha-do-mel\/","title":{"rendered":"Projeto arquitet\u00f4nico alia luxo e \u201cp\u00e9 na areia\u201d em meio \u00e0 mata atl\u00e2ntica na Ilha do Mel"},"content":{"rendered":"\n<p>Um terreno de localiza\u00e7\u00e3o privilegiada, com frente e fundos para o mar em meio \u00e0 natureza preservada. Este foi o ponto de partida para o surgimento da Ilha do Mel Logdes, pousada inaugurada h\u00e1 pouco menos de seis meses com o objetivo de oferecer uma experi\u00eancia diferenciada de estadia no litoral paranaense.<\/p>\n\n\n\n<p>Erguido na praia do Istmo, o empreendimento foi idealizado pelo empres\u00e1rio Tairone Passos, que partiu da ideia de aliar a exclusividade da ilha (que tem limita\u00e7\u00e3o de visitantes por se tratar de unidade de preserva\u00e7\u00e3o) com uma proposta de hospedagem boutique, na qual o projeto arquitet\u00f4nico tem papel fundamental.<\/p>\n\n\n\n<figure class=\"wp-block-image size-full\"><img loading=\"lazy\" decoding=\"async\" width=\"660\" height=\"372\" src=\"https:\/\/www.paranapraia.com.br\/wp-content\/uploads\/2023\/06\/169-DESTAQUE-93-660x372-2.jpg\" alt=\"\" class=\"wp-image-49237\" srcset=\"https:\/\/www.paranapraia.com.br\/wp-content\/uploads\/2023\/06\/169-DESTAQUE-93-660x372-2.jpg 660w, https:\/\/www.paranapraia.com.br\/wp-content\/uploads\/2023\/06\/169-DESTAQUE-93-660x372-2-300x169.jpg 300w\" sizes=\"(max-width: 660px) 100vw, 660px\" \/><\/figure>\n\n\n\n<p>Assinada pelo arquiteto Ren\u00ea Remer, toda a estrutura est\u00e1 suspensa sobre um extenso deck de madeira, solu\u00e7\u00e3o encontrada para evitar a retirada de vegeta\u00e7\u00e3o e trazer mais conforto para a circula\u00e7\u00e3o de h\u00f3spedes e staff.<\/p>\n\n\n\n<p>&#8220;Temos um local perfeito, uma praia exuberante e uma vista de tirar o f\u00f4lego. Nada melhor do que ressaltar toda esta beleza com um projeto que conseguisse integrar o interior e o exterior. Claro, tivemos que criar diversas solu\u00e7\u00f5es com as vari\u00e1veis, como os desn\u00edveis de piso, criando um deck suspenso por toda a pousada, integrando e aproveitando todos os espa\u00e7os, para preservar as \u00e1rvores existentes e aproveitar a sombra delas&#8221;, explica o arquiteto.<\/p>\n\n\n\n<p>A entrada &#8220;oficial&#8221; da pousada conta com uma esp\u00e9cie de hall a c\u00e9u aberto, que d\u00e1 para os fundos dos cinco lodges existentes, mas o destaque fica para a \u00e1rea do deck que abriga a entrada das su\u00edtes: 150 m\u00b2 com frente desimpedida para o mar.<\/p>\n\n\n\n<figure class=\"wp-block-image size-full\"><img loading=\"lazy\" decoding=\"async\" width=\"660\" height=\"372\" src=\"https:\/\/www.paranapraia.com.br\/wp-content\/uploads\/2023\/06\/169-DESTAQUE-94-660x372-1.jpg\" alt=\"\" class=\"wp-image-49238\" srcset=\"https:\/\/www.paranapraia.com.br\/wp-content\/uploads\/2023\/06\/169-DESTAQUE-94-660x372-1.jpg 660w, https:\/\/www.paranapraia.com.br\/wp-content\/uploads\/2023\/06\/169-DESTAQUE-94-660x372-1-300x169.jpg 300w\" sizes=\"(max-width: 660px) 100vw, 660px\" \/><\/figure>\n\n\n\n<p>Conforme o idealizador, a disposi\u00e7\u00e3o das unidades foi pensada de modo que todas tivessem a mesma qualidade de vista, mas teve como fator definidor a presen\u00e7a das \u00e1rvores salpicadas pelo terreno &#8211; e que seguem em p\u00e9. &#8220;Criamos uma maquete da vegeta\u00e7\u00e3o e projetamos os lodges em torno delas [as \u00e1rvores]&#8221;, revela Tairone. Algumas das su\u00edtes t\u00eam at\u00e9 recortes no telhado para comportar a presen\u00e7a e o crescimento das castanheiras.<\/p>\n\n\n\n<p>Quatro das acomoda\u00e7\u00f5es t\u00eam 40 m\u00b2, a quinta, 80 m\u00b2, todas duplex, com quarto e varanda privativa no andar superior al\u00e9m de janelas do ch\u00e3o ao teto para aproveitar a luz natural e a localiza\u00e7\u00e3o \u00edmpar. No t\u00e9rreo, banheiro ao fundo, sala e cozinha integrados para aproveitamento do espa\u00e7o e, novamente, vista desimpedida. As escolhas feitas para formatar os lodges, no entanto, foram muito al\u00e9m da est\u00e9tica.<\/p>\n\n\n\n<p>&#8220;A op\u00e7\u00e3o de ser duplex era para maximizar ainda mais a vista, mas t\u00ednhamos uma altura m\u00e1xima a ser respeitada, por conta da legisla\u00e7\u00e3o. Da\u00ed saiu a ideia de utilizar uma cobertura em curva, que se abre para frente, com telha met\u00e1lica tipo sandu\u00edche, que \u00e9 leve e exige menos estrutura. Isso tamb\u00e9m permitiu aproveitar melhor o mezanino. Outra vantagem \u00e9 que o telhado \u00e9 um isolante t\u00e9rmico, que ajuda a diminuir a temperatura interna e assim, permite reduzir o uso do ar-condicionado. Quer\u00edamos ter um mezanino e ao mesmo tempo, uma sacada, por isso, fizemos uma passagem externa, que valorizou o conceito da natureza, assim, temos a sensa\u00e7\u00e3o de estarmos andando entre as \u00e1rvores&#8221;, enumera o respons\u00e1vel pelo projeto.<\/p>\n\n\n\n<figure class=\"wp-block-image size-full\"><img loading=\"lazy\" decoding=\"async\" width=\"660\" height=\"372\" src=\"https:\/\/www.paranapraia.com.br\/wp-content\/uploads\/2023\/06\/169-DESTAQUE-93-660x372-3.jpg\" alt=\"\" class=\"wp-image-49239\" srcset=\"https:\/\/www.paranapraia.com.br\/wp-content\/uploads\/2023\/06\/169-DESTAQUE-93-660x372-3.jpg 660w, https:\/\/www.paranapraia.com.br\/wp-content\/uploads\/2023\/06\/169-DESTAQUE-93-660x372-3-300x169.jpg 300w\" sizes=\"(max-width: 660px) 100vw, 660px\" \/><\/figure>\n\n\n\n<p>Toda a pousada tem ainda interiores assinados pelo arquiteto Marcelo Lopes, com escolhas certeiras para manter o clima &#8220;p\u00e9 na areia&#8221; sem descuidar da sofistica\u00e7\u00e3o. Muita textura (da madeira \u00e0 palha e o cordame n\u00e1utico) e paleta de cores calminha, focada nos off-whites e terrosos.<\/p>\n\n\n\n<p>Ele revela que todo o projeto de finaliza\u00e7\u00e3o foi fundamentado no entorno. &#8220;A conex\u00e3o dos propriet\u00e1rios com a ilha inspirou o cuidado na escolha dos materiais, das cores, o cuidado no paisagismo e ilumina\u00e7\u00e3o. Tudo pensado para real\u00e7ar a beleza natural da Ilha e criar belas mem\u00f3rias no imagin\u00e1rio dos visitantes&#8221;, afirma.<\/p>\n\n\n\n<p>Lopes destaca ainda que, al\u00e9m da disposi\u00e7\u00e3o interna dos lodges, voltada ao mar, a ambienta\u00e7\u00e3o da \u00e1rea comum foi pensada de forma a acolher os visitantes, &#8220;num convite a experienciar a natureza e se conectar com a ilha&#8221;. No projeto, ganhou destaque uma canoa, esculpida em fam\u00edlia pelos donos da pousada, que para ele &#8220;traduz a energia do local&#8221;.<\/p>\n\n\n\n<p>Fotos: Cristina Seciuk\/HAUS<\/p>\n\n\n\n<p>Por Haus<\/p>\n","protected":false},"excerpt":{"rendered":"<p>Um terreno de localiza\u00e7\u00e3o privilegiada, com frente e fundos para o mar em meio \u00e0 natureza preservada. Este foi o ponto de partida para o surgimento da Ilha do Mel Logdes, pousada inaugurada h\u00e1 pouco menos de seis meses com o objetivo de oferecer uma experi\u00eancia diferenciada de estadia no litoral paranaense. Erguido na praia [&hellip;]<\/p>\n","protected":false},"author":2,"featured_media":49236,"comment_status":"open","ping_status":"open","sticky":false,"template":"","format":"standard","meta":{"advanced_seo_description":"","jetpack_seo_html_title":"","jetpack_seo_noindex":false,"_jetpack_memberships_contains_paid_content":false,"footnotes":""},"categories":[40],"tags":[],"class_list":{"0":"post-49234","1":"post","2":"type-post","3":"status-publish","4":"format-standard","5":"has-post-thumbnail","7":"category-destaques"},"jetpack_featured_media_url":"https:\/\/www.paranapraia.com.br\/wp-content\/uploads\/2023\/06\/169-DESTAQUE-98-660x372-1.jpg","jetpack_sharing_enabled":true,"_links":{"self":[{"href":"https:\/\/www.paranapraia.com.br\/index.php\/wp-json\/wp\/v2\/posts\/49234"}],"collection":[{"href":"https:\/\/www.paranapraia.com.br\/index.php\/wp-json\/wp\/v2\/posts"}],"about":[{"href":"https:\/\/www.paranapraia.com.br\/index.php\/wp-json\/wp\/v2\/types\/post"}],"author":[{"embeddable":true,"href":"https:\/\/www.paranapraia.com.br\/index.php\/wp-json\/wp\/v2\/users\/2"}],"replies":[{"embeddable":true,"href":"https:\/\/www.paranapraia.com.br\/index.php\/wp-json\/wp\/v2\/comments?post=49234"}],"version-history":[{"count":1,"href":"https:\/\/www.paranapraia.com.br\/index.php\/wp-json\/wp\/v2\/posts\/49234\/revisions"}],"predecessor-version":[{"id":49240,"href":"https:\/\/www.paranapraia.com.br\/index.php\/wp-json\/wp\/v2\/posts\/49234\/revisions\/49240"}],"wp:featuredmedia":[{"embeddable":true,"href":"https:\/\/www.paranapraia.com.br\/index.php\/wp-json\/wp\/v2\/media\/49236"}],"wp:attachment":[{"href":"https:\/\/www.paranapraia.com.br\/index.php\/wp-json\/wp\/v2\/media?parent=49234"}],"wp:term":[{"taxonomy":"category","embeddable":true,"href":"https:\/\/www.paranapraia.com.br\/index.php\/wp-json\/wp\/v2\/categories?post=49234"},{"taxonomy":"post_tag","embeddable":true,"href":"https:\/\/www.paranapraia.com.br\/index.php\/wp-json\/wp\/v2\/tags?post=49234"}],"curies":[{"name":"wp","href":"https:\/\/api.w.org\/{rel}","templated":true}]}}