{"id":49219,"date":"2023-05-31T20:54:04","date_gmt":"2023-05-31T23:54:04","guid":{"rendered":"https:\/\/www.paranapraia.com.br\/?p=49219"},"modified":"2023-05-31T20:54:04","modified_gmt":"2023-05-31T23:54:04","slug":"presidente-da-fetap-esteve-em-pontal-do-parana-para-entregar-arco-olimpico-a-atleta-pontalense","status":"publish","type":"post","link":"https:\/\/www.paranapraia.com.br\/index.php\/2023\/05\/31\/presidente-da-fetap-esteve-em-pontal-do-parana-para-entregar-arco-olimpico-a-atleta-pontalense\/","title":{"rendered":"Presidente da FETAP esteve em Pontal do Paran\u00e1 para entregar arco ol\u00edmpico \u00e0 atleta pontalense"},"content":{"rendered":"\n<p>O Presidente da Fetap &#8211; Federa\u00e7\u00e3o de Tiro com Arco do Paran\u00e1, Ord\u00e1lio Frizzo, acompanhado do Secret\u00e1rio Municipal de Esportes, Cultura, Lazer e Juventude, Jo\u00e3o Carlos Marcon, foram recebidos pelo Prefeito de Pontal do Paran\u00e1, Rud\u00e3o Gimenes em seu gabinete, para realizar a entrega de um Arco Recurvo Ol\u00edmpico, da Marca Francesa Fivicz para uma atleta pontalense, no valor de R$ 12 mil.<\/p>\n\n\n\n<p>Yanina Fernanda Ferraro Ocanha, tem 13 anos e \u00e9 atleta da Escola de Tiro com Arco de Pontal do Paran\u00e1 desde que ela foi fundada, possuindo um dos melhores desenvolvimentos e desempenhos do munic\u00edpio. Ela j\u00e1 ganhou muitas medalhas e agora foi escolhida para receber o Arco Ol\u00edmpico. Inclusive na entrega, ela estava portando sua \u00faltima conquista, a medalha de Bronze do Tiro com Arco nos Jogos Escolares Estaduais do ano passado.<\/p>\n\n\n\n<p>Ord\u00e1lio Frizzo, Presidente da Fetap, explica porque o Arco Ol\u00edmpico foi doado para Pontal do Paran\u00e1: \u201cA&nbsp;CBTARCO (Confedera\u00e7\u00e3o Brasileira de Tiro com Arco)&nbsp;tem um programa de desenvolvimento de atletas de base. Como os resultados da Yanina t\u00eam sido muito positivos, na Cl\u00ednica que as instrutoras de Pontal do Paran\u00e1 estiveram recentemente em Maric\u00e1-RJ, foi oferecido o equipamento para continuar o desenvolvimento dela como atleta de base\u201d, disse o Presidente.<\/p>\n\n\n\n<p>Na entrega estiveram\u00a0a Instrutora e Coordenadora da Escola de Tiro com Arco de Pontal do Paran\u00e1, Poliane Cristina Barretto e o Instrutor Junior Bratti, al\u00e9m da m\u00e3e da atleta, a professora Keller Maria Franco Ferraro.<\/p>\n\n\n\n<figure class=\"wp-block-gallery has-nested-images columns-1 is-cropped wp-block-gallery-1 is-layout-flex wp-block-gallery-is-layout-flex\">\n<figure class=\"wp-block-image size-large\"><img loading=\"lazy\" decoding=\"async\" width=\"1024\" height=\"478\" data-id=\"49221\" src=\"https:\/\/www.paranapraia.com.br\/wp-content\/uploads\/2023\/05\/310523171309_photo20230531153746_2_jpg-1024x478.jpg\" alt=\"\" class=\"wp-image-49221\" srcset=\"https:\/\/www.paranapraia.com.br\/wp-content\/uploads\/2023\/05\/310523171309_photo20230531153746_2_jpg-1024x478.jpg 1024w, https:\/\/www.paranapraia.com.br\/wp-content\/uploads\/2023\/05\/310523171309_photo20230531153746_2_jpg-300x140.jpg 300w, https:\/\/www.paranapraia.com.br\/wp-content\/uploads\/2023\/05\/310523171309_photo20230531153746_2_jpg-768x359.jpg 768w, https:\/\/www.paranapraia.com.br\/wp-content\/uploads\/2023\/05\/310523171309_photo20230531153746_2_jpg-696x325.jpg 696w, https:\/\/www.paranapraia.com.br\/wp-content\/uploads\/2023\/05\/310523171309_photo20230531153746_2_jpg-1068x499.jpg 1068w, https:\/\/www.paranapraia.com.br\/wp-content\/uploads\/2023\/05\/310523171309_photo20230531153746_2_jpg-899x420.jpg 899w, https:\/\/www.paranapraia.com.br\/wp-content\/uploads\/2023\/05\/310523171309_photo20230531153746_2_jpg.jpg 1280w\" sizes=\"(max-width: 1024px) 100vw, 1024px\" \/><\/figure>\n\n\n\n<figure class=\"wp-block-image size-large\"><img loading=\"lazy\" decoding=\"async\" width=\"1024\" height=\"478\" data-id=\"49222\" src=\"https:\/\/www.paranapraia.com.br\/wp-content\/uploads\/2023\/05\/310523171309_photo20230531153746_jpg-1024x478.jpg\" alt=\"\" class=\"wp-image-49222\" srcset=\"https:\/\/www.paranapraia.com.br\/wp-content\/uploads\/2023\/05\/310523171309_photo20230531153746_jpg-1024x478.jpg 1024w, https:\/\/www.paranapraia.com.br\/wp-content\/uploads\/2023\/05\/310523171309_photo20230531153746_jpg-300x140.jpg 300w, https:\/\/www.paranapraia.com.br\/wp-content\/uploads\/2023\/05\/310523171309_photo20230531153746_jpg-768x359.jpg 768w, https:\/\/www.paranapraia.com.br\/wp-content\/uploads\/2023\/05\/310523171309_photo20230531153746_jpg-696x325.jpg 696w, https:\/\/www.paranapraia.com.br\/wp-content\/uploads\/2023\/05\/310523171309_photo20230531153746_jpg-1068x499.jpg 1068w, https:\/\/www.paranapraia.com.br\/wp-content\/uploads\/2023\/05\/310523171309_photo20230531153746_jpg-899x420.jpg 899w, https:\/\/www.paranapraia.com.br\/wp-content\/uploads\/2023\/05\/310523171309_photo20230531153746_jpg.jpg 1280w\" sizes=\"(max-width: 1024px) 100vw, 1024px\" \/><\/figure>\n<\/figure>\n\n\n\n<p>A m\u00e3e da atleta comentou sobre a emo\u00e7\u00e3o de ver sua filha ser agraciada com um Arco Ol\u00edmpico: \u201cTemos muita gratid\u00e3o por este projeto que foi desenvolvido pelo munic\u00edpio, onde minha filha pode desenvolver as habilidades espec\u00edficas dela. Estou muito feliz como m\u00e3e, ela \u00e9 puro orgulho. A entrega deste equipamento \u00e9 \u00fanica, porque \u00e9 o reconhecimento do potencial que ela tem demonstrado, dentro da faixa et\u00e1ria e das condi\u00e7\u00f5es dela. Ela tem evolu\u00eddo e apresentado \u00f3timos resultados\u201d, disse a m\u00e3e.<\/p>\n\n\n\n<p>Assessoria<\/p>\n","protected":false},"excerpt":{"rendered":"<p>O Presidente da Fetap &#8211; Federa\u00e7\u00e3o de Tiro com Arco do Paran\u00e1, Ord\u00e1lio Frizzo, acompanhado do Secret\u00e1rio Municipal de Esportes, Cultura, Lazer e Juventude, Jo\u00e3o Carlos Marcon, foram recebidos pelo Prefeito de Pontal do Paran\u00e1, Rud\u00e3o Gimenes em seu gabinete, para realizar a entrega de um Arco Recurvo Ol\u00edmpico, da Marca Francesa Fivicz para uma [&hellip;]<\/p>\n","protected":false},"author":2,"featured_media":49220,"comment_status":"open","ping_status":"open","sticky":false,"template":"","format":"standard","meta":{"advanced_seo_description":"","jetpack_seo_html_title":"","jetpack_seo_noindex":false,"_jetpack_memberships_contains_paid_content":false,"footnotes":""},"categories":[40],"tags":[],"class_list":{"0":"post-49219","1":"post","2":"type-post","3":"status-publish","4":"format-standard","5":"has-post-thumbnail","7":"category-destaques"},"jetpack_featured_media_url":"https:\/\/www.paranapraia.com.br\/wp-content\/uploads\/2023\/05\/310523171249_photo20230531163243_jpg.jpg","jetpack_sharing_enabled":true,"_links":{"self":[{"href":"https:\/\/www.paranapraia.com.br\/index.php\/wp-json\/wp\/v2\/posts\/49219"}],"collection":[{"href":"https:\/\/www.paranapraia.com.br\/index.php\/wp-json\/wp\/v2\/posts"}],"about":[{"href":"https:\/\/www.paranapraia.com.br\/index.php\/wp-json\/wp\/v2\/types\/post"}],"author":[{"embeddable":true,"href":"https:\/\/www.paranapraia.com.br\/index.php\/wp-json\/wp\/v2\/users\/2"}],"replies":[{"embeddable":true,"href":"https:\/\/www.paranapraia.com.br\/index.php\/wp-json\/wp\/v2\/comments?post=49219"}],"version-history":[{"count":1,"href":"https:\/\/www.paranapraia.com.br\/index.php\/wp-json\/wp\/v2\/posts\/49219\/revisions"}],"predecessor-version":[{"id":49223,"href":"https:\/\/www.paranapraia.com.br\/index.php\/wp-json\/wp\/v2\/posts\/49219\/revisions\/49223"}],"wp:featuredmedia":[{"embeddable":true,"href":"https:\/\/www.paranapraia.com.br\/index.php\/wp-json\/wp\/v2\/media\/49220"}],"wp:attachment":[{"href":"https:\/\/www.paranapraia.com.br\/index.php\/wp-json\/wp\/v2\/media?parent=49219"}],"wp:term":[{"taxonomy":"category","embeddable":true,"href":"https:\/\/www.paranapraia.com.br\/index.php\/wp-json\/wp\/v2\/categories?post=49219"},{"taxonomy":"post_tag","embeddable":true,"href":"https:\/\/www.paranapraia.com.br\/index.php\/wp-json\/wp\/v2\/tags?post=49219"}],"curies":[{"name":"wp","href":"https:\/\/api.w.org\/{rel}","templated":true}]}}