{"id":49206,"date":"2023-05-31T15:20:48","date_gmt":"2023-05-31T18:20:48","guid":{"rendered":"https:\/\/www.paranapraia.com.br\/?p=49206"},"modified":"2023-05-31T15:20:49","modified_gmt":"2023-05-31T18:20:49","slug":"porto-de-paranagua-e-o-primeiro-porto-publico-do-brasil-a-receber-certificacao-ambiental-global","status":"publish","type":"post","link":"https:\/\/www.paranapraia.com.br\/index.php\/2023\/05\/31\/porto-de-paranagua-e-o-primeiro-porto-publico-do-brasil-a-receber-certificacao-ambiental-global\/","title":{"rendered":"Porto de Paranagu\u00e1 \u00e9 o primeiro porto p\u00fablico do Brasil a receber certifica\u00e7\u00e3o ambiental global"},"content":{"rendered":"\n<p>O Porto de Paranagu\u00e1, no Paran\u00e1, se tornou o primeiro porto p\u00fablico brasileiro a conquistar o certificado internacional Ecoports, a mais importante certifica\u00e7\u00e3o do mundo voltada para gest\u00e3o ambiental portu\u00e1ria. O reconhecimento \u00e9 feito pela Organiza\u00e7\u00e3o de Portos Mar\u00edtimos Europeus (ESPO) e coloca o porto paranaense como refer\u00eancia mundial em gest\u00e3o e boas pr\u00e1ticas ambientais.<\/p>\n\n\n\n<p>\u201cEssa certifica\u00e7\u00e3o \u00e9 uma garantia, para investidores e clientes de que nossas opera\u00e7\u00f5es cumprem requisitos de boas pr\u00e1ticas ambientais. \u00c9 resultado de um trabalho conjunto com toda a comunidade portu\u00e1ria e deve atrair ainda mais neg\u00f3cios e investimentos para o Estado, tornando o porto mais competitivo no mercado global\u201d, destaca o diretor-presidente da empresa p\u00fablica Portos do Paran\u00e1, Luiz Fernando Garcia.<\/p>\n\n\n\n<p>Para ele, o selo refor\u00e7a o compromisso de desenvolver Paranagu\u00e1 como um porto de classe mundial. Na semana passada, a Portos do Paran\u00e1 recebeu uma\u00a0comitiva da Organiza\u00e7\u00e3o para a Coopera\u00e7\u00e3o e Desenvolvimento Econ\u00f4mico (OCDE), que re\u00fane os pa\u00edses mais desenvolvidos do mundo, dentro do projeto de expans\u00e3o dos Objetivos de Desenvolvimento Sustent\u00e1vel no Estado.<\/p>\n\n\n\n<p>\u201cNosso objetivo \u00e9 ter um desempenho ambiental e operacional de alta performance, nos melhores padr\u00f5es globais\u201d, disse.<\/p>\n\n\n\n<p>A conquista vem depois de uma inspe\u00e7\u00e3o rigorosa feita pelo Lloyd&#8217;s Register Quality Assurance, um \u00f3rg\u00e3o internacional independente, com sede no Reino Unido. \u201cA auditoria \u00e9 criteriosa, feita de forma neutra. A avalia\u00e7\u00e3o considera o perfil do porto e a intera\u00e7\u00e3o da atividade portu\u00e1ria com o meio ambiente\u201d, explica o auditor l\u00edder do processo, Rog\u00e9rio Duarte.<\/p>\n\n\n\n<p>\u201cUm dos requisitos \u00e9 a exist\u00eancia de uma declara\u00e7\u00e3o de pol\u00edtica ambiental, o cumprimento de aspectos legais, as responsabilidades e recursos, a revis\u00e3o da conformidade e a exist\u00eancia de um relat\u00f3rio enviado bianualmente ambiental e exemplos de boas pr\u00e1ticas\u201d, completa.<\/p>\n\n\n\n<p>O certificado \u00e9 voltado especificamente para a atividade portu\u00e1ria, seguindo preceitos e regulamentos do ISO 14001, e com base em um sistema de revis\u00e3o chamado de Port Environmental Review System (PERS).<\/p>\n\n\n\n<p>Para conquistar o selo, foram quase tr\u00eas anos de trabalho. \u201cInicialmente passamos por uma pr\u00e9-avalia\u00e7\u00e3o que chamamos de Self Diagnosis Method. Consolidamos procedimentos e regulamentos, promovemos a remodela\u00e7\u00e3o de programas e com a ajuda de operadores e empresas, partimos para emiss\u00e3o do certificado\u201d, conta Jo\u00e3o Paulo Ribeiro Santana, diretor de Meio Ambiente da Portos do Paran\u00e1.<\/p>\n\n\n\n<p>A chancela tem validade de dois anos. No Brasil, al\u00e9m de Paranagu\u00e1, que \u00e9 um porto p\u00fablico, somente o porto privado do A\u00e7u, no Rio de Janeiro, possui a certifica\u00e7\u00e3o.<\/p>\n\n\n\n<p><strong>EXPANS\u00c3O PORTU\u00c1RIA<\/strong>\u00a0\u2013 O certificado chega em momento de expans\u00e3o das atividades no Estado. De 2017 a 2022, os portos paranaenses (Paranagu\u00e1 e Antonina) registraram aumento de quase 14% na movimenta\u00e7\u00e3o de cargas, chegando ao recorde hist\u00f3rico de 58,3 milh\u00f5es de toneladas.\u00a0Neste primeiro quadrimestre, o total acumulado passa das\u00a019 milh\u00f5es de toneladas, 2% a mais que as 18,7 milh\u00f5es registradas de janeiro a abril no ano passado.<\/p>\n\n\n\n<p>AEN<\/p>\n","protected":false},"excerpt":{"rendered":"<p>O Porto de Paranagu\u00e1, no Paran\u00e1, se tornou o primeiro porto p\u00fablico brasileiro a conquistar o certificado internacional Ecoports, a mais importante certifica\u00e7\u00e3o do mundo voltada para gest\u00e3o ambiental portu\u00e1ria. O reconhecimento \u00e9 feito pela Organiza\u00e7\u00e3o de Portos Mar\u00edtimos Europeus (ESPO) e coloca o porto paranaense como refer\u00eancia mundial em gest\u00e3o e boas pr\u00e1ticas ambientais. [&hellip;]<\/p>\n","protected":false},"author":2,"featured_media":49207,"comment_status":"open","ping_status":"open","sticky":false,"template":"","format":"standard","meta":{"advanced_seo_description":"","jetpack_seo_html_title":"","jetpack_seo_noindex":false,"_jetpack_memberships_contains_paid_content":false,"footnotes":""},"categories":[40],"tags":[],"class_list":{"0":"post-49206","1":"post","2":"type-post","3":"status-publish","4":"format-standard","5":"has-post-thumbnail","7":"category-destaques"},"jetpack_featured_media_url":"https:\/\/www.paranapraia.com.br\/wp-content\/uploads\/2023\/05\/20230504_090156-scaled.jpg","jetpack_sharing_enabled":true,"_links":{"self":[{"href":"https:\/\/www.paranapraia.com.br\/index.php\/wp-json\/wp\/v2\/posts\/49206"}],"collection":[{"href":"https:\/\/www.paranapraia.com.br\/index.php\/wp-json\/wp\/v2\/posts"}],"about":[{"href":"https:\/\/www.paranapraia.com.br\/index.php\/wp-json\/wp\/v2\/types\/post"}],"author":[{"embeddable":true,"href":"https:\/\/www.paranapraia.com.br\/index.php\/wp-json\/wp\/v2\/users\/2"}],"replies":[{"embeddable":true,"href":"https:\/\/www.paranapraia.com.br\/index.php\/wp-json\/wp\/v2\/comments?post=49206"}],"version-history":[{"count":1,"href":"https:\/\/www.paranapraia.com.br\/index.php\/wp-json\/wp\/v2\/posts\/49206\/revisions"}],"predecessor-version":[{"id":49208,"href":"https:\/\/www.paranapraia.com.br\/index.php\/wp-json\/wp\/v2\/posts\/49206\/revisions\/49208"}],"wp:featuredmedia":[{"embeddable":true,"href":"https:\/\/www.paranapraia.com.br\/index.php\/wp-json\/wp\/v2\/media\/49207"}],"wp:attachment":[{"href":"https:\/\/www.paranapraia.com.br\/index.php\/wp-json\/wp\/v2\/media?parent=49206"}],"wp:term":[{"taxonomy":"category","embeddable":true,"href":"https:\/\/www.paranapraia.com.br\/index.php\/wp-json\/wp\/v2\/categories?post=49206"},{"taxonomy":"post_tag","embeddable":true,"href":"https:\/\/www.paranapraia.com.br\/index.php\/wp-json\/wp\/v2\/tags?post=49206"}],"curies":[{"name":"wp","href":"https:\/\/api.w.org\/{rel}","templated":true}]}}