{"id":49201,"date":"2023-05-31T14:47:25","date_gmt":"2023-05-31T17:47:25","guid":{"rendered":"https:\/\/www.paranapraia.com.br\/?p=49201"},"modified":"2023-05-31T14:47:25","modified_gmt":"2023-05-31T17:47:25","slug":"vereadores-participam-da-assinatura-da-ordem-de-servico-da-casa-da-mulher-de-paranagua","status":"publish","type":"post","link":"https:\/\/www.paranapraia.com.br\/index.php\/2023\/05\/31\/vereadores-participam-da-assinatura-da-ordem-de-servico-da-casa-da-mulher-de-paranagua\/","title":{"rendered":"Vereadores participam da assinatura da ordem de servi\u00e7o da Casa da Mulher de Paranagu\u00e1"},"content":{"rendered":"\n<p>Os vereadores da C\u00e2mara Municipal de Paranagu\u00e1 participaram, na manh\u00e3 desta quarta-feira (30), da assinatura da Ordem de Servi\u00e7o que autoriza o in\u00edcio das obras de constru\u00e7\u00e3o da Casa da Mulher.<\/p>\n\n\n\n<p>O local, que ficar\u00e1 no bairro Embogua\u00e7u, ter\u00e1 investimentos na ordem de R$ 1.1 MI, e servir\u00e1 para abrigar e atender as mulheres v\u00edtimas de viol\u00eancia, fornecendo a elas suportes psicol\u00f3gico, na \u00e1rea da sa\u00fade, seguran\u00e7a e jur\u00eddico.<\/p>\n\n\n\n<p>O <a><\/a>presidente da C\u00e2mara Municipal de Paranagu\u00e1, Fabio Santos (PSDB), destacou o fato de a cidade estar avan\u00e7ando em pol\u00edticas p\u00fablicas voltadas \u00e0s mulheres, sendo a constru\u00e7\u00e3o da Casa da Mulher mais um passo importante.<\/p>\n\n\n\n<p>&#8220;Os vereadores de nossa C\u00e2mara t\u00eam legislado para melhorar a infraestrutura da cidade em v\u00e1rias regi\u00f5es e em v\u00e1rios segmentos, por isso estamos aqui, \u00e0 convite do prefeito Marcelo Roque , neste dia especial, como forma de reconhecimento a nossa participa\u00e7\u00e3o e parceria com a Administra\u00e7\u00e3o Municipal no que se refere ao desenvolvimento da cidade&#8221;, disse o presidente da Casa Legislativa Municipal.<\/p>\n\n\n\n<p>A Casa da Mulher, ao ficar pronta, colocar\u00e1 a cidade de Paranagu\u00e1 entre as poucas cidades do Paran\u00e1 a contar, em um s\u00f3 local, com servi\u00e7os de prote\u00e7\u00e3o, apoio e cuidados para com as mulheres v\u00edtimas de viol\u00eancia f\u00edsica, verbal e emocional.<\/p>\n\n\n\n<p>Participaram do evento, na Prefeitura de Paranagu\u00e1 , os seguintes vereadores:<\/p>\n\n\n\n<p>Fabio Santos, Junior Leite, Isabelle Dias, Manoel Aleixo, Renan Britto, Oziel Marques e Jean Domingues.<\/p>\n\n\n\n<p>Assessoria<\/p>\n","protected":false},"excerpt":{"rendered":"<p>Os vereadores da C\u00e2mara Municipal de Paranagu\u00e1 participaram, na manh\u00e3 desta quarta-feira (30), da assinatura da Ordem de Servi\u00e7o que autoriza o in\u00edcio das obras de constru\u00e7\u00e3o da Casa da Mulher. O local, que ficar\u00e1 no bairro Embogua\u00e7u, ter\u00e1 investimentos na ordem de R$ 1.1 MI, e servir\u00e1 para abrigar e atender as mulheres v\u00edtimas [&hellip;]<\/p>\n","protected":false},"author":2,"featured_media":49202,"comment_status":"open","ping_status":"open","sticky":false,"template":"","format":"standard","meta":{"advanced_seo_description":"","jetpack_seo_html_title":"","jetpack_seo_noindex":false,"_jetpack_memberships_contains_paid_content":false,"footnotes":""},"categories":[77],"tags":[],"class_list":{"0":"post-49201","1":"post","2":"type-post","3":"status-publish","4":"format-standard","5":"has-post-thumbnail","7":"category-paranagua"},"jetpack_featured_media_url":"https:\/\/www.paranapraia.com.br\/wp-content\/uploads\/2023\/05\/350458131_280555614488477_3855682383269127193_n.jpg","jetpack_sharing_enabled":true,"_links":{"self":[{"href":"https:\/\/www.paranapraia.com.br\/index.php\/wp-json\/wp\/v2\/posts\/49201"}],"collection":[{"href":"https:\/\/www.paranapraia.com.br\/index.php\/wp-json\/wp\/v2\/posts"}],"about":[{"href":"https:\/\/www.paranapraia.com.br\/index.php\/wp-json\/wp\/v2\/types\/post"}],"author":[{"embeddable":true,"href":"https:\/\/www.paranapraia.com.br\/index.php\/wp-json\/wp\/v2\/users\/2"}],"replies":[{"embeddable":true,"href":"https:\/\/www.paranapraia.com.br\/index.php\/wp-json\/wp\/v2\/comments?post=49201"}],"version-history":[{"count":1,"href":"https:\/\/www.paranapraia.com.br\/index.php\/wp-json\/wp\/v2\/posts\/49201\/revisions"}],"predecessor-version":[{"id":49203,"href":"https:\/\/www.paranapraia.com.br\/index.php\/wp-json\/wp\/v2\/posts\/49201\/revisions\/49203"}],"wp:featuredmedia":[{"embeddable":true,"href":"https:\/\/www.paranapraia.com.br\/index.php\/wp-json\/wp\/v2\/media\/49202"}],"wp:attachment":[{"href":"https:\/\/www.paranapraia.com.br\/index.php\/wp-json\/wp\/v2\/media?parent=49201"}],"wp:term":[{"taxonomy":"category","embeddable":true,"href":"https:\/\/www.paranapraia.com.br\/index.php\/wp-json\/wp\/v2\/categories?post=49201"},{"taxonomy":"post_tag","embeddable":true,"href":"https:\/\/www.paranapraia.com.br\/index.php\/wp-json\/wp\/v2\/tags?post=49201"}],"curies":[{"name":"wp","href":"https:\/\/api.w.org\/{rel}","templated":true}]}}