{"id":49196,"date":"2023-05-31T14:28:30","date_gmt":"2023-05-31T17:28:30","guid":{"rendered":"https:\/\/www.paranapraia.com.br\/?p=49196"},"modified":"2023-05-31T14:28:30","modified_gmt":"2023-05-31T17:28:30","slug":"previne-brasil-guaratuba-esta-em-1o-lugar-no-ranking-da-atencao-primaria-no-litoral","status":"publish","type":"post","link":"https:\/\/www.paranapraia.com.br\/index.php\/2023\/05\/31\/previne-brasil-guaratuba-esta-em-1o-lugar-no-ranking-da-atencao-primaria-no-litoral\/","title":{"rendered":"Previne Brasil: Guaratuba est\u00e1 em 1\u00ba lugar no ranking da Aten\u00e7\u00e3o Prim\u00e1ria no Litoral"},"content":{"rendered":"\n<p>Guaratuba conquistou o 1\u00ba lugar do Litoral no ranking dos Indicadores de Desempenho do Programa Previne Brasil. O resultado \u00e9 referente ao primeiro quadrimestre deste ano e foi divulgado na \u00faltima quarta-feira (24).<\/p>\n\n\n\n<p><br>A cada quatro meses, o desempenho dos munic\u00edpios brasileiros na aten\u00e7\u00e3o prim\u00e1ria \u00e9 avaliado e tem impacto no financiamento federal. A cidade passou da nota de 6,17 (\u00faltima avalia\u00e7\u00e3o de 2022), para 8,09 no Indicador Sint\u00e9tico Final (ISF) que mensura os resultados do desempenho com base em sete indicadores selecionados pelo Previne.  nota m\u00e1xima alcan\u00e7ada no indicador \u00e9 10.<\/p>\n\n\n\n<p><br>As Unidades B\u00e1sicas de Sa\u00fade t\u00eam que cumprir indicadores que envolvem o atendimento \u00e0 gestante, mulher, crian\u00e7a e doentes cr\u00f4nicos (hipertens\u00e3o, diabete). O ISF a cada quatro meses define o repasse financeiro para os quatro meses subsequentes. A avalia\u00e7\u00e3o por desempenho j\u00e1 garantiu o repasse de mais de R$ 250mil.<\/p>\n\n\n\n<figure class=\"wp-block-image size-large\"><img loading=\"lazy\" decoding=\"async\" width=\"1024\" height=\"1024\" src=\"https:\/\/www.paranapraia.com.br\/wp-content\/uploads\/2023\/05\/349757954_543610587982132_128810254845680508_n-1024x1024.jpg\" alt=\"\" class=\"wp-image-49198\" srcset=\"https:\/\/www.paranapraia.com.br\/wp-content\/uploads\/2023\/05\/349757954_543610587982132_128810254845680508_n-1024x1024.jpg 1024w, https:\/\/www.paranapraia.com.br\/wp-content\/uploads\/2023\/05\/349757954_543610587982132_128810254845680508_n-300x300.jpg 300w, https:\/\/www.paranapraia.com.br\/wp-content\/uploads\/2023\/05\/349757954_543610587982132_128810254845680508_n-150x150.jpg 150w, https:\/\/www.paranapraia.com.br\/wp-content\/uploads\/2023\/05\/349757954_543610587982132_128810254845680508_n-768x768.jpg 768w, https:\/\/www.paranapraia.com.br\/wp-content\/uploads\/2023\/05\/349757954_543610587982132_128810254845680508_n-1536x1536.jpg 1536w, https:\/\/www.paranapraia.com.br\/wp-content\/uploads\/2023\/05\/349757954_543610587982132_128810254845680508_n-696x696.jpg 696w, https:\/\/www.paranapraia.com.br\/wp-content\/uploads\/2023\/05\/349757954_543610587982132_128810254845680508_n-1068x1068.jpg 1068w, https:\/\/www.paranapraia.com.br\/wp-content\/uploads\/2023\/05\/349757954_543610587982132_128810254845680508_n-420x420.jpg 420w, https:\/\/www.paranapraia.com.br\/wp-content\/uploads\/2023\/05\/349757954_543610587982132_128810254845680508_n.jpg 1600w\" sizes=\"(max-width: 1024px) 100vw, 1024px\" \/><\/figure>\n\n\n\n<p><br>\u201cN\u00f3s temos trabalhado muito com esse indicador, durante a pandemia nossa nota era 2,59, com os trabalhos de retomada passamos para 4, depois para 6,17, e agora estamos com 8,09. \u00c9 a melhor nota do Litoral, o objetivo \u00e9 no pr\u00f3ximo quadrimestre ampliar essa nota, ele reflete um trabalho focado em processo, que tem resultado a m\u00e9dio e longo prazo,\u201d destaca o secret\u00e1rio municipal da Sa\u00fade, Gabriel Modesto.<\/p>\n\n\n\n<p>Nota do 1\u00ba Quadrimestre 2023 do ISF:<\/p>\n\n\n\n<p>Guaratuba &#8211; 8,09<\/p>\n\n\n\n<p>Asessoria<\/p>\n","protected":false},"excerpt":{"rendered":"<p>Guaratuba conquistou o 1\u00ba lugar do Litoral no ranking dos Indicadores de Desempenho do Programa Previne Brasil. O resultado \u00e9 referente ao primeiro quadrimestre deste ano e foi divulgado na \u00faltima quarta-feira (24). A cada quatro meses, o desempenho dos munic\u00edpios brasileiros na aten\u00e7\u00e3o prim\u00e1ria \u00e9 avaliado e tem impacto no financiamento federal. A cidade [&hellip;]<\/p>\n","protected":false},"author":2,"featured_media":49197,"comment_status":"open","ping_status":"open","sticky":false,"template":"","format":"standard","meta":{"advanced_seo_description":"","jetpack_seo_html_title":"","jetpack_seo_noindex":false,"_jetpack_memberships_contains_paid_content":false,"footnotes":""},"categories":[99],"tags":[],"class_list":{"0":"post-49196","1":"post","2":"type-post","3":"status-publish","4":"format-standard","5":"has-post-thumbnail","7":"category-guaratuba"},"jetpack_featured_media_url":"https:\/\/www.paranapraia.com.br\/wp-content\/uploads\/2023\/05\/Sem-nome-900-\u00d7-600-px-11.png","jetpack_sharing_enabled":true,"_links":{"self":[{"href":"https:\/\/www.paranapraia.com.br\/index.php\/wp-json\/wp\/v2\/posts\/49196"}],"collection":[{"href":"https:\/\/www.paranapraia.com.br\/index.php\/wp-json\/wp\/v2\/posts"}],"about":[{"href":"https:\/\/www.paranapraia.com.br\/index.php\/wp-json\/wp\/v2\/types\/post"}],"author":[{"embeddable":true,"href":"https:\/\/www.paranapraia.com.br\/index.php\/wp-json\/wp\/v2\/users\/2"}],"replies":[{"embeddable":true,"href":"https:\/\/www.paranapraia.com.br\/index.php\/wp-json\/wp\/v2\/comments?post=49196"}],"version-history":[{"count":1,"href":"https:\/\/www.paranapraia.com.br\/index.php\/wp-json\/wp\/v2\/posts\/49196\/revisions"}],"predecessor-version":[{"id":49199,"href":"https:\/\/www.paranapraia.com.br\/index.php\/wp-json\/wp\/v2\/posts\/49196\/revisions\/49199"}],"wp:featuredmedia":[{"embeddable":true,"href":"https:\/\/www.paranapraia.com.br\/index.php\/wp-json\/wp\/v2\/media\/49197"}],"wp:attachment":[{"href":"https:\/\/www.paranapraia.com.br\/index.php\/wp-json\/wp\/v2\/media?parent=49196"}],"wp:term":[{"taxonomy":"category","embeddable":true,"href":"https:\/\/www.paranapraia.com.br\/index.php\/wp-json\/wp\/v2\/categories?post=49196"},{"taxonomy":"post_tag","embeddable":true,"href":"https:\/\/www.paranapraia.com.br\/index.php\/wp-json\/wp\/v2\/tags?post=49196"}],"curies":[{"name":"wp","href":"https:\/\/api.w.org\/{rel}","templated":true}]}}