{"id":49190,"date":"2023-05-31T14:17:20","date_gmt":"2023-05-31T17:17:20","guid":{"rendered":"https:\/\/www.paranapraia.com.br\/?p=49190"},"modified":"2023-05-31T14:17:21","modified_gmt":"2023-05-31T17:17:21","slug":"dia-mundial-sem-tabaco-estado-incentiva-tratamento-contra-dependencia-e-alerta-para-riscos","status":"publish","type":"post","link":"https:\/\/www.paranapraia.com.br\/index.php\/2023\/05\/31\/dia-mundial-sem-tabaco-estado-incentiva-tratamento-contra-dependencia-e-alerta-para-riscos\/","title":{"rendered":"Dia Mundial sem Tabaco: Estado incentiva tratamento contra depend\u00eancia e alerta para riscos"},"content":{"rendered":"\n<p>No Dia Mundial sem Tabaco, lembrado nesta quarta-feira, 31 de maio, a Secretaria da Sa\u00fade do Paran\u00e1 refor\u00e7a o tabagismo como doen\u00e7a cr\u00f4nica e incentiva o tratamento.<\/p>\n\n\n\n<p>A inten\u00e7\u00e3o da data, criada em 1987, \u00e9 alertar a popula\u00e7\u00e3o sobre os malef\u00edcios causados ao organismo pelo uso do tabaco e seus derivados. Para este ano, a Organiza\u00e7\u00e3o Mundial da Sa\u00fade (OMS) definiu como tema da campanha: Cultive Alimentos, N\u00e3o Tabaco, sendo adaptado ao cen\u00e1rio brasileiro, \u201cPrecisamos de Comida, N\u00e3o de Tabaco\u201d.<\/p>\n\n\n\n<p>O tabagismo \u00e9 respons\u00e1vel por matar mais de oito milh\u00f5es de pessoas no mundo a cada ano, al\u00e9m de causar impactos ecol\u00f3gicos, nas mudan\u00e7as clim\u00e1ticas, influenciando diretamente no futuro da agricultura e da seguran\u00e7a alimentar.<\/p>\n\n\n\n<p>A campanha busca mobilizar a elabora\u00e7\u00e3o de pol\u00edticas p\u00fablicas de apoio direcionadas para culturas sustent\u00e1veis e o uso dos recursos naturais voltados para a sa\u00fade e n\u00e3o para a doen\u00e7a.<\/p>\n\n\n\n<p>No Paran\u00e1, de acordo com a \u00faltima Pesquisa Nacional de Sa\u00fade (2019), a preval\u00eancia de fumantes com mais de 15 anos \u00e9 de 14,6%, ou seja, mais de 1,7 milh\u00e3o de pessoas s\u00e3o dependentes da nicotina.<\/p>\n\n\n\n<p>Uma das estrat\u00e9gias utilizadas no Estado, com foco na redu\u00e7\u00e3o dos \u00edndices de tabagismo e incentivo para que as pessoas procurem ajuda, \u00e9 o Programa de Cessa\u00e7\u00e3o do Tabagismo. O tratamento \u00e9 gerido pelo Estado e disponibilizado nos munic\u00edpios, com base no Protocolo Cl\u00ednico do Minist\u00e9rio da Sa\u00fade. &nbsp;<\/p>\n\n\n\n<p>De acordo com o programa, ofertado pelo Sistema \u00danico de Sa\u00fade (SUS),&nbsp;o tempo de tratamento total preconizado \u00e9 de 12 meses e envolve as etapas de avalia\u00e7\u00e3o, interven\u00e7\u00e3o e manuten\u00e7\u00e3o da abstin\u00eancia. Um levantamento da Secretaria de Estado da Sa\u00fade (Sesa) aponta que no ano passado 8.465 pessoas procuraram o tratamento.<\/p>\n\n\n\n<p>\u201cO tabagismo \u00e9 um fator de risco para o desenvolvimento de enfermidades graves e mortes, e totalmente evit\u00e1vel\u201d, afirma o secret\u00e1rio de Sa\u00fade, Beto Preto.<\/p>\n\n\n\n<p>Ele enfatiza que as pessoas que consomem cigarros normais ou eletr\u00f4nicos precisam buscar tratamento.&nbsp;\u201cO tabagismo \u00e9 reconhecido como doen\u00e7a cr\u00f4nica&nbsp;e as organiza\u00e7\u00f5es internacionais alertam para esse problema de sa\u00fade p\u00fablica. Afeta quem fuma e aqueles que est\u00e3o \u00e0 sua volta\u201d, completa.&nbsp;<\/p>\n\n\n\n<p>O tratamento consiste na abordagem de uma reestrutura\u00e7\u00e3o cognitiva sobre emo\u00e7\u00f5es e comportamentos com associa\u00e7\u00e3o ou n\u00e3o de medicamentos. O intuito \u00e9 modificar a forma de interpreta\u00e7\u00e3o do usu\u00e1rio. S\u00e3o programadas quatro sess\u00f5es iniciais, preferencialmente semanais, com quatro principais conte\u00fados: entender por que se fuma e como isso afeta a sa\u00fade, os primeiros dias sem fumar, como vencer os obst\u00e1culos para permanecer sem fumar e os benef\u00edcios obtidos ap\u00f3s parar de fumar.<\/p>\n\n\n\n<p>As pessoas em tratamento que necessitam da utiliza\u00e7\u00e3o de medicamentos t\u00eam \u00e0 disposi\u00e7\u00e3o tr\u00eas itens para auxiliar neste processo, o adesivo de nicotina, cloridrato de bupopriona e a goma de nicotina. Desde 2020, foram mais de 3,4 milh\u00f5es de unidades distribu\u00eddas \u00e0 popula\u00e7\u00e3o. No Estado, o programa est\u00e1 dispon\u00edvel em 969 estabelecimentos de sa\u00fade, em 291 munic\u00edpios.<\/p>\n\n\n\n<p><strong>MORTES&nbsp;<\/strong>\u2013 Segundo estimativas da OMS, o fumo \u00e9 respons\u00e1vel por 71% das mortes por c\u00e2ncer de pulm\u00e3o, 42% das doen\u00e7as respirat\u00f3rias cr\u00f4nicas e aproximadamente 10% das doen\u00e7as cardiovasculares, al\u00e9m de ser fator de risco para doen\u00e7as transmiss\u00edveis, como a tuberculose.<\/p>\n\n\n\n<p>O uso do tabaco, assim como de seus produtos derivados, como o cigarro, cigarro eletr\u00f4nico ou dispositivo eletr\u00f4nico para fumar, al\u00e9m de charuto, cachimbo, cigarro de palha, narguil\u00e9, entre outros, podem favorecer o desenvolvimento de v\u00e1rias enfermidades e tipos de c\u00e2nceres.<\/p>\n\n\n\n<p>AEN<\/p>\n","protected":false},"excerpt":{"rendered":"<p>No Dia Mundial sem Tabaco, lembrado nesta quarta-feira, 31 de maio, a Secretaria da Sa\u00fade do Paran\u00e1 refor\u00e7a o tabagismo como doen\u00e7a cr\u00f4nica e incentiva o tratamento. A inten\u00e7\u00e3o da data, criada em 1987, \u00e9 alertar a popula\u00e7\u00e3o sobre os malef\u00edcios causados ao organismo pelo uso do tabaco e seus derivados. Para este ano, a [&hellip;]<\/p>\n","protected":false},"author":2,"featured_media":49191,"comment_status":"open","ping_status":"open","sticky":false,"template":"","format":"standard","meta":{"advanced_seo_description":"","jetpack_seo_html_title":"","jetpack_seo_noindex":false,"_jetpack_memberships_contains_paid_content":false,"footnotes":""},"categories":[50],"tags":[],"class_list":{"0":"post-49190","1":"post","2":"type-post","3":"status-publish","4":"format-standard","5":"has-post-thumbnail","7":"category-saude"},"jetpack_featured_media_url":"https:\/\/www.paranapraia.com.br\/wp-content\/uploads\/2023\/05\/Sem-nome-900-\u00d7-600-px-10.png","jetpack_sharing_enabled":true,"_links":{"self":[{"href":"https:\/\/www.paranapraia.com.br\/index.php\/wp-json\/wp\/v2\/posts\/49190"}],"collection":[{"href":"https:\/\/www.paranapraia.com.br\/index.php\/wp-json\/wp\/v2\/posts"}],"about":[{"href":"https:\/\/www.paranapraia.com.br\/index.php\/wp-json\/wp\/v2\/types\/post"}],"author":[{"embeddable":true,"href":"https:\/\/www.paranapraia.com.br\/index.php\/wp-json\/wp\/v2\/users\/2"}],"replies":[{"embeddable":true,"href":"https:\/\/www.paranapraia.com.br\/index.php\/wp-json\/wp\/v2\/comments?post=49190"}],"version-history":[{"count":1,"href":"https:\/\/www.paranapraia.com.br\/index.php\/wp-json\/wp\/v2\/posts\/49190\/revisions"}],"predecessor-version":[{"id":49192,"href":"https:\/\/www.paranapraia.com.br\/index.php\/wp-json\/wp\/v2\/posts\/49190\/revisions\/49192"}],"wp:featuredmedia":[{"embeddable":true,"href":"https:\/\/www.paranapraia.com.br\/index.php\/wp-json\/wp\/v2\/media\/49191"}],"wp:attachment":[{"href":"https:\/\/www.paranapraia.com.br\/index.php\/wp-json\/wp\/v2\/media?parent=49190"}],"wp:term":[{"taxonomy":"category","embeddable":true,"href":"https:\/\/www.paranapraia.com.br\/index.php\/wp-json\/wp\/v2\/categories?post=49190"},{"taxonomy":"post_tag","embeddable":true,"href":"https:\/\/www.paranapraia.com.br\/index.php\/wp-json\/wp\/v2\/tags?post=49190"}],"curies":[{"name":"wp","href":"https:\/\/api.w.org\/{rel}","templated":true}]}}