{"id":49130,"date":"2023-05-30T22:03:45","date_gmt":"2023-05-31T01:03:45","guid":{"rendered":"https:\/\/www.paranapraia.com.br\/?p=49130"},"modified":"2023-05-30T22:03:45","modified_gmt":"2023-05-31T01:03:45","slug":"motoboys-irao-participar-do-ato-civico-no-aniversario-de-matinhos","status":"publish","type":"post","link":"https:\/\/www.paranapraia.com.br\/index.php\/2023\/05\/30\/motoboys-irao-participar-do-ato-civico-no-aniversario-de-matinhos\/","title":{"rendered":"Motoboys ir\u00e3o participar do ato c\u00edvico no anivers\u00e1rio de Matinhos"},"content":{"rendered":"\n<p>O prefeito Z\u00e9 da Ecler esteve nesta ter\u00e7a-feira (30) com representantes dos motoboys de Matinhos. Acompanhados do vereador M\u00e1rcio do Seda (PL), eles foram ao gabinete falar sobre sobre a participa\u00e7\u00e3o dos motoboys no ato c\u00edvico do dia 12 de junho, anivers\u00e1rio da cidade &#8211; na data, tamb\u00e9m \u00e9 celebrado o Dia Municipal do Motoboy, conforme a Lei n.\u00ba 2141\/2020. Ficou acertado que eles ter\u00e3o um espa\u00e7o para concentra\u00e7\u00e3o, al\u00e9m de escolta da Guarda Civil Municipal.<\/p>\n\n\n\n<figure class=\"wp-block-image size-large\"><img loading=\"lazy\" decoding=\"async\" width=\"1024\" height=\"683\" src=\"https:\/\/www.paranapraia.com.br\/wp-content\/uploads\/2023\/05\/FB_IMG_1685494892276-1024x683.jpg\" alt=\"\" class=\"wp-image-49132\" srcset=\"https:\/\/www.paranapraia.com.br\/wp-content\/uploads\/2023\/05\/FB_IMG_1685494892276-1024x683.jpg 1024w, https:\/\/www.paranapraia.com.br\/wp-content\/uploads\/2023\/05\/FB_IMG_1685494892276-300x200.jpg 300w, https:\/\/www.paranapraia.com.br\/wp-content\/uploads\/2023\/05\/FB_IMG_1685494892276-768x512.jpg 768w, https:\/\/www.paranapraia.com.br\/wp-content\/uploads\/2023\/05\/FB_IMG_1685494892276-696x464.jpg 696w, https:\/\/www.paranapraia.com.br\/wp-content\/uploads\/2023\/05\/FB_IMG_1685494892276-1068x712.jpg 1068w, https:\/\/www.paranapraia.com.br\/wp-content\/uploads\/2023\/05\/FB_IMG_1685494892276-630x420.jpg 630w, https:\/\/www.paranapraia.com.br\/wp-content\/uploads\/2023\/05\/FB_IMG_1685494892276.jpg 1080w\" sizes=\"(max-width: 1024px) 100vw, 1024px\" \/><\/figure>\n\n\n\n<p>Departamento de Comunica\u00e7\u00e3o<br>Prefeitura de Matinhos<\/p>\n\n\n\n<p>Acesse o nosso portal: https:\/\/matinhos.atende.net\/cidadao\/noticia\/motoboys-irao-participar-do-ato-civico-no-aniversario-da-cidade<\/p>\n\n\n\n<h1 class=\"wp-block-heading\">DesfileC\u00edvico #DiaMunicipalDoMotoboy #Lei2141 #VivaANamoradinha56anos #AFesta\u00c9Nossa #MatinhosT\u00e1Diferente #PrefeituradeMatinhos #UmaCidadeParaTodos #Matinhos #LitoralPR<\/h1>\n","protected":false},"excerpt":{"rendered":"<p>O prefeito Z\u00e9 da Ecler esteve nesta ter\u00e7a-feira (30) com representantes dos motoboys de Matinhos. Acompanhados do vereador M\u00e1rcio do Seda (PL), eles foram ao gabinete falar sobre sobre a participa\u00e7\u00e3o dos motoboys no ato c\u00edvico do dia 12 de junho, anivers\u00e1rio da cidade &#8211; na data, tamb\u00e9m \u00e9 celebrado o Dia Municipal do Motoboy, [&hellip;]<\/p>\n","protected":false},"author":2,"featured_media":49131,"comment_status":"open","ping_status":"open","sticky":false,"template":"","format":"standard","meta":{"advanced_seo_description":"","jetpack_seo_html_title":"","jetpack_seo_noindex":false,"_jetpack_memberships_contains_paid_content":false,"footnotes":""},"categories":[88],"tags":[],"class_list":{"0":"post-49130","1":"post","2":"type-post","3":"status-publish","4":"format-standard","5":"has-post-thumbnail","7":"category-matinhos"},"jetpack_featured_media_url":"https:\/\/www.paranapraia.com.br\/wp-content\/uploads\/2023\/05\/FB_IMG_1685494896462.jpg","jetpack_sharing_enabled":true,"_links":{"self":[{"href":"https:\/\/www.paranapraia.com.br\/index.php\/wp-json\/wp\/v2\/posts\/49130"}],"collection":[{"href":"https:\/\/www.paranapraia.com.br\/index.php\/wp-json\/wp\/v2\/posts"}],"about":[{"href":"https:\/\/www.paranapraia.com.br\/index.php\/wp-json\/wp\/v2\/types\/post"}],"author":[{"embeddable":true,"href":"https:\/\/www.paranapraia.com.br\/index.php\/wp-json\/wp\/v2\/users\/2"}],"replies":[{"embeddable":true,"href":"https:\/\/www.paranapraia.com.br\/index.php\/wp-json\/wp\/v2\/comments?post=49130"}],"version-history":[{"count":1,"href":"https:\/\/www.paranapraia.com.br\/index.php\/wp-json\/wp\/v2\/posts\/49130\/revisions"}],"predecessor-version":[{"id":49133,"href":"https:\/\/www.paranapraia.com.br\/index.php\/wp-json\/wp\/v2\/posts\/49130\/revisions\/49133"}],"wp:featuredmedia":[{"embeddable":true,"href":"https:\/\/www.paranapraia.com.br\/index.php\/wp-json\/wp\/v2\/media\/49131"}],"wp:attachment":[{"href":"https:\/\/www.paranapraia.com.br\/index.php\/wp-json\/wp\/v2\/media?parent=49130"}],"wp:term":[{"taxonomy":"category","embeddable":true,"href":"https:\/\/www.paranapraia.com.br\/index.php\/wp-json\/wp\/v2\/categories?post=49130"},{"taxonomy":"post_tag","embeddable":true,"href":"https:\/\/www.paranapraia.com.br\/index.php\/wp-json\/wp\/v2\/tags?post=49130"}],"curies":[{"name":"wp","href":"https:\/\/api.w.org\/{rel}","templated":true}]}}