{"id":49126,"date":"2023-05-30T19:58:04","date_gmt":"2023-05-30T22:58:04","guid":{"rendered":"https:\/\/www.paranapraia.com.br\/?p=49126"},"modified":"2023-05-30T19:58:05","modified_gmt":"2023-05-30T22:58:05","slug":"boletim-semanal-da-dengue-confirma-105-mil-novos-casos-e-cinco-obitos-no-parana","status":"publish","type":"post","link":"https:\/\/www.paranapraia.com.br\/index.php\/2023\/05\/30\/boletim-semanal-da-dengue-confirma-105-mil-novos-casos-e-cinco-obitos-no-parana\/","title":{"rendered":"Boletim semanal da dengue confirma 10,5 mil novos casos e cinco \u00f3bitos no Paran\u00e1"},"content":{"rendered":"\n<p>A Secretaria de Estado da Sa\u00fade (Sesa) divulgou nesta ter\u00e7a-feira (30) o novo boletim semanal da dengue com 10.508 novos casos da doen\u00e7a no Paran\u00e1 e o registro de mais cinco \u00f3bitos. Ao todo, agora s\u00e3o 76.797 confirma\u00e7\u00f5es e 56 mortes em decorr\u00eancia da doen\u00e7a (24 mulheres e 32 homens). Os casos confirmados est\u00e3o presentes em 352 munic\u00edpios.<\/p>\n\n\n\n<p>Os cinco novos \u00f3bitos ocorreram entre os dias 12 de mar\u00e7o e 3 de maio, e s\u00e3o referentes a tr\u00eas homens de 72, 90 e 18 anos, residentes em Matinhos, Dois Vizinhos e Santa Izabel do Oeste, respectivamente; e duas mulheres, uma moradora de Capanema, de 88 anos, e outra de Rondon, de 17 anos. Todos n\u00e3o tinham comorbidades.<\/p>\n\n\n\n<p>O mosquito&nbsp;<em>Aedes&nbsp;aegypti&nbsp;<\/em>tamb\u00e9m \u00e9 respons\u00e1vel, al\u00e9m da dengue, pela transmiss\u00e3o da zika e&nbsp;chikungunya. Durante este per\u00edodo n\u00e3o houve confirma\u00e7\u00e3o de casos de zika.<\/p>\n\n\n\n<p>J\u00e1 o panorama de&nbsp;chikungunya no Paran\u00e1 revela 2.951 notifica\u00e7\u00f5es, 602 casos confirmados da doen\u00e7a, sendo 467 aut\u00f3ctones e tr\u00eas \u00f3bitos no atual per\u00edodo epidemiol\u00f3gico, iniciado em 31 de julho de 2022.<\/p>\n\n\n\n<p><strong>A\u00c7\u00d5ES DIRECIONADAS<\/strong>&nbsp;\u2013 A Sesa iniciou nesta ter\u00e7a-feira (30) capacita\u00e7\u00e3o para profissionais da vigil\u00e2ncia ambiental das regionais e de munic\u00edpios-sede sobre aplica\u00e7\u00e3o&nbsp;de inseticida a ultra baixo volume com equipamento costal utilizando o inseticida Fludora CoMax.<\/p>\n\n\n\n<p>O encontro, com etapas&nbsp;te\u00f3rica e pr\u00e1tica,&nbsp;segue at\u00e9 esta quarta-feira (31), no munic\u00edpio de Maring\u00e1, na regi\u00e3o Noroeste, e tem como objetivo a qualifica\u00e7\u00e3o dos profissionais para a utiliza\u00e7\u00e3o deste m\u00e9todo no enfrentamento ao&nbsp;Aedes aegypti.&nbsp;A utiliza\u00e7\u00e3o do equipamento costal para nebuliza\u00e7\u00e3o \u00e9 uma das a\u00e7\u00f5es de combate ao mosquito para o bloqueio, sendo que o seu uso possui maior efetividade por sua caracter\u00edstica de aplica\u00e7\u00e3o, com jato direcionado.<\/p>\n\n\n\n<p>O Paran\u00e1 aguarda o envio do novo inseticida Fludora Co-Max pelo Minist\u00e9rio da Sa\u00fade, que adquiriu o produto por meio de compra internacional. Ele foi aprovado pela Anvisa (Ag\u00eancia Nacional de Vigil\u00e2ncia Sanit\u00e1ria) e ser\u00e1 aplicado em 14 estados.<\/p>\n\n\n\n<p><strong>Confira o boletim da dengue\u00a0<a rel=\"noreferrer noopener\" href=\"https:\/\/www.documentador.pr.gov.br\/documentador\/pub.do?action=d&amp;uuid=@gtf-escriba-sesa@3a242c64-85cd-4fe9-b40a-35ace8a60786&amp;emPg=true\" target=\"_blank\">AQUI<\/a>.<\/strong><\/p>\n\n\n\n<p>AEN<\/p>\n","protected":false},"excerpt":{"rendered":"<p>A Secretaria de Estado da Sa\u00fade (Sesa) divulgou nesta ter\u00e7a-feira (30) o novo boletim semanal da dengue com 10.508 novos casos da doen\u00e7a no Paran\u00e1 e o registro de mais cinco \u00f3bitos. Ao todo, agora s\u00e3o 76.797 confirma\u00e7\u00f5es e 56 mortes em decorr\u00eancia da doen\u00e7a (24 mulheres e 32 homens). Os casos confirmados est\u00e3o presentes [&hellip;]<\/p>\n","protected":false},"author":2,"featured_media":49127,"comment_status":"open","ping_status":"open","sticky":false,"template":"","format":"standard","meta":{"advanced_seo_description":"","jetpack_seo_html_title":"","jetpack_seo_noindex":false,"_jetpack_memberships_contains_paid_content":false,"footnotes":""},"categories":[50],"tags":[],"class_list":{"0":"post-49126","1":"post","2":"type-post","3":"status-publish","4":"format-standard","5":"has-post-thumbnail","7":"category-saude"},"jetpack_featured_media_url":"https:\/\/www.paranapraia.com.br\/wp-content\/uploads\/2023\/05\/dengue_boletim_0.jpg","jetpack_sharing_enabled":true,"_links":{"self":[{"href":"https:\/\/www.paranapraia.com.br\/index.php\/wp-json\/wp\/v2\/posts\/49126"}],"collection":[{"href":"https:\/\/www.paranapraia.com.br\/index.php\/wp-json\/wp\/v2\/posts"}],"about":[{"href":"https:\/\/www.paranapraia.com.br\/index.php\/wp-json\/wp\/v2\/types\/post"}],"author":[{"embeddable":true,"href":"https:\/\/www.paranapraia.com.br\/index.php\/wp-json\/wp\/v2\/users\/2"}],"replies":[{"embeddable":true,"href":"https:\/\/www.paranapraia.com.br\/index.php\/wp-json\/wp\/v2\/comments?post=49126"}],"version-history":[{"count":1,"href":"https:\/\/www.paranapraia.com.br\/index.php\/wp-json\/wp\/v2\/posts\/49126\/revisions"}],"predecessor-version":[{"id":49128,"href":"https:\/\/www.paranapraia.com.br\/index.php\/wp-json\/wp\/v2\/posts\/49126\/revisions\/49128"}],"wp:featuredmedia":[{"embeddable":true,"href":"https:\/\/www.paranapraia.com.br\/index.php\/wp-json\/wp\/v2\/media\/49127"}],"wp:attachment":[{"href":"https:\/\/www.paranapraia.com.br\/index.php\/wp-json\/wp\/v2\/media?parent=49126"}],"wp:term":[{"taxonomy":"category","embeddable":true,"href":"https:\/\/www.paranapraia.com.br\/index.php\/wp-json\/wp\/v2\/categories?post=49126"},{"taxonomy":"post_tag","embeddable":true,"href":"https:\/\/www.paranapraia.com.br\/index.php\/wp-json\/wp\/v2\/tags?post=49126"}],"curies":[{"name":"wp","href":"https:\/\/api.w.org\/{rel}","templated":true}]}}