{"id":49104,"date":"2023-05-30T11:32:42","date_gmt":"2023-05-30T14:32:42","guid":{"rendered":"https:\/\/www.paranapraia.com.br\/?p=49104"},"modified":"2023-05-30T11:32:43","modified_gmt":"2023-05-30T14:32:43","slug":"procon-pr-notifica-netflix-por-cobranca-adicional-em-compartilhamento-de-senhas","status":"publish","type":"post","link":"https:\/\/www.paranapraia.com.br\/index.php\/2023\/05\/30\/procon-pr-notifica-netflix-por-cobranca-adicional-em-compartilhamento-de-senhas\/","title":{"rendered":"Procon-PR notifica Netflix por cobran\u00e7a adicional em compartilhamento de senhas"},"content":{"rendered":"\n<p>Netflix, gigante de streaming, foi notificada pelo Programa de Prote\u00e7\u00e3o e Defesa do Consumidor do Paran\u00e1 (Procon-PR) nesta sexta-feira (26), em raz\u00e3o da imposi\u00e7\u00e3o de uma taxa adicional de R$ 12,90 para os usu\u00e1rios que compartilham suas senhas com pessoas que n\u00e3o residem no mesmo endere\u00e7o.<\/p>\n\n\n\n<p>O Procon-PR destacou a falta de transpar\u00eancia da Netflix em seu comunicado, criticando a empresa por n\u00e3o esclarecer como diferenciar\u00e1 o compartilhamento de senhas do uso cont\u00ednuo do servi\u00e7o por pessoas que acessam a plataforma em outros locais ou aparelhos.<\/p>\n\n\n\n<p>A coordenadora do Procon-PR, Claudia Silvano, levantou uma quest\u00e3o adicional sobre o assunto. Segundo ela, o slogan da empresa, que pode ser interpretado pelos consumidores como uma permiss\u00e3o para o uso de perfis em qualquer local, pode induzir os usu\u00e1rios a erros.<\/p>\n\n\n\n<p>Esta nova taxa adicional por parte da Netflix gerou controv\u00e9rsia entre os usu\u00e1rios da plataforma e agora atraiu a aten\u00e7\u00e3o dos \u00f3rg\u00e3os de defesa do consumidor. A Netflix ainda n\u00e3o se pronunciou oficialmente sobre a notifica\u00e7\u00e3o do Procon-PR.<\/p>\n\n\n\n<p>Espera-se que a empresa forne\u00e7a uma resposta detalhada sobre como pretende implementar esta mudan\u00e7a em suas pol\u00edticas, esclarecendo quais crit\u00e9rios ser\u00e3o usados para identificar o compartilhamento de senhas fora do domic\u00edlio do titular da conta e como esta cobran\u00e7a adicional ser\u00e1 realizada.<\/p>\n\n\n\n<p>Esta notifica\u00e7\u00e3o do Procon-PR \u00e9 mais um epis\u00f3dio na crescente discuss\u00e3o sobre o compartilhamento de senhas em plataformas de streaming, uma pr\u00e1tica comum entre muitos usu\u00e1rios desses servi\u00e7os.<\/p>\n\n\n\n<p>XV Curitiba<\/p>\n\n\n\n<h3 class=\"wp-block-heading\"><\/h3>\n","protected":false},"excerpt":{"rendered":"<p>Netflix, gigante de streaming, foi notificada pelo Programa de Prote\u00e7\u00e3o e Defesa do Consumidor do Paran\u00e1 (Procon-PR) nesta sexta-feira (26), em raz\u00e3o da imposi\u00e7\u00e3o de uma taxa adicional de R$ 12,90 para os usu\u00e1rios que compartilham suas senhas com pessoas que n\u00e3o residem no mesmo endere\u00e7o. O Procon-PR destacou a falta de transpar\u00eancia da Netflix [&hellip;]<\/p>\n","protected":false},"author":2,"featured_media":49105,"comment_status":"open","ping_status":"open","sticky":false,"template":"","format":"standard","meta":{"advanced_seo_description":"","jetpack_seo_html_title":"","jetpack_seo_noindex":false,"_jetpack_memberships_contains_paid_content":false,"footnotes":""},"categories":[43],"tags":[],"class_list":{"0":"post-49104","1":"post","2":"type-post","3":"status-publish","4":"format-standard","5":"has-post-thumbnail","7":"category-cotidiano"},"jetpack_featured_media_url":"https:\/\/www.paranapraia.com.br\/wp-content\/uploads\/2023\/05\/Screenshot-2022-06-28-at-19-03-28-52178144676_2566826176_c-768x512.jpg.webp-WEBP-Image-768-\u00d7-512-pixels.jpg.webp","jetpack_sharing_enabled":true,"_links":{"self":[{"href":"https:\/\/www.paranapraia.com.br\/index.php\/wp-json\/wp\/v2\/posts\/49104"}],"collection":[{"href":"https:\/\/www.paranapraia.com.br\/index.php\/wp-json\/wp\/v2\/posts"}],"about":[{"href":"https:\/\/www.paranapraia.com.br\/index.php\/wp-json\/wp\/v2\/types\/post"}],"author":[{"embeddable":true,"href":"https:\/\/www.paranapraia.com.br\/index.php\/wp-json\/wp\/v2\/users\/2"}],"replies":[{"embeddable":true,"href":"https:\/\/www.paranapraia.com.br\/index.php\/wp-json\/wp\/v2\/comments?post=49104"}],"version-history":[{"count":1,"href":"https:\/\/www.paranapraia.com.br\/index.php\/wp-json\/wp\/v2\/posts\/49104\/revisions"}],"predecessor-version":[{"id":49106,"href":"https:\/\/www.paranapraia.com.br\/index.php\/wp-json\/wp\/v2\/posts\/49104\/revisions\/49106"}],"wp:featuredmedia":[{"embeddable":true,"href":"https:\/\/www.paranapraia.com.br\/index.php\/wp-json\/wp\/v2\/media\/49105"}],"wp:attachment":[{"href":"https:\/\/www.paranapraia.com.br\/index.php\/wp-json\/wp\/v2\/media?parent=49104"}],"wp:term":[{"taxonomy":"category","embeddable":true,"href":"https:\/\/www.paranapraia.com.br\/index.php\/wp-json\/wp\/v2\/categories?post=49104"},{"taxonomy":"post_tag","embeddable":true,"href":"https:\/\/www.paranapraia.com.br\/index.php\/wp-json\/wp\/v2\/tags?post=49104"}],"curies":[{"name":"wp","href":"https:\/\/api.w.org\/{rel}","templated":true}]}}