{"id":49095,"date":"2023-05-30T11:22:14","date_gmt":"2023-05-30T14:22:14","guid":{"rendered":"https:\/\/www.paranapraia.com.br\/?p=49095"},"modified":"2023-05-30T11:22:15","modified_gmt":"2023-05-30T14:22:15","slug":"inscricoes-do-vestibular-de-inverno-da-uem-que-oferta-1-170-vagas-estao-abertas","status":"publish","type":"post","link":"https:\/\/www.paranapraia.com.br\/index.php\/2023\/05\/30\/inscricoes-do-vestibular-de-inverno-da-uem-que-oferta-1-170-vagas-estao-abertas\/","title":{"rendered":"Inscri\u00e7\u00f5es do Vestibular de Inverno da UEM, que oferta 1.170 vagas, est\u00e3o abertas"},"content":{"rendered":"\n<p>Come\u00e7aram nesta ter\u00e7a-feira (30) as inscri\u00e7\u00f5es para o Vestibular de Inverno 2023 da Universidade Estadual de Maring\u00e1 (UEM). O prazo vai at\u00e9 10 de julho.&nbsp;S\u00e3o 1.170 vagas para ingresso no ano letivo de 2024, distribu\u00eddas em cursos das unidades de Maring\u00e1, Umuarama,&nbsp;Ivaipor\u00e3, Cidade Ga\u00facha,&nbsp;Goioer\u00ea e Cianorte. Confira o edital&nbsp;<a href=\"https:\/\/www.vestibular.uem.br\/arquivos\/49\/Ed23_009.pdf\" target=\"_blank\" rel=\"noreferrer noopener\">AQUI<\/a>.<\/p>\n\n\n\n<p>A taxa de inscri\u00e7\u00e3o \u00e9 de R$ 177 e a data limite para se efetuar o pagamento \u00e9 12 de julho.&nbsp;Ser\u00e1 o primeiro concurso de inverno p\u00f3s-pandemia, pois o \u00faltimo foi em 2019. Entre as Institui\u00e7\u00f5es Estaduais de Ensino Superior (IEES), a UEM ser\u00e1 a \u00fanica a fazer o concurso neste ano.<\/p>\n\n\n\n<p>Poder\u00e1 ser concedida a isen\u00e7\u00e3o da taxa a candidato que, cumulativamente, estiver inscrito no Cadastro \u00danico para Programas Sociais do Governo Federal (Cad\u00danico) e for membro de fam\u00edlia de baixa renda, com ganhos de at\u00e9 meio sal\u00e1rio m\u00ednimo por pessoa. Os procedimentos, o calend\u00e1rio e as normas que regulamentam o processo de isen\u00e7\u00e3o ser\u00e3o publicados em editais espec\u00edficos dispon\u00edveis no&nbsp;site.&nbsp;<\/p>\n\n\n\n<p>O edital das inscri\u00e7\u00f5es homologadas ser\u00e1 publicado no dia 18 de julho e os locais de provas ser\u00e3o divulgados a partir do dia 27 do mesmo m\u00eas. A prova ser\u00e1 realizada em 27 de agosto de 2023, das 13h50 \u00e0s 19h.<\/p>\n\n\n\n<p>Neste concurso, a CVU implementou algumas mudan\u00e7as no processo de avalia\u00e7\u00e3o e nas op\u00e7\u00f5es de cursos. Na \u00faltima reuni\u00e3o do Conselho de Ensino, Pesquisa e Extens\u00e3o (CEP), foi aprovada a Resolu\u00e7\u00e3o 005\/2023, que trouxe altera\u00e7\u00f5es para o formato do vestibular unificado da institui\u00e7\u00e3o. Entre as principais mudan\u00e7as consta a possibilidade do candidato optar por at\u00e9 tr\u00eas cursos de gradua\u00e7\u00e3o no momento da inscri\u00e7\u00e3o.&nbsp;<\/p>\n\n\n\n<p>Ainda segundo a Resolu\u00e7\u00e3o, para cada curso devem ser classificados, por ordem decrescente de pontua\u00e7\u00e3o, primeiramente, todos os candidatos que escolheram o curso em 1\u00aa&nbsp;op\u00e7\u00e3o, seguidos pelos candidatos que se inscreveram para o curso em 2\u00aa&nbsp;op\u00e7\u00e3o e, finalmente, pelos vestibulandos, que fizeram sua 3\u00aa&nbsp;op\u00e7\u00e3o. Os cursos pelos quais o candidato far\u00e1 op\u00e7\u00e3o n\u00e3o precisam ser de uma mesma \u00e1rea.&nbsp;<\/p>\n\n\n\n<p>Para viabilizar a possibilidade de op\u00e7\u00e3o por mais de um curso na inscri\u00e7\u00e3o, a prova deixar\u00e1 de contar com as quest\u00f5es de conhecimentos espec\u00edficos. Ela continuar\u00e1 com 50 quest\u00f5es de alternativas m\u00faltiplas, divididas entre as \u00e1reas do conhecimento contempladas na Base Comum Curricular da Educa\u00e7\u00e3o B\u00e1sica: Ci\u00eancias da Natureza e suas Tecnologias, Ci\u00eancias Humanas e Sociais Aplicadas, Linguagens e suas Tecnologias \u2013 L\u00edngua Portuguesa e Literatura, Linguagens e suas Tecnologias \u2013 Artes, Educa\u00e7\u00e3o F\u00edsica e L\u00edngua Estrangeira, Matem\u00e1tica e suas Tecnologias.&nbsp;<\/p>\n\n\n\n<p>Outra novidade \u00e9 que, a exemplo do Processo de Avalia\u00e7\u00e3o Seriada (PAS\/UEM), a reda\u00e7\u00e3o passar\u00e1 a valer 120 pontos e cada reda\u00e7\u00e3o ser\u00e1 avaliada por dois membros da banca composta para esse fim, que deve ser formada, exclusivamente, por profissionais graduados em Letras e\/ou especialistas, mestres ou doutores em Letras, Lingu\u00edstica ou L\u00edngua Portuguesa.&nbsp;<\/p>\n\n\n\n<p>Outras atualiza\u00e7\u00f5es dizem respeito ao processo de inscri\u00e7\u00e3o e da prova.&nbsp;Uma mudan\u00e7a \u00e9 que assim que o candidato terminar a inscri\u00e7\u00e3o, ser\u00e1 gerado um QR Code, com o qual ele poder\u00e1 fazer o pagamento via Pix da guia de recolhimento. O edital tamb\u00e9m permite&nbsp;documento de identifica\u00e7\u00e3o no formato digital.&nbsp;<\/p>\n\n\n\n<p>Neste vestibular tamb\u00e9m ser\u00e1 feito o reconhecimento facial: no momento da prova, na efetiva\u00e7\u00e3o de sua matr\u00edcula e outra durante as aulas do ano letivo. As mesmas ser\u00e3o armazenadas pela CVU e o DAA, e futuramente ser\u00e3o realizadas confronta\u00e7\u00f5es destas imagens para garantir que o estudante que est\u00e1 frequentando as aulas seja o mesmo do concurso.<\/p>\n\n\n\n<p>Outra novidade importante \u00e9 a possibilidade do uso do nome social pelas pessoas inscritas. Antes era permitido somente o nome civil.<\/p>\n\n\n\n<p>E alguns quesitos que zeravam a reda\u00e7\u00e3o foram exclu\u00eddos. Na prova de conhecimentos gerais o candidato que zerava a prova n\u00e3o tinha sua reda\u00e7\u00e3o corrigida, e agora ela ser\u00e1. Se ele n\u00e3o zerar a reda\u00e7\u00e3o, n\u00e3o ser\u00e1 desclassificado.<\/p>\n\n\n\n<p>AEN<\/p>\n","protected":false},"excerpt":{"rendered":"<p>Come\u00e7aram nesta ter\u00e7a-feira (30) as inscri\u00e7\u00f5es para o Vestibular de Inverno 2023 da Universidade Estadual de Maring\u00e1 (UEM). O prazo vai at\u00e9 10 de julho.&nbsp;S\u00e3o 1.170 vagas para ingresso no ano letivo de 2024, distribu\u00eddas em cursos das unidades de Maring\u00e1, Umuarama,&nbsp;Ivaipor\u00e3, Cidade Ga\u00facha,&nbsp;Goioer\u00ea e Cianorte. Confira o edital&nbsp;AQUI. A taxa de inscri\u00e7\u00e3o \u00e9 de [&hellip;]<\/p>\n","protected":false},"author":2,"featured_media":49096,"comment_status":"open","ping_status":"open","sticky":false,"template":"","format":"standard","meta":{"advanced_seo_description":"","jetpack_seo_html_title":"","jetpack_seo_noindex":false,"_jetpack_memberships_contains_paid_content":false,"footnotes":""},"categories":[72],"tags":[],"class_list":{"0":"post-49095","1":"post","2":"type-post","3":"status-publish","4":"format-standard","5":"has-post-thumbnail","7":"category-educacao"},"jetpack_featured_media_url":"https:\/\/www.paranapraia.com.br\/wp-content\/uploads\/2023\/05\/site-noticias-banner-site-uem-2023_site.jpg","jetpack_sharing_enabled":true,"_links":{"self":[{"href":"https:\/\/www.paranapraia.com.br\/index.php\/wp-json\/wp\/v2\/posts\/49095"}],"collection":[{"href":"https:\/\/www.paranapraia.com.br\/index.php\/wp-json\/wp\/v2\/posts"}],"about":[{"href":"https:\/\/www.paranapraia.com.br\/index.php\/wp-json\/wp\/v2\/types\/post"}],"author":[{"embeddable":true,"href":"https:\/\/www.paranapraia.com.br\/index.php\/wp-json\/wp\/v2\/users\/2"}],"replies":[{"embeddable":true,"href":"https:\/\/www.paranapraia.com.br\/index.php\/wp-json\/wp\/v2\/comments?post=49095"}],"version-history":[{"count":1,"href":"https:\/\/www.paranapraia.com.br\/index.php\/wp-json\/wp\/v2\/posts\/49095\/revisions"}],"predecessor-version":[{"id":49097,"href":"https:\/\/www.paranapraia.com.br\/index.php\/wp-json\/wp\/v2\/posts\/49095\/revisions\/49097"}],"wp:featuredmedia":[{"embeddable":true,"href":"https:\/\/www.paranapraia.com.br\/index.php\/wp-json\/wp\/v2\/media\/49096"}],"wp:attachment":[{"href":"https:\/\/www.paranapraia.com.br\/index.php\/wp-json\/wp\/v2\/media?parent=49095"}],"wp:term":[{"taxonomy":"category","embeddable":true,"href":"https:\/\/www.paranapraia.com.br\/index.php\/wp-json\/wp\/v2\/categories?post=49095"},{"taxonomy":"post_tag","embeddable":true,"href":"https:\/\/www.paranapraia.com.br\/index.php\/wp-json\/wp\/v2\/tags?post=49095"}],"curies":[{"name":"wp","href":"https:\/\/api.w.org\/{rel}","templated":true}]}}