{"id":49092,"date":"2023-05-30T10:43:25","date_gmt":"2023-05-30T13:43:25","guid":{"rendered":"https:\/\/www.paranapraia.com.br\/?p=49092"},"modified":"2023-05-30T10:43:26","modified_gmt":"2023-05-30T13:43:26","slug":"ufpr-identifica-envolvidos-em-trote-violento-e-encaminha-processo-disciplinar","status":"publish","type":"post","link":"https:\/\/www.paranapraia.com.br\/index.php\/2023\/05\/30\/ufpr-identifica-envolvidos-em-trote-violento-e-encaminha-processo-disciplinar\/","title":{"rendered":"UFPR identifica envolvidos em trote violento e encaminha processo disciplinar"},"content":{"rendered":"\n<p>A Universidade Federal do Paran\u00e1 (UFPR) identificou os estudantes envolvidos em um trote violento registrado pr\u00f3ximo ao campus Centro Polit\u00e9cnico em\u00a0Curitiba\u00a0e encerrou a apura\u00e7\u00e3o preliminar, dando encaminhado \u00e0 diretoria do processo disciplinar.<\/p>\n\n\n\n<p>De acordo com a institui\u00e7\u00e3o, os alunos s\u00e3o do curso de engenharia mec\u00e2nica.<\/p>\n\n\n\n<p>Eles n\u00e3o tiveram as identidades divulgadas, segundo a UFPR, para &#8220;evitar equ\u00edvocos e garantir a justi\u00e7a e seguran\u00e7a de todos os envolvidos&#8221;.<\/p>\n\n\n\n<p>O caso aconteceu na manh\u00e3 da \u00faltima sexta-feira (26) e teve parte da a\u00e7\u00e3o registrada em v\u00eddeo. Nas imagens \u00e9 poss\u00edvel ver um grupo de pessoas ajoelhada e com as m\u00e3os no ch\u00e3o. Ao mesmo tempo, outras pessoas, em p\u00e9, passam produtos ainda n\u00e3o identificados nas costas das que est\u00e3o abaixadas.\u00a0<\/p>\n\n\n\n<p>Ainda de acordo com a universidade, a Diretoria Disciplinar vai dar andamento ao processo para responsabilizar os envolvidos. Nos tr\u00e2mites, tamb\u00e9m ser\u00e1 garantido o direito de defesa e contradit\u00f3rio \u00e0s partes.<\/p>\n\n\n\n<h2 class=\"wp-block-heading\">Nota de rep\u00fadio<\/h2>\n\n\n\n<p>Em nota, a UFPR refor\u00e7ou que repudia qualquer ato de discrimina\u00e7\u00e3o ou viol\u00eancia, seja ela f\u00edsica, verbal ou simb\u00f3lica.<\/p>\n\n\n\n<p>&#8220;A institui\u00e7\u00e3o relata que foi um ato isolado que ocorreu fora do campus da UFPR, mas acompanhar\u00e1 de perto o desenvolvimento do caso, assegurando uma apura\u00e7\u00e3o imparcial e justa, em conformidade com seus valores democr\u00e1ticos&#8221;, cita trecho.<\/p>\n\n\n\n<p>G1PR<\/p>\n","protected":false},"excerpt":{"rendered":"<p>A Universidade Federal do Paran\u00e1 (UFPR) identificou os estudantes envolvidos em um trote violento registrado pr\u00f3ximo ao campus Centro Polit\u00e9cnico em\u00a0Curitiba\u00a0e encerrou a apura\u00e7\u00e3o preliminar, dando encaminhado \u00e0 diretoria do processo disciplinar. De acordo com a institui\u00e7\u00e3o, os alunos s\u00e3o do curso de engenharia mec\u00e2nica. Eles n\u00e3o tiveram as identidades divulgadas, segundo a UFPR, para [&hellip;]<\/p>\n","protected":false},"author":2,"featured_media":49093,"comment_status":"open","ping_status":"open","sticky":false,"template":"","format":"standard","meta":{"advanced_seo_description":"","jetpack_seo_html_title":"","jetpack_seo_noindex":false,"_jetpack_memberships_contains_paid_content":false,"footnotes":""},"categories":[40],"tags":[],"class_list":{"0":"post-49092","1":"post","2":"type-post","3":"status-publish","4":"format-standard","5":"has-post-thumbnail","7":"category-destaques"},"jetpack_featured_media_url":"https:\/\/www.paranapraia.com.br\/wp-content\/uploads\/2023\/05\/snapshot-332.webp","jetpack_sharing_enabled":true,"_links":{"self":[{"href":"https:\/\/www.paranapraia.com.br\/index.php\/wp-json\/wp\/v2\/posts\/49092"}],"collection":[{"href":"https:\/\/www.paranapraia.com.br\/index.php\/wp-json\/wp\/v2\/posts"}],"about":[{"href":"https:\/\/www.paranapraia.com.br\/index.php\/wp-json\/wp\/v2\/types\/post"}],"author":[{"embeddable":true,"href":"https:\/\/www.paranapraia.com.br\/index.php\/wp-json\/wp\/v2\/users\/2"}],"replies":[{"embeddable":true,"href":"https:\/\/www.paranapraia.com.br\/index.php\/wp-json\/wp\/v2\/comments?post=49092"}],"version-history":[{"count":1,"href":"https:\/\/www.paranapraia.com.br\/index.php\/wp-json\/wp\/v2\/posts\/49092\/revisions"}],"predecessor-version":[{"id":49094,"href":"https:\/\/www.paranapraia.com.br\/index.php\/wp-json\/wp\/v2\/posts\/49092\/revisions\/49094"}],"wp:featuredmedia":[{"embeddable":true,"href":"https:\/\/www.paranapraia.com.br\/index.php\/wp-json\/wp\/v2\/media\/49093"}],"wp:attachment":[{"href":"https:\/\/www.paranapraia.com.br\/index.php\/wp-json\/wp\/v2\/media?parent=49092"}],"wp:term":[{"taxonomy":"category","embeddable":true,"href":"https:\/\/www.paranapraia.com.br\/index.php\/wp-json\/wp\/v2\/categories?post=49092"},{"taxonomy":"post_tag","embeddable":true,"href":"https:\/\/www.paranapraia.com.br\/index.php\/wp-json\/wp\/v2\/tags?post=49092"}],"curies":[{"name":"wp","href":"https:\/\/api.w.org\/{rel}","templated":true}]}}