{"id":49089,"date":"2023-05-30T10:40:31","date_gmt":"2023-05-30T13:40:31","guid":{"rendered":"https:\/\/www.paranapraia.com.br\/?p=49089"},"modified":"2023-05-30T10:40:32","modified_gmt":"2023-05-30T13:40:32","slug":"complicado-br-277-entra-no-terceiro-dia-interdicao-parcial-no-sentido-litoral","status":"publish","type":"post","link":"https:\/\/www.paranapraia.com.br\/index.php\/2023\/05\/30\/complicado-br-277-entra-no-terceiro-dia-interdicao-parcial-no-sentido-litoral\/","title":{"rendered":"Complicado: BR-277 entra no terceiro dia interdi\u00e7\u00e3o parcial no sentido litoral"},"content":{"rendered":"\n<p>O tr\u00e2nsito na BR-277, no sentido\u00a0Paranagu\u00e1, continua em faixa \u00fanica na regi\u00e3o do quil\u00f4metro 40 neste ter\u00e7a-feira (30), de acordo com a Pol\u00edcia Rodovi\u00e1ria Federal (PRF).<\/p>\n\n\n\n<p>\u00c9 o terceiro dia de interdi\u00e7\u00e3o parcial,\u00a0reflexo do tombamento de um caminh\u00e3o carregado com lecitina de soja, um tipo de \u00f3leo vegetal. O acidente com o caminh\u00e3o foi no s\u00e1bado (27).<\/p>\n\n\n\n<p>De acordo com a PRF, na madrugada desta ter\u00e7a-feira (30) o container onde a carga estava foi retirado do local, por\u00e9m, a interdi\u00e7\u00e3o continua porque a limpeza da pista ainda n\u00e3o foi conclu\u00edda.<\/p>\n\n\n\n<p>A expectativa da PRF \u00e9 que o servi\u00e7o seja finalizado ainda nesta ter\u00e7a.<\/p>\n\n\n\n<h2 class=\"wp-block-heading\">O acidente<\/h2>\n\n\n\n<p>Segundo a PRF, ningu\u00e9m se feriu no acidente. No s\u00e1bado, a rodovia ficou totalmente bloqueada por cerca de seis horas. A fila chegou a 18 quil\u00f4metros, segundo a pol\u00edcia.<\/p>\n\n\n\n<p>G1PR<\/p>\n","protected":false},"excerpt":{"rendered":"<p>O tr\u00e2nsito na BR-277, no sentido\u00a0Paranagu\u00e1, continua em faixa \u00fanica na regi\u00e3o do quil\u00f4metro 40 neste ter\u00e7a-feira (30), de acordo com a Pol\u00edcia Rodovi\u00e1ria Federal (PRF). \u00c9 o terceiro dia de interdi\u00e7\u00e3o parcial,\u00a0reflexo do tombamento de um caminh\u00e3o carregado com lecitina de soja, um tipo de \u00f3leo vegetal. O acidente com o caminh\u00e3o foi no [&hellip;]<\/p>\n","protected":false},"author":2,"featured_media":49090,"comment_status":"open","ping_status":"open","sticky":false,"template":"","format":"standard","meta":{"advanced_seo_description":"","jetpack_seo_html_title":"","jetpack_seo_noindex":false,"_jetpack_memberships_contains_paid_content":false,"footnotes":""},"categories":[40],"tags":[],"class_list":{"0":"post-49089","1":"post","2":"type-post","3":"status-publish","4":"format-standard","5":"has-post-thumbnail","7":"category-destaques"},"jetpack_featured_media_url":"https:\/\/www.paranapraia.com.br\/wp-content\/uploads\/2023\/05\/whatsapp-image-2023-05-27-at-09.10.21-1.webp","jetpack_sharing_enabled":true,"_links":{"self":[{"href":"https:\/\/www.paranapraia.com.br\/index.php\/wp-json\/wp\/v2\/posts\/49089"}],"collection":[{"href":"https:\/\/www.paranapraia.com.br\/index.php\/wp-json\/wp\/v2\/posts"}],"about":[{"href":"https:\/\/www.paranapraia.com.br\/index.php\/wp-json\/wp\/v2\/types\/post"}],"author":[{"embeddable":true,"href":"https:\/\/www.paranapraia.com.br\/index.php\/wp-json\/wp\/v2\/users\/2"}],"replies":[{"embeddable":true,"href":"https:\/\/www.paranapraia.com.br\/index.php\/wp-json\/wp\/v2\/comments?post=49089"}],"version-history":[{"count":1,"href":"https:\/\/www.paranapraia.com.br\/index.php\/wp-json\/wp\/v2\/posts\/49089\/revisions"}],"predecessor-version":[{"id":49091,"href":"https:\/\/www.paranapraia.com.br\/index.php\/wp-json\/wp\/v2\/posts\/49089\/revisions\/49091"}],"wp:featuredmedia":[{"embeddable":true,"href":"https:\/\/www.paranapraia.com.br\/index.php\/wp-json\/wp\/v2\/media\/49090"}],"wp:attachment":[{"href":"https:\/\/www.paranapraia.com.br\/index.php\/wp-json\/wp\/v2\/media?parent=49089"}],"wp:term":[{"taxonomy":"category","embeddable":true,"href":"https:\/\/www.paranapraia.com.br\/index.php\/wp-json\/wp\/v2\/categories?post=49089"},{"taxonomy":"post_tag","embeddable":true,"href":"https:\/\/www.paranapraia.com.br\/index.php\/wp-json\/wp\/v2\/tags?post=49089"}],"curies":[{"name":"wp","href":"https:\/\/api.w.org\/{rel}","templated":true}]}}