{"id":49083,"date":"2023-05-30T10:35:32","date_gmt":"2023-05-30T13:35:32","guid":{"rendered":"https:\/\/www.paranapraia.com.br\/?p=49083"},"modified":"2023-05-30T10:35:32","modified_gmt":"2023-05-30T13:35:32","slug":"aviso-de-licitacao-e-divulgado-pela-prefeitura-de-pontal-do-parana","status":"publish","type":"post","link":"https:\/\/www.paranapraia.com.br\/index.php\/2023\/05\/30\/aviso-de-licitacao-e-divulgado-pela-prefeitura-de-pontal-do-parana\/","title":{"rendered":"Aviso de licita\u00e7\u00e3o \u00e9 divulgado pela prefeitura de Pontal do Paran\u00e1"},"content":{"rendered":"\n<p><strong>AVISO DE LICITA\u00c7\u00c3O \u2013 MANUTEN\u00c7\u00c3O, INSTALA\u00c7\u00c3O E DESINSTALA\u00c7\u00c3O DE AR CONDICIONADO<\/strong><\/p>\n\n\n\n<figure class=\"wp-block-image size-full\"><img loading=\"lazy\" decoding=\"async\" width=\"940\" height=\"788\" src=\"https:\/\/www.paranapraia.com.br\/wp-content\/uploads\/2023\/05\/350773871_764377845416800_2641182555000315705_n.jpg\" alt=\"\" class=\"wp-image-49086\" srcset=\"https:\/\/www.paranapraia.com.br\/wp-content\/uploads\/2023\/05\/350773871_764377845416800_2641182555000315705_n.jpg 940w, https:\/\/www.paranapraia.com.br\/wp-content\/uploads\/2023\/05\/350773871_764377845416800_2641182555000315705_n-300x251.jpg 300w, https:\/\/www.paranapraia.com.br\/wp-content\/uploads\/2023\/05\/350773871_764377845416800_2641182555000315705_n-768x644.jpg 768w, https:\/\/www.paranapraia.com.br\/wp-content\/uploads\/2023\/05\/350773871_764377845416800_2641182555000315705_n-696x583.jpg 696w, https:\/\/www.paranapraia.com.br\/wp-content\/uploads\/2023\/05\/350773871_764377845416800_2641182555000315705_n-501x420.jpg 501w\" sizes=\"(max-width: 940px) 100vw, 940px\" \/><\/figure>\n\n\n\n<p>A Prefeitura de Pontal do Paran\u00e1 vem a p\u00fablico abrir O Preg\u00e3o Eletr\u00f4nico \u2013 SRP n\u00ba 37\/2023 e o Processo Licitat\u00f3rio n\u00ba 076\/2023, para registro de pre\u00e7os para a sele\u00e7\u00e3o de empresa especializada em manuten\u00e7\u00e3o preventiva, manuten\u00e7\u00e3o corretiva, instala\u00e7\u00e3o e desinstala\u00e7\u00e3o e substitui\u00e7\u00e3o de pe\u00e7as de aparelhos de ar condicionado para atender as necessidades das Secretarias Municipais de: Administra\u00e7\u00e3o, Assist\u00eancia Social, Educa\u00e7\u00e3o, Sa\u00fade, Seguran\u00e7a P\u00fablica, Turismo e Desenvolvimento Econ\u00f4mico, Meio Ambiente, Agricultura e Pesca, Esporte, Cultura, Lazer e Juventude e do FUNREBOM \u2013 Fundo de Reequipamentos do Corpo de Bombeiros.<\/p>\n\n\n\n<p>Dia 13\/06\/23 \u2013 \u00c0s 9h.<\/p>\n\n\n\n<p>Informa\u00e7\u00f5es e orienta\u00e7\u00f5es gratuitas na sede da Prefeitura de Pontal do Paran\u00e1 no balne\u00e1rio Praia de Leste, na Sala do Empreendedor (Whatsapp: (41) 93500 79 77) ou no Escrit\u00f3rio de Compras P\u00fablicas (Whatsapp: (41) 93500 80 99).<\/p>\n\n\n\n<p><strong>AVISO DE LICITA\u00c7\u00c3O \u2013 PAVIMENTA\u00c7\u00c3O NA PRA\u00c7A DE ESPORTES DE PONTAL DO SUL<\/strong><\/p>\n\n\n\n<figure class=\"wp-block-image size-full\"><img loading=\"lazy\" decoding=\"async\" width=\"940\" height=\"788\" src=\"https:\/\/www.paranapraia.com.br\/wp-content\/uploads\/2023\/05\/350352703_218461100953929_4940757863720737487_n.jpg\" alt=\"\" class=\"wp-image-49085\" srcset=\"https:\/\/www.paranapraia.com.br\/wp-content\/uploads\/2023\/05\/350352703_218461100953929_4940757863720737487_n.jpg 940w, https:\/\/www.paranapraia.com.br\/wp-content\/uploads\/2023\/05\/350352703_218461100953929_4940757863720737487_n-300x251.jpg 300w, https:\/\/www.paranapraia.com.br\/wp-content\/uploads\/2023\/05\/350352703_218461100953929_4940757863720737487_n-768x644.jpg 768w, https:\/\/www.paranapraia.com.br\/wp-content\/uploads\/2023\/05\/350352703_218461100953929_4940757863720737487_n-696x583.jpg 696w, https:\/\/www.paranapraia.com.br\/wp-content\/uploads\/2023\/05\/350352703_218461100953929_4940757863720737487_n-501x420.jpg 501w\" sizes=\"(max-width: 940px) 100vw, 940px\" \/><\/figure>\n\n\n\n<p>A Prefeitura de Pontal do Paran\u00e1 vem a p\u00fablico abrir a Tomada de Pre\u00e7o n\u00ba 09\/2023 e o Processo Licitat\u00f3rio n\u00ba 074\/2023, para contrata\u00e7\u00e3o dos servi\u00e7os de pavimenta\u00e7\u00e3o na \u00e1rea da pra\u00e7a de esportes em Pontal do Sul: execu\u00e7\u00e3o de pavimenta\u00e7\u00e3o em blocos de concreto intertravado (paver) e ilumina\u00e7\u00e3o ornamental. \u00c1rea a ser pavimentada 856,85 m\u00b2. \u00c1rea a ser executado passeio: 587,64 m\u00b2.<\/p>\n\n\n\n<p>Dia 12\/06\/23 \u2013 \u00c0s 9h30<\/p>\n\n\n\n<p>Informa\u00e7\u00f5es e orienta\u00e7\u00f5es gratuitas na sede da Prefeitura de Pontal do Paran\u00e1 no balne\u00e1rio Praia de Leste, na Sala do Empreendedor (Whatsapp: (41) 93500 79 77) ou no Escrit\u00f3rio de Compras P\u00fablicas (Whatsapp: (41) 93500 80 99).<\/p>\n\n\n\n<p><\/p>\n\n\n\n<p><strong>AVISO DE LICITA\u00c7\u00c3O \u2013 AQUISI\u00c7\u00c3O DE MATERIAIS DE CONSTRU\u00c7\u00c3O<\/strong><\/p>\n\n\n\n<figure class=\"wp-block-image size-full\"><img loading=\"lazy\" decoding=\"async\" width=\"940\" height=\"788\" src=\"https:\/\/www.paranapraia.com.br\/wp-content\/uploads\/2023\/05\/350340714_232347772912095_5978968019705015845_n.jpg\" alt=\"\" class=\"wp-image-49084\" srcset=\"https:\/\/www.paranapraia.com.br\/wp-content\/uploads\/2023\/05\/350340714_232347772912095_5978968019705015845_n.jpg 940w, https:\/\/www.paranapraia.com.br\/wp-content\/uploads\/2023\/05\/350340714_232347772912095_5978968019705015845_n-300x251.jpg 300w, https:\/\/www.paranapraia.com.br\/wp-content\/uploads\/2023\/05\/350340714_232347772912095_5978968019705015845_n-768x644.jpg 768w, https:\/\/www.paranapraia.com.br\/wp-content\/uploads\/2023\/05\/350340714_232347772912095_5978968019705015845_n-696x583.jpg 696w, https:\/\/www.paranapraia.com.br\/wp-content\/uploads\/2023\/05\/350340714_232347772912095_5978968019705015845_n-501x420.jpg 501w\" sizes=\"(max-width: 940px) 100vw, 940px\" \/><\/figure>\n\n\n\n<p>A Prefeitura de Pontal do Paran\u00e1 vem a p\u00fablico abrir o Processo Licitat\u00f3rio n\u00ba 073\/2023 e o Preg\u00e3o Eletr\u00f4nico n\u00ba SRP 36\/2023 para a aquisi\u00e7\u00e3o de materiais de constru\u00e7\u00e3o para manuten\u00e7\u00e3o e conserva\u00e7\u00e3o de bens im\u00f3veis, em atendimento \u00e0s necessidades das Secretarias Municipais, conforme tabela pr\u00f3pria do munic\u00edpio de Pontal do Paran\u00e1.<\/p>\n\n\n\n<p>Dia 07\/06\/2023 \u2013 \u00c0s 9h.<\/p>\n\n\n\n<p>Informa\u00e7\u00f5es e orienta\u00e7\u00f5es gratuitas na sede da Prefeitura de Pontal do Paran\u00e1 no balne\u00e1rio Praia de Leste, na Sala do Empreendedor (Whatsapp: (41) 93500 79 77) ou no Escrit\u00f3rio de Compras P\u00fablicas (Whatsapp: (41) 93500 80 99).<\/p>\n\n\n\n<p>Assessoria<\/p>\n","protected":false},"excerpt":{"rendered":"<p>AVISO DE LICITA\u00c7\u00c3O \u2013 MANUTEN\u00c7\u00c3O, INSTALA\u00c7\u00c3O E DESINSTALA\u00c7\u00c3O DE AR CONDICIONADO A Prefeitura de Pontal do Paran\u00e1 vem a p\u00fablico abrir O Preg\u00e3o Eletr\u00f4nico \u2013 SRP n\u00ba 37\/2023 e o Processo Licitat\u00f3rio n\u00ba 076\/2023, para registro de pre\u00e7os para a sele\u00e7\u00e3o de empresa especializada em manuten\u00e7\u00e3o preventiva, manuten\u00e7\u00e3o corretiva, instala\u00e7\u00e3o e desinstala\u00e7\u00e3o e substitui\u00e7\u00e3o de [&hellip;]<\/p>\n","protected":false},"author":2,"featured_media":49087,"comment_status":"open","ping_status":"open","sticky":false,"template":"","format":"standard","meta":{"advanced_seo_description":"","jetpack_seo_html_title":"","jetpack_seo_noindex":false,"_jetpack_memberships_contains_paid_content":false,"footnotes":""},"categories":[65],"tags":[],"class_list":{"0":"post-49083","1":"post","2":"type-post","3":"status-publish","4":"format-standard","5":"has-post-thumbnail","7":"category-pontal-do-parana"},"jetpack_featured_media_url":"https:\/\/www.paranapraia.com.br\/wp-content\/uploads\/2023\/05\/Sem-nome-900-\u00d7-600-px-5-1.png","jetpack_sharing_enabled":true,"_links":{"self":[{"href":"https:\/\/www.paranapraia.com.br\/index.php\/wp-json\/wp\/v2\/posts\/49083"}],"collection":[{"href":"https:\/\/www.paranapraia.com.br\/index.php\/wp-json\/wp\/v2\/posts"}],"about":[{"href":"https:\/\/www.paranapraia.com.br\/index.php\/wp-json\/wp\/v2\/types\/post"}],"author":[{"embeddable":true,"href":"https:\/\/www.paranapraia.com.br\/index.php\/wp-json\/wp\/v2\/users\/2"}],"replies":[{"embeddable":true,"href":"https:\/\/www.paranapraia.com.br\/index.php\/wp-json\/wp\/v2\/comments?post=49083"}],"version-history":[{"count":1,"href":"https:\/\/www.paranapraia.com.br\/index.php\/wp-json\/wp\/v2\/posts\/49083\/revisions"}],"predecessor-version":[{"id":49088,"href":"https:\/\/www.paranapraia.com.br\/index.php\/wp-json\/wp\/v2\/posts\/49083\/revisions\/49088"}],"wp:featuredmedia":[{"embeddable":true,"href":"https:\/\/www.paranapraia.com.br\/index.php\/wp-json\/wp\/v2\/media\/49087"}],"wp:attachment":[{"href":"https:\/\/www.paranapraia.com.br\/index.php\/wp-json\/wp\/v2\/media?parent=49083"}],"wp:term":[{"taxonomy":"category","embeddable":true,"href":"https:\/\/www.paranapraia.com.br\/index.php\/wp-json\/wp\/v2\/categories?post=49083"},{"taxonomy":"post_tag","embeddable":true,"href":"https:\/\/www.paranapraia.com.br\/index.php\/wp-json\/wp\/v2\/tags?post=49083"}],"curies":[{"name":"wp","href":"https:\/\/api.w.org\/{rel}","templated":true}]}}