{"id":4898,"date":"2019-04-05T17:50:40","date_gmt":"2019-04-05T20:50:40","guid":{"rendered":"https:\/\/www.paranapraia.com.br\/?p=4898"},"modified":"2019-04-05T17:50:41","modified_gmt":"2019-04-05T20:50:41","slug":"sindicatos-e-empresa-fecham-proposta-e-fim-da-greve-do-transporte-depende-de-assembleia-de-trabalhadores","status":"publish","type":"post","link":"https:\/\/www.paranapraia.com.br\/index.php\/2019\/04\/05\/sindicatos-e-empresa-fecham-proposta-e-fim-da-greve-do-transporte-depende-de-assembleia-de-trabalhadores\/","title":{"rendered":"Sindicatos e empresa fecham proposta, e fim da greve do transporte depende de assembleia de trabalhadores"},"content":{"rendered":"\n<p>Os sindicatos \u2013 das empresas e dos trabalhadores \u2013 e a Transportes Coletivos Grande Londrina (TCGL), empresa respons\u00e1vel pela opera\u00e7\u00e3o de 85% das linhas de \u00f4nibus de Londrina, no norte do Paran\u00e1, fecharam, na tarde desta sexta-feira (5), uma proposta de acordo que pode p\u00f4r fim \u00e0 greve.<\/p>\n\n\n\n<p>No entanto, o fim da paralisa\u00e7\u00e3o depende de uma assembleia dos trabalhadores, que deve ser realizada ainda nesta sexta.&nbsp;<a href=\"https:\/\/g1.globo.com\/pr\/norte-noroeste\/noticia\/2019\/04\/04\/funcionarios-do-transporte-coletivo-de-londrina-entra-em-greve-nesta-quinta-feira-4.ghtml\">A greve de motoristas e cobradores da TCGL come\u00e7ou na manh\u00e3 de quinta-feira (4)&nbsp;<\/a>e causou transtorno para usu\u00e1rios.<\/p>\n\n\n\n<p>A proposta foi elaborada durante uma audi\u00eancia de concilia\u00e7\u00e3o na na 2\u00aa Vara da Justi\u00e7a do Trabalho, da qual participaram o Sindicato dos Trabalhadores em Transportes Rodovi\u00e1rios de Londrina (Sinttrol), o Sindicato das Empresas de Transporte Rodovi\u00e1rio de Passageiros Intermunicipais (Metrolon) e a TCGL.<\/p>\n\n\n\n<p>A Companhia Municipal de Tr\u00e2nsito e Urbaniza\u00e7\u00e3o (CMTU) tamb\u00e9m acompanhou a audi\u00eancia.<\/p>\n\n\n\n<p>A audi\u00eancia come\u00e7ou \u00e0s 9h terminou por volta das 15h45 desta sexta.<\/p>\n\n\n\n<p>Na sa\u00edda da audi\u00eancia, a TCGL informou os pontos da proposta do acordo:<\/p>\n\n\n\n<ul class=\"wp-block-list\"><li>manuten\u00e7\u00e3o do pagamento de Programa de Participa\u00e7\u00e3o de Resultados (PPR), em abril e julho;<\/li><li>manuten\u00e7\u00e3o dos 4% de reajuste pagos em abono at\u00e9 julho;<\/li><li>depois disso desse prazo, se houver novo contrato (emergencial ou da licita\u00e7\u00e3o) fica incorporado.<\/li><\/ul>\n\n\n\n<p>Na sa\u00edda da Justi\u00e7a, o Sinttrol n\u00e3o quis comentar os detalhes da proposta, disse apenas que depende da assembleia para aprova\u00e7\u00e3o.<\/p>\n\n\n\n<h2 class=\"wp-block-heading\">A greve<\/h2>\n\n\n\n<p>A TCGL tem 1,4 mil funcion\u00e1rios e \u00e9 respons\u00e1vel pela maioria das linhas de \u00f4nibus que opera em Londrina.<\/p>\n\n\n\n<p>De acordo com o Sinttrol, a empresa se recusou a assinar um acordo coletivo que previa reposi\u00e7\u00e3o de 4% nos sal\u00e1rios e pagamento de um abono de PPR.<\/p>\n\n\n\n<p>G1PR<\/p>\n","protected":false},"excerpt":{"rendered":"<p>Os sindicatos \u2013 das empresas e dos trabalhadores \u2013 e a Transportes Coletivos Grande Londrina (TCGL), empresa respons\u00e1vel pela opera\u00e7\u00e3o de 85% das linhas de \u00f4nibus de Londrina, no norte do Paran\u00e1, fecharam, na tarde desta sexta-feira (5), uma proposta de acordo que pode p\u00f4r fim \u00e0 greve. No entanto, o fim da paralisa\u00e7\u00e3o depende [&hellip;]<\/p>\n","protected":false},"author":2,"featured_media":4899,"comment_status":"open","ping_status":"open","sticky":false,"template":"","format":"standard","meta":{"advanced_seo_description":"","jetpack_seo_html_title":"","jetpack_seo_noindex":false,"_jetpack_memberships_contains_paid_content":false,"footnotes":""},"categories":[43],"tags":[],"class_list":{"0":"post-4898","1":"post","2":"type-post","3":"status-publish","4":"format-standard","5":"has-post-thumbnail","7":"category-cotidiano"},"jetpack_featured_media_url":"https:\/\/www.paranapraia.com.br\/wp-content\/uploads\/2019\/04\/greve.jpg","jetpack_sharing_enabled":true,"_links":{"self":[{"href":"https:\/\/www.paranapraia.com.br\/index.php\/wp-json\/wp\/v2\/posts\/4898"}],"collection":[{"href":"https:\/\/www.paranapraia.com.br\/index.php\/wp-json\/wp\/v2\/posts"}],"about":[{"href":"https:\/\/www.paranapraia.com.br\/index.php\/wp-json\/wp\/v2\/types\/post"}],"author":[{"embeddable":true,"href":"https:\/\/www.paranapraia.com.br\/index.php\/wp-json\/wp\/v2\/users\/2"}],"replies":[{"embeddable":true,"href":"https:\/\/www.paranapraia.com.br\/index.php\/wp-json\/wp\/v2\/comments?post=4898"}],"version-history":[{"count":1,"href":"https:\/\/www.paranapraia.com.br\/index.php\/wp-json\/wp\/v2\/posts\/4898\/revisions"}],"predecessor-version":[{"id":4900,"href":"https:\/\/www.paranapraia.com.br\/index.php\/wp-json\/wp\/v2\/posts\/4898\/revisions\/4900"}],"wp:featuredmedia":[{"embeddable":true,"href":"https:\/\/www.paranapraia.com.br\/index.php\/wp-json\/wp\/v2\/media\/4899"}],"wp:attachment":[{"href":"https:\/\/www.paranapraia.com.br\/index.php\/wp-json\/wp\/v2\/media?parent=4898"}],"wp:term":[{"taxonomy":"category","embeddable":true,"href":"https:\/\/www.paranapraia.com.br\/index.php\/wp-json\/wp\/v2\/categories?post=4898"},{"taxonomy":"post_tag","embeddable":true,"href":"https:\/\/www.paranapraia.com.br\/index.php\/wp-json\/wp\/v2\/tags?post=4898"}],"curies":[{"name":"wp","href":"https:\/\/api.w.org\/{rel}","templated":true}]}}