{"id":48522,"date":"2023-05-22T20:24:03","date_gmt":"2023-05-22T23:24:03","guid":{"rendered":"https:\/\/www.paranapraia.com.br\/?p=48522"},"modified":"2023-05-22T20:24:04","modified_gmt":"2023-05-22T23:24:04","slug":"alok-e-homenageado-em-cannes-pela-defesa-a-causa-indigena","status":"publish","type":"post","link":"https:\/\/www.paranapraia.com.br\/index.php\/2023\/05\/22\/alok-e-homenageado-em-cannes-pela-defesa-a-causa-indigena\/","title":{"rendered":"Alok \u00e9 homenageado em Cannes pela defesa \u00e0 causa ind\u00edgena"},"content":{"rendered":"\n<p>O brasileiro Alok recebeu uma homenagem neste fim de semana no Festival de Cinema de Cannes (Fran\u00e7a). O DJ e produtor musical, de 31 anos, recebeu o Pr\u00eamio Best Achievement \u2013 Pr\u00eamio Melhor Cinquista, em tradu\u00e7\u00e3o livre, por sua contribui\u00e7\u00e3o \u00e0 causa ind\u00edgena.<\/p>\n\n\n\n<p>O pr\u00eamio foi dado pelo Better World \u2013 Mundo Melhor \u2013 e o Amaz\u00f4nia Fund \/ Unesco. O perfil de Alok no Instagram informou que o trof\u00e9u foi recebido por C\u00e9lia Xakriab\u00e1 e Mapu Huni Kui, em nome de Alok e pelos representantes do Instituto Alok, F\u00e1bio Soares e Devam Bhaskar.<\/p>\n\n\n\n<p>Na oportunidade, foi divulgado o Fundo Ancestrais do Futuro, uma parceria do Instituto com o Pacto Global ONU \u2013 Brasil e WeLight para apoio a projeto ind\u00edgenas.<\/p>\n\n\n\n<p>Defesa da causa ind\u00edgenaNo m\u00eas passado, o DJ Alok foi aplaudido no plen\u00e1rio da C\u00e2mara dos Deputados, em Bras\u00edlia, ap\u00f3s discursar tamb\u00e9m pedindo prote\u00e7\u00e3o aos povos origin\u00e1rios.<\/p>\n\n\n\n<p>Ele disse que a hist\u00f3ria dos ind\u00edgenas brasileiros nunca foi contada com clareza nos livros:\u201cEu tinha uma vis\u00e3o muito distorcida de como era o ind\u00edgena, at\u00e9 porque voc\u00eas [ind\u00edgenas] nunca tiveram a oportunidade de contar a hist\u00f3ria. Sempre foi contada e escrita por n\u00f3s\u201d, afirmou o DJ.<\/p>\n\n\n\n<p>E Alok defendeu que o Brasil proteja os povos origin\u00e1rios e as terras deles:\u201cUma grande forma de fazer isso \u00e9 proteger quem a protege: os povos ind\u00edgenas. (\u2026) N\u00e3o \u00e9 sobre qual pa\u00eds queremos deixar para os nossos filhos, mas sobre quais filhos vamos deixar para este pa\u00eds\u201d.<\/p>\n\n\n\n<p>Visita \u00e0s terras ind\u00edgenas<\/p>\n\n\n\n<p>Em 2021 Alok foi pessoalmente ao Acampamento Terra Livre (ATL), a maior Assembleia dos Povos e Organiza\u00e7\u00f5es Ind\u00edgenas do Brasil.No mesmo ano, ele foi eleito o 4\u00ba melhor DJ do mundo pela revista brit\u00e2nica DJ Mag.<\/p>\n\n\n\n<p>S\u00f3 Noticia Boa <\/p>\n","protected":false},"excerpt":{"rendered":"<p>O brasileiro Alok recebeu uma homenagem neste fim de semana no Festival de Cinema de Cannes (Fran\u00e7a). O DJ e produtor musical, de 31 anos, recebeu o Pr\u00eamio Best Achievement \u2013 Pr\u00eamio Melhor Cinquista, em tradu\u00e7\u00e3o livre, por sua contribui\u00e7\u00e3o \u00e0 causa ind\u00edgena. O pr\u00eamio foi dado pelo Better World \u2013 Mundo Melhor \u2013 e [&hellip;]<\/p>\n","protected":false},"author":2,"featured_media":48523,"comment_status":"open","ping_status":"open","sticky":false,"template":"","format":"standard","meta":{"advanced_seo_description":"","jetpack_seo_html_title":"","jetpack_seo_noindex":false,"_jetpack_memberships_contains_paid_content":false,"footnotes":""},"categories":[78],"tags":[],"class_list":{"0":"post-48522","1":"post","2":"type-post","3":"status-publish","4":"format-standard","5":"has-post-thumbnail","7":"category-cultura"},"jetpack_featured_media_url":"https:\/\/www.paranapraia.com.br\/wp-content\/uploads\/2023\/05\/IMG-20230522-WA0083.jpg","jetpack_sharing_enabled":true,"_links":{"self":[{"href":"https:\/\/www.paranapraia.com.br\/index.php\/wp-json\/wp\/v2\/posts\/48522"}],"collection":[{"href":"https:\/\/www.paranapraia.com.br\/index.php\/wp-json\/wp\/v2\/posts"}],"about":[{"href":"https:\/\/www.paranapraia.com.br\/index.php\/wp-json\/wp\/v2\/types\/post"}],"author":[{"embeddable":true,"href":"https:\/\/www.paranapraia.com.br\/index.php\/wp-json\/wp\/v2\/users\/2"}],"replies":[{"embeddable":true,"href":"https:\/\/www.paranapraia.com.br\/index.php\/wp-json\/wp\/v2\/comments?post=48522"}],"version-history":[{"count":1,"href":"https:\/\/www.paranapraia.com.br\/index.php\/wp-json\/wp\/v2\/posts\/48522\/revisions"}],"predecessor-version":[{"id":48524,"href":"https:\/\/www.paranapraia.com.br\/index.php\/wp-json\/wp\/v2\/posts\/48522\/revisions\/48524"}],"wp:featuredmedia":[{"embeddable":true,"href":"https:\/\/www.paranapraia.com.br\/index.php\/wp-json\/wp\/v2\/media\/48523"}],"wp:attachment":[{"href":"https:\/\/www.paranapraia.com.br\/index.php\/wp-json\/wp\/v2\/media?parent=48522"}],"wp:term":[{"taxonomy":"category","embeddable":true,"href":"https:\/\/www.paranapraia.com.br\/index.php\/wp-json\/wp\/v2\/categories?post=48522"},{"taxonomy":"post_tag","embeddable":true,"href":"https:\/\/www.paranapraia.com.br\/index.php\/wp-json\/wp\/v2\/tags?post=48522"}],"curies":[{"name":"wp","href":"https:\/\/api.w.org\/{rel}","templated":true}]}}