{"id":48347,"date":"2023-05-20T22:51:52","date_gmt":"2023-05-21T01:51:52","guid":{"rendered":"https:\/\/www.paranapraia.com.br\/?p=48347"},"modified":"2023-05-20T22:51:52","modified_gmt":"2023-05-21T01:51:52","slug":"noivos-terminam-relacionamento-e-decidem-ser-padre-e-freira-que-historia","status":"publish","type":"post","link":"https:\/\/www.paranapraia.com.br\/index.php\/2023\/05\/20\/noivos-terminam-relacionamento-e-decidem-ser-padre-e-freira-que-historia\/","title":{"rendered":"Noivos terminam relacionamento e decidem ser padre e freira. Que hist\u00f3ria!"},"content":{"rendered":"\n<p>Uma hist\u00f3ria de amor com um final inesperado! Os noivos, juntos h\u00e1 nove anos, estavam com tudo pronto para o casamento, quando decidiram que a voca\u00e7\u00e3o deles era ser padre e freira. Eles decidiram seguir o cora\u00e7\u00e3o e a hist\u00f3ria acabou viralizando.<\/p>\n\n\n\n<p>Os italianos Angelo Ragosto e Paola se conheceram na par\u00f3quia de Portici, na prov\u00edncia de N\u00e1poles, na It\u00e1lia, quando ele tinha 16 anos e ela 15. Apaixonaram-se. Mas tudo se transformou quando numa missa, nove anos depois, descobriram que estavam destinados \u00e0 Igreja.<\/p>\n\n\n\n<p>Primeiro, Angelo foi ordenado padre e, logo depois, Paola ingressou como freira de clausura, da ordem das Carmelita Descal\u00e7as, com o nome de Irm\u00e3 Maria Giuseppina do Amor Encarnado.<\/p>\n\n\n\n<p>A hist\u00f3ria<\/p>\n\n\n\n<p>A hist\u00f3ria de Angelo e Paola \u00e9 contada pelo pr\u00f3prio padre.\u201cNossos anos de noivado passaram rapidamente, at\u00e9 o dia em que o jovem vice-curador Don Michele Madonna chegou \u00e0 par\u00f3quia, perto da casa de Paola, e nos fez conhecer \u2018Jesus vivo\u2019,\u201d, afirmou Angelo.<\/p>\n\n\n\n<p>Segundo o padre, Don Michele repetia: \u201cMeninos, perguntem a Deus o que ele pensou para voc\u00eas, qual \u00e9 o sonho dele para cada um de voc\u00eas\u201d.A partir da\u00ed o casal passou a refletir sobre o tema. Por\u00e9m, foi um longo processo. De acordo com Angelo, mais demorado para Paola.<\/p>\n\n\n\n<p>\u201cTudo virou de cabe\u00e7a para baixo para mim. Continuei minha vida trabalhando como eletricista industrial, mas no fundo me tornei cada vez mais inquieto\u201d, disse. \u201cTudo era sem gra\u00e7a e parecia que n\u00e3o era o suficiente para mim. Eu tinha tudo, mas n\u00e3o era feliz.\u201d<\/p>\n\n\n\n<p>Para Paola, foi um processo da aceita\u00e7\u00e3o do \u201cchamado de Deus\u201d \u00e0 tomada de decis\u00e3o.\u201cEla n\u00e3o conseguia dizer \u2018sim\u2019 ao Senhor. Em outubro, por\u00e9m, Deus superou os obst\u00e1culos e Paola me deixou, concluindo definitivamente nossa hist\u00f3ria\u201d, relatou Angelo.<\/p>\n\n\n\n<p>Vida atual<\/p>\n\n\n\n<p>Ordenado padre, em 2016, aos 33 anos, Angelo passou por uma experi\u00eancia de apostolado na miss\u00e3o cat\u00f3lica de Wuppertal, Alemanha. Atualmente ele se dedica ao servi\u00e7o pastoral \u00e0s comunidades italianas.Ao passar por N\u00e1poles, Angelo disse que sempre visita o mosteiro onde est\u00e1 Paola, hoje chamada pelo nome religioso e tratada de forma bastante formal.<\/p>\n\n\n\n<p>\u201cToda vez que estou em N\u00e1poles, vou ao mosteiro ver a Irm\u00e3 Maria Giuseppina. A hist\u00f3ria n\u00e3o mudou muito: quando eu era noivo, recebia serm\u00f5es. Eu continuo sendo pego at\u00e9 como padre\u201d, reagiu ele.<\/p>\n\n\n\n<p>S\u00f3 Not\u00edcia Boa <\/p>\n","protected":false},"excerpt":{"rendered":"<p>Uma hist\u00f3ria de amor com um final inesperado! Os noivos, juntos h\u00e1 nove anos, estavam com tudo pronto para o casamento, quando decidiram que a voca\u00e7\u00e3o deles era ser padre e freira. Eles decidiram seguir o cora\u00e7\u00e3o e a hist\u00f3ria acabou viralizando. Os italianos Angelo Ragosto e Paola se conheceram na par\u00f3quia de Portici, na [&hellip;]<\/p>\n","protected":false},"author":2,"featured_media":48348,"comment_status":"open","ping_status":"open","sticky":false,"template":"","format":"standard","meta":{"advanced_seo_description":"","jetpack_seo_html_title":"","jetpack_seo_noindex":false,"_jetpack_memberships_contains_paid_content":false,"footnotes":""},"categories":[40],"tags":[],"class_list":{"0":"post-48347","1":"post","2":"type-post","3":"status-publish","4":"format-standard","5":"has-post-thumbnail","7":"category-destaques"},"jetpack_featured_media_url":"https:\/\/www.paranapraia.com.br\/wp-content\/uploads\/2023\/05\/IMG-20230520-WA0060.jpg","jetpack_sharing_enabled":true,"_links":{"self":[{"href":"https:\/\/www.paranapraia.com.br\/index.php\/wp-json\/wp\/v2\/posts\/48347"}],"collection":[{"href":"https:\/\/www.paranapraia.com.br\/index.php\/wp-json\/wp\/v2\/posts"}],"about":[{"href":"https:\/\/www.paranapraia.com.br\/index.php\/wp-json\/wp\/v2\/types\/post"}],"author":[{"embeddable":true,"href":"https:\/\/www.paranapraia.com.br\/index.php\/wp-json\/wp\/v2\/users\/2"}],"replies":[{"embeddable":true,"href":"https:\/\/www.paranapraia.com.br\/index.php\/wp-json\/wp\/v2\/comments?post=48347"}],"version-history":[{"count":1,"href":"https:\/\/www.paranapraia.com.br\/index.php\/wp-json\/wp\/v2\/posts\/48347\/revisions"}],"predecessor-version":[{"id":48349,"href":"https:\/\/www.paranapraia.com.br\/index.php\/wp-json\/wp\/v2\/posts\/48347\/revisions\/48349"}],"wp:featuredmedia":[{"embeddable":true,"href":"https:\/\/www.paranapraia.com.br\/index.php\/wp-json\/wp\/v2\/media\/48348"}],"wp:attachment":[{"href":"https:\/\/www.paranapraia.com.br\/index.php\/wp-json\/wp\/v2\/media?parent=48347"}],"wp:term":[{"taxonomy":"category","embeddable":true,"href":"https:\/\/www.paranapraia.com.br\/index.php\/wp-json\/wp\/v2\/categories?post=48347"},{"taxonomy":"post_tag","embeddable":true,"href":"https:\/\/www.paranapraia.com.br\/index.php\/wp-json\/wp\/v2\/tags?post=48347"}],"curies":[{"name":"wp","href":"https:\/\/api.w.org\/{rel}","templated":true}]}}