{"id":48337,"date":"2023-05-20T22:08:56","date_gmt":"2023-05-21T01:08:56","guid":{"rendered":"https:\/\/www.paranapraia.com.br\/?p=48337"},"modified":"2023-05-20T22:08:56","modified_gmt":"2023-05-21T01:08:56","slug":"rg-do-autista-novo-documento-facilita-vida-de-pessoas-com-tea-veja-como-fazer","status":"publish","type":"post","link":"https:\/\/www.paranapraia.com.br\/index.php\/2023\/05\/20\/rg-do-autista-novo-documento-facilita-vida-de-pessoas-com-tea-veja-como-fazer\/","title":{"rendered":"\u201cRG do autista\u201d: novo documento facilita vida de pessoas com TEA. Veja como fazer"},"content":{"rendered":"\n<p>A Carteira de Identifica\u00e7\u00e3o da Pessoa com Transtorno do Espectro Autista (Ciptea), conhecida como \u201cRG do autista\u201d, ganha cada vez mais import\u00e2ncia e os governos estaduais t\u00eam facilitado o acesso ao documento. A estimativa \u00e9 que existam cerca de 2 milh\u00f5es com diagn\u00f3stico de Transtorno do Espetro Autista (TEA) no Brasil entre crian\u00e7as, jovens e adultos.<\/p>\n\n\n\n<p>Recentemente foi estabelecido em S\u00e3o Paulo um Plano Estadual Integrado para alinhar, articular e ampliar os servi\u00e7os de atendimento \u00e0s pessoas com TEA no estado. o RG do autista entrou para esse plano como uma forma de garantir a aten\u00e7\u00e3o e os cuidados especiais.<\/p>\n\n\n\n<p>A iniciativa ganhou a ades\u00e3o de muitos adultos que t\u00eam o diagn\u00f3stico e desempenham atividades no dia a dia. \u201cVejo esse documento como uma forma de combater o preconceito\u201d, afirmou Leonard Ribeiro Jacinto, autista e professor de parkour (pr\u00e1tica esportiva que estimula superar barreiras).<\/p>\n\n\n\n<p>Facilitando identifica\u00e7\u00e3o<\/p>\n\n\n\n<p>Garantida pela lei 13.977, de 8 de janeiro de 2020, a Ciptea tem como objetivo proporcionar \u00e0s pessoas com TEA um documento de identifica\u00e7\u00e3o que n\u00e3o cause constrangimentos e contribua para uma melhor qualidade de vida.<\/p>\n\n\n\n<p>\u201cEstima-se que 1% da popula\u00e7\u00e3o em S\u00e3o Paulo, cerca de 470 mil pessoas, possui TEA de acordo com a Organiza\u00e7\u00e3o das Na\u00e7\u00f5es Unidas (ONU). Desde a emiss\u00e3o inicial da carteira em 6 de abril, j\u00e1 recebemos 7 mil pedidos\u201d, detalha Marcos da Costa, Secret\u00e1rio Estadual dos Direitos da Pessoa com Defici\u00eancia.<\/p>\n\n\n\n<p>Vivendo com TEA<\/p>\n\n\n\n<p>Daniela Sales, administradora de empresas de 47 anos, que possui TEA e compartilha a experi\u00eancia como autista nas redes sociais, destaca a utilidade desse documento em diversos lugares.\u201cPrincipalmente em filas e atendimentos em hospitais, pois ajuda no diagn\u00f3stico, j\u00e1 que o TEA est\u00e1 associado a comorbidades, e tamb\u00e9m nos momentos de lazer, como teatros e cinemas, para usufruir dos benef\u00edcios da meia-entrada\u201d, conta.<\/p>\n\n\n\n<p>Para Daniela, a Ciptea \u00e9 \u201cfant\u00e1stica\u201d, pois a protege de \u201cdesconfortos\u201d de lugares lotados, por exemplo.<\/p>\n\n\n\n<p>\u201cNo autismo, especialmente nos graus 1 e 2, as defici\u00eancias s\u00e3o \u2018invis\u00edveis\u2019. Muitas vezes, n\u00e3o conseguimos ficar em filas de supermercado, por exemplo, devido a quest\u00f5es sensoriais, como barulho, temperatura e exposi\u00e7\u00e3o prolongada, que pode desencadear uma crise sensorial e desregular completamente a pessoa\u201d, detalhou.<\/p>\n\n\n\n<p>Leonard, que \u00e9 body piercer de 38 anos, enxerga a Ciptea de forma positiva.\u201cQuando voc\u00ea tem a oportunidade de ter um registro governamental como esse, \u00e9 muito importante para garantir os direitos das pessoas com defici\u00eancia. Al\u00e9m disso, esse documento tamb\u00e9m garante um atendimento especializado\u201d, opinou Leonard.<\/p>\n\n\n\n<p>O novo RG do Autista permitir\u00e1 que pacientes possam ter mais facilidade na identifica\u00e7\u00e3o e atendimento priorit\u00e1rio. &#8211; Foto: Divulga\u00e7\u00e3o\/Governo do Paran\u00e1<\/p>\n\n\n\n<p>S\u00f3 Not\u00edcia Boa<\/p>\n","protected":false},"excerpt":{"rendered":"<p>A Carteira de Identifica\u00e7\u00e3o da Pessoa com Transtorno do Espectro Autista (Ciptea), conhecida como \u201cRG do autista\u201d, ganha cada vez mais import\u00e2ncia e os governos estaduais t\u00eam facilitado o acesso ao documento. A estimativa \u00e9 que existam cerca de 2 milh\u00f5es com diagn\u00f3stico de Transtorno do Espetro Autista (TEA) no Brasil entre crian\u00e7as, jovens e [&hellip;]<\/p>\n","protected":false},"author":2,"featured_media":48338,"comment_status":"open","ping_status":"open","sticky":false,"template":"","format":"standard","meta":{"advanced_seo_description":"","jetpack_seo_html_title":"","jetpack_seo_noindex":false,"_jetpack_memberships_contains_paid_content":false,"footnotes":""},"categories":[40],"tags":[],"class_list":{"0":"post-48337","1":"post","2":"type-post","3":"status-publish","4":"format-standard","5":"has-post-thumbnail","7":"category-destaques"},"jetpack_featured_media_url":"https:\/\/www.paranapraia.com.br\/wp-content\/uploads\/2023\/05\/IMG-20230520-WA0057.jpg","jetpack_sharing_enabled":true,"_links":{"self":[{"href":"https:\/\/www.paranapraia.com.br\/index.php\/wp-json\/wp\/v2\/posts\/48337"}],"collection":[{"href":"https:\/\/www.paranapraia.com.br\/index.php\/wp-json\/wp\/v2\/posts"}],"about":[{"href":"https:\/\/www.paranapraia.com.br\/index.php\/wp-json\/wp\/v2\/types\/post"}],"author":[{"embeddable":true,"href":"https:\/\/www.paranapraia.com.br\/index.php\/wp-json\/wp\/v2\/users\/2"}],"replies":[{"embeddable":true,"href":"https:\/\/www.paranapraia.com.br\/index.php\/wp-json\/wp\/v2\/comments?post=48337"}],"version-history":[{"count":1,"href":"https:\/\/www.paranapraia.com.br\/index.php\/wp-json\/wp\/v2\/posts\/48337\/revisions"}],"predecessor-version":[{"id":48339,"href":"https:\/\/www.paranapraia.com.br\/index.php\/wp-json\/wp\/v2\/posts\/48337\/revisions\/48339"}],"wp:featuredmedia":[{"embeddable":true,"href":"https:\/\/www.paranapraia.com.br\/index.php\/wp-json\/wp\/v2\/media\/48338"}],"wp:attachment":[{"href":"https:\/\/www.paranapraia.com.br\/index.php\/wp-json\/wp\/v2\/media?parent=48337"}],"wp:term":[{"taxonomy":"category","embeddable":true,"href":"https:\/\/www.paranapraia.com.br\/index.php\/wp-json\/wp\/v2\/categories?post=48337"},{"taxonomy":"post_tag","embeddable":true,"href":"https:\/\/www.paranapraia.com.br\/index.php\/wp-json\/wp\/v2\/tags?post=48337"}],"curies":[{"name":"wp","href":"https:\/\/api.w.org\/{rel}","templated":true}]}}