{"id":48334,"date":"2023-05-20T21:58:44","date_gmt":"2023-05-21T00:58:44","guid":{"rendered":"https:\/\/www.paranapraia.com.br\/?p=48334"},"modified":"2023-05-20T21:58:45","modified_gmt":"2023-05-21T00:58:45","slug":"mamonas-assassinas-ganharao-turne-de-homenagem-com-atores-de-filme","status":"publish","type":"post","link":"https:\/\/www.paranapraia.com.br\/index.php\/2023\/05\/20\/mamonas-assassinas-ganharao-turne-de-homenagem-com-atores-de-filme\/","title":{"rendered":"Mamonas Assassinas ganhar\u00e3o turn\u00ea de homenagem com atores de filme"},"content":{"rendered":"\n<p>Quem estava morrendo de saudade dos Mamonas Assassinas pode preparar a agenda porque, digamos, uma \u201cedi\u00e7\u00e3o especial\u201d do grupo entra em turn\u00ea pelo Brasil a partir deste s\u00e1bado, 20. A famosa banda dos eternos meninos de Guarulhos est\u00e1 de volta e promete emocionar muito os f\u00e3s.<\/p>\n\n\n\n<p>O grupo formado pelos cantores e atores Ruy Brissac, Beto Hinoto, Rhener Freitas, Adriano Tunes e Nelson Bonfim, j\u00e1 \u00e9 um velho conhecido dos f\u00e3s da banda. Os jovens deram vida a Dinho, Bento, S\u00e9rio, Samuel e J\u00falio em uma pe\u00e7a e, recentemente, no filme e s\u00e9rie que contar\u00e3o a hist\u00f3ria dos Mamonas.<\/p>\n\n\n\n<p>Segundo produtores e familiares da banda original, o grupo foi formado para divulgar o filme, que ser\u00e1 lan\u00e7ado em 2024. A turn\u00ea passar\u00e1 passar\u00e1 primeiro por Salvador (BA), seguindo para S\u00e3o Paulo e Rio de Janeiro. Eles tamb\u00e9m j\u00e1 t\u00eam shows marcados em Portugal e nos Estados Unidos.<\/p>\n\n\n\n<p>\u201cNova forma\u00e7\u00e3o\u201dA forma\u00e7\u00e3o da banda atual, portanto, partiu da fam\u00edlia dos m\u00fasicos originais e dos produtores do filme \u201cMamonas Assassinas \u2013 O Imposs\u00edvel n\u00e3o Existe -.Ao ter turn\u00ea divulgada nas redes sociais, muitos f\u00e3s da banda questionaram o fato de existir uma nova forma\u00e7\u00e3o dos Mamonas Assassinas e os produtores garantiram que isso n\u00e3o acontecer\u00e1.<\/p>\n\n\n\n<p>\u201cA compara\u00e7\u00e3o \u00e9 inevit\u00e1vel, mas afirmamos por diversas vezes: Mamonas s\u00e3o \u00fanicos! Para n\u00f3s, marca e fam\u00edlia e para os atores\/m\u00fasicos \u00e9 apenas a divulga\u00e7\u00e3o e a perpetua\u00e7\u00e3o de um legado. Teremos shows abertos e fechados, tanto no Brasil quanto fora\u201d, escreveu a p\u00e1gina.<\/p>\n\n\n\n<p>Al\u00e9m de levar um pouco mais de alegria para os brasileiros e relembrar uma banda que marcou toda uma gera\u00e7\u00e3o, o grupo tamb\u00e9m vai divulgar o longa-metragem, que ser\u00e1 lan\u00e7ado ainda este ano.<\/p>\n\n\n\n<p>A turn\u00ea e o repert\u00f3rio<\/p>\n\n\n\n<p>Para os shows, os artistas pensaram em uma lista e tanto! S\u00e3o 31 can\u00e7\u00f5es que marcaram a trajet\u00f3ria dos Mamonas Assassinas e muita performance, claro.<\/p>\n\n\n\n<p>Figurinos da \u00e9poca e at\u00e9 a famosa \u2013 e verdadeira! \u2013 \u201cBras\u00edlia Amarela\u201d tamb\u00e9m fazem parte do show. O carro foi cedido pela fam\u00edlia do Dinho especialmente para as apresenta\u00e7\u00f5es.<\/p>\n\n\n\n<p>At\u00e9 o momento, a banda est\u00e1 com os seguintes shows marcados:<\/p>\n\n\n\n<p>20\/5 \u2013 Salvador<\/p>\n\n\n\n<p>07\/6 \u2013 S\u00e3o Paulo<\/p>\n\n\n\n<p>11\/6 \u2013 Santos (SP)<\/p>\n\n\n\n<p>21\/6 \u2013 Rio de Janeiro<\/p>\n\n\n\n<p>Os shows de Portugal e Estados Unidos ainda n\u00e3o tiveram a data anunciada, mas est\u00e3o marcados.<\/p>\n\n\n\n<p>S\u00f3 Not\u00edcia Boa<\/p>\n","protected":false},"excerpt":{"rendered":"<p>Quem estava morrendo de saudade dos Mamonas Assassinas pode preparar a agenda porque, digamos, uma \u201cedi\u00e7\u00e3o especial\u201d do grupo entra em turn\u00ea pelo Brasil a partir deste s\u00e1bado, 20. A famosa banda dos eternos meninos de Guarulhos est\u00e1 de volta e promete emocionar muito os f\u00e3s. O grupo formado pelos cantores e atores Ruy Brissac, [&hellip;]<\/p>\n","protected":false},"author":2,"featured_media":48335,"comment_status":"open","ping_status":"open","sticky":false,"template":"","format":"standard","meta":{"advanced_seo_description":"","jetpack_seo_html_title":"","jetpack_seo_noindex":false,"_jetpack_memberships_contains_paid_content":false,"footnotes":""},"categories":[40],"tags":[],"class_list":{"0":"post-48334","1":"post","2":"type-post","3":"status-publish","4":"format-standard","5":"has-post-thumbnail","7":"category-destaques"},"jetpack_featured_media_url":"https:\/\/www.paranapraia.com.br\/wp-content\/uploads\/2023\/05\/IMG-20230520-WA0056.jpg","jetpack_sharing_enabled":true,"_links":{"self":[{"href":"https:\/\/www.paranapraia.com.br\/index.php\/wp-json\/wp\/v2\/posts\/48334"}],"collection":[{"href":"https:\/\/www.paranapraia.com.br\/index.php\/wp-json\/wp\/v2\/posts"}],"about":[{"href":"https:\/\/www.paranapraia.com.br\/index.php\/wp-json\/wp\/v2\/types\/post"}],"author":[{"embeddable":true,"href":"https:\/\/www.paranapraia.com.br\/index.php\/wp-json\/wp\/v2\/users\/2"}],"replies":[{"embeddable":true,"href":"https:\/\/www.paranapraia.com.br\/index.php\/wp-json\/wp\/v2\/comments?post=48334"}],"version-history":[{"count":1,"href":"https:\/\/www.paranapraia.com.br\/index.php\/wp-json\/wp\/v2\/posts\/48334\/revisions"}],"predecessor-version":[{"id":48336,"href":"https:\/\/www.paranapraia.com.br\/index.php\/wp-json\/wp\/v2\/posts\/48334\/revisions\/48336"}],"wp:featuredmedia":[{"embeddable":true,"href":"https:\/\/www.paranapraia.com.br\/index.php\/wp-json\/wp\/v2\/media\/48335"}],"wp:attachment":[{"href":"https:\/\/www.paranapraia.com.br\/index.php\/wp-json\/wp\/v2\/media?parent=48334"}],"wp:term":[{"taxonomy":"category","embeddable":true,"href":"https:\/\/www.paranapraia.com.br\/index.php\/wp-json\/wp\/v2\/categories?post=48334"},{"taxonomy":"post_tag","embeddable":true,"href":"https:\/\/www.paranapraia.com.br\/index.php\/wp-json\/wp\/v2\/tags?post=48334"}],"curies":[{"name":"wp","href":"https:\/\/api.w.org\/{rel}","templated":true}]}}