{"id":48330,"date":"2023-05-20T21:53:06","date_gmt":"2023-05-21T00:53:06","guid":{"rendered":"https:\/\/www.paranapraia.com.br\/?p=48330"},"modified":"2023-05-20T21:53:06","modified_gmt":"2023-05-21T00:53:06","slug":"homem-e-solto-apos-29-anos-preso-injustamente-por-crime-que-nao-cometeu","status":"publish","type":"post","link":"https:\/\/www.paranapraia.com.br\/index.php\/2023\/05\/20\/homem-e-solto-apos-29-anos-preso-injustamente-por-crime-que-nao-cometeu\/","title":{"rendered":"Homem \u00e9 solto ap\u00f3s 29 anos preso injustamente por crime que n\u00e3o cometeu"},"content":{"rendered":"\n<p><em>Foram 29 anos preso injustamente por um crime que n\u00e3o cometeu, agora o homem vai voltar recome\u00e7ar sua vida. Foto: Reprodu\u00e7\u00e3o\/Chris Granger\/AP e Oliver Laughland\/The Guardian.<\/em><\/p>\n\n\n\n<p>Dois finais felizes que a gente comemora! Um homem de 49 anos passou os \u00faltimos 29 anos preso injustamente por um crime que n\u00e3o cometeu. Ele foi solto na \u00faltima segunda-feira, 15, ap\u00f3s provar a inoc\u00eancia e ter, finalmente, os apelos ouvidos pela Justi\u00e7a.Patrick Brown \u00e9 de Nova Orleans, mas mora em Lousiana, nos Estados Unidos. <\/p>\n\n\n\n<p>Em 1994, ele foi preso por supostamente ter abusado da enteada de 6 anos. A crian\u00e7a nunca testemunhou contra o padrasto, mas ele acabou condenado com base em informa\u00e7\u00f5es de outros adultos.<\/p>\n\n\n\n<p>A sobrevivente, que agora \u00e9 uma mulher adulta, passou os \u00faltimos 20 anos insistindo para o j\u00fari que eles haviam detido o homem errado e depois de um tempo, Patrick foi solto. \u201cEscrevi mais de 100 cartas e enviei para o escrit\u00f3rio do promotor. Tamb\u00e9m apareci l\u00e1 sem avisar, mas me mandaram embora\u201d, disse a jovem.<\/p>\n\n\n\n<p>Ningu\u00e9m ouviu a v\u00edtima<\/p>\n\n\n\n<p>A v\u00edtima explicou que, por diversas vezes, ap\u00f3s esse tempo todo, tentou falar que Patrick n\u00e3o era o abusador.<\/p>\n\n\n\n<p>Ela tentou acesso ao tribunal, pedindo revis\u00e3o do processo e a liberdade do padrasto, mas contou que sempre era ignorada.Segundo ela, todas as cartas que enviou, todas as vezes que apareceu sem avisar no escrit\u00f3rio do promotor, n\u00e3o conseguiu aten\u00e7\u00e3o.Para a mulher, saber que o verdadeiro culpado estava solto enquanto Patrick, que ela considera como um pai, estava preso, foi muito doloroso.<\/p>\n\n\n\n<p>\u201cTer sua voz silenciada \u00e9 a pior sensa\u00e7\u00e3o do mundo\u201d, lamentou ela.No dia em que Patrick foi solto, a v\u00edtima compareceu ao tribunal e chorou ao falar sobre as repetidas tentativas de tentar libertar o padrasto.<\/p>\n\n\n\n<p>Revis\u00e3o do processo<\/p>\n\n\n\n<p>Na \u00e9poca, como a menina n\u00e3o teve condi\u00e7\u00f5es de depor, o padrasto foi condenado a partir de relatos e evid\u00eancias m\u00e9dicas duvidosas.<\/p>\n\n\n\n<figure class=\"wp-block-image size-full\"><img loading=\"lazy\" decoding=\"async\" width=\"500\" height=\"375\" src=\"https:\/\/www.paranapraia.com.br\/wp-content\/uploads\/2023\/05\/IMG-20230520-WA0054.jpg\" alt=\"\" class=\"wp-image-48332\" srcset=\"https:\/\/www.paranapraia.com.br\/wp-content\/uploads\/2023\/05\/IMG-20230520-WA0054.jpg 500w, https:\/\/www.paranapraia.com.br\/wp-content\/uploads\/2023\/05\/IMG-20230520-WA0054-300x225.jpg 300w, https:\/\/www.paranapraia.com.br\/wp-content\/uploads\/2023\/05\/IMG-20230520-WA0054-80x60.jpg 80w, https:\/\/www.paranapraia.com.br\/wp-content\/uploads\/2023\/05\/IMG-20230520-WA0054-265x198.jpg 265w\" sizes=\"(max-width: 500px) 100vw, 500px\" \/><\/figure>\n\n\n\n<p>Em 2015, a situa\u00e7\u00e3o come\u00e7ou a mudar, quando a v\u00edtima assinou uma declara\u00e7\u00e3o dizendo que o padrasto era inocente e culpando outro membro da fam\u00edlia.Os holofotes se voltaram para o caso e o destino de Patrick come\u00e7ava a mudar.<\/p>\n\n\n\n<p>Em 2022 o caso come\u00e7ou a ser revisado pela Divis\u00e3o de Direitos Civis de Orleans. Patrick e a advogada dele entraram com um pedido de inoc\u00eancia factual.No dia 15, Emily Maw, chefe da Divis\u00e3o de Direitos Civis, disse que: \u201cNos \u00faltimos 21 anos por meio dos desafios contra os quais o estado se defendeu, todas as vezes que os tribunais negam, eles o fizeram apesar do fato de que a v\u00edtima neste caso est\u00e1 dizendo a eles que o homem errado est\u00e1 na pris\u00e3o\u201d.<\/p>\n\n\n\n<p>Liberdade 29 anos depois<\/p>\n\n\n\n<p>Patrick n\u00e3o conteve a emo\u00e7\u00e3o ao ouvir do juiz que ele era inocente.<\/p>\n\n\n\n<p>Podendo, enfim, trocar o macac\u00e3o de presidi\u00e1rio que usou nos \u00faltimos 29 anos por roupas comuns, ele comemorou muito e fez quest\u00e3o de sair do tribunal exibindo orgulhoso a ordem assinada pelo juiz.\u201cIsso n\u00e3o \u00e9 ganhar na loteria, isso \u00e9 um ato de Jesus Cristo\u201d, comemorou.O homem e a fam\u00edlia dele celebraram bastante o fim do pesadelo que eles viveram por 29 anos.Que bom que a justi\u00e7a foi feita, n\u00e3o \u00e9?<\/p>\n\n\n\n<p>Patrick comemorou a liberdade ap\u00f3s mais de 2 d\u00e9cadas preso injustamente. \u2013 Fotos: Chris Granger\/AP<\/p>\n\n\n\n<p>S\u00f3 Not\u00edcia Boa<\/p>\n","protected":false},"excerpt":{"rendered":"<p>Foram 29 anos preso injustamente por um crime que n\u00e3o cometeu, agora o homem vai voltar recome\u00e7ar sua vida. Foto: Reprodu\u00e7\u00e3o\/Chris Granger\/AP e Oliver Laughland\/The Guardian. Dois finais felizes que a gente comemora! Um homem de 49 anos passou os \u00faltimos 29 anos preso injustamente por um crime que n\u00e3o cometeu. Ele foi solto na [&hellip;]<\/p>\n","protected":false},"author":2,"featured_media":48331,"comment_status":"open","ping_status":"open","sticky":false,"template":"","format":"standard","meta":{"advanced_seo_description":"","jetpack_seo_html_title":"","jetpack_seo_noindex":false,"_jetpack_memberships_contains_paid_content":false,"footnotes":""},"categories":[40],"tags":[],"class_list":{"0":"post-48330","1":"post","2":"type-post","3":"status-publish","4":"format-standard","5":"has-post-thumbnail","7":"category-destaques"},"jetpack_featured_media_url":"https:\/\/www.paranapraia.com.br\/wp-content\/uploads\/2023\/05\/IMG-20230520-WA0055.jpg","jetpack_sharing_enabled":true,"_links":{"self":[{"href":"https:\/\/www.paranapraia.com.br\/index.php\/wp-json\/wp\/v2\/posts\/48330"}],"collection":[{"href":"https:\/\/www.paranapraia.com.br\/index.php\/wp-json\/wp\/v2\/posts"}],"about":[{"href":"https:\/\/www.paranapraia.com.br\/index.php\/wp-json\/wp\/v2\/types\/post"}],"author":[{"embeddable":true,"href":"https:\/\/www.paranapraia.com.br\/index.php\/wp-json\/wp\/v2\/users\/2"}],"replies":[{"embeddable":true,"href":"https:\/\/www.paranapraia.com.br\/index.php\/wp-json\/wp\/v2\/comments?post=48330"}],"version-history":[{"count":1,"href":"https:\/\/www.paranapraia.com.br\/index.php\/wp-json\/wp\/v2\/posts\/48330\/revisions"}],"predecessor-version":[{"id":48333,"href":"https:\/\/www.paranapraia.com.br\/index.php\/wp-json\/wp\/v2\/posts\/48330\/revisions\/48333"}],"wp:featuredmedia":[{"embeddable":true,"href":"https:\/\/www.paranapraia.com.br\/index.php\/wp-json\/wp\/v2\/media\/48331"}],"wp:attachment":[{"href":"https:\/\/www.paranapraia.com.br\/index.php\/wp-json\/wp\/v2\/media?parent=48330"}],"wp:term":[{"taxonomy":"category","embeddable":true,"href":"https:\/\/www.paranapraia.com.br\/index.php\/wp-json\/wp\/v2\/categories?post=48330"},{"taxonomy":"post_tag","embeddable":true,"href":"https:\/\/www.paranapraia.com.br\/index.php\/wp-json\/wp\/v2\/tags?post=48330"}],"curies":[{"name":"wp","href":"https:\/\/api.w.org\/{rel}","templated":true}]}}