{"id":48320,"date":"2023-05-20T19:42:02","date_gmt":"2023-05-20T22:42:02","guid":{"rendered":"https:\/\/www.paranapraia.com.br\/?p=48320"},"modified":"2023-05-20T19:43:58","modified_gmt":"2023-05-20T22:43:58","slug":"professor-desenvolve-galeria-com-imagens-de-prefeitos-de-paranagua","status":"publish","type":"post","link":"https:\/\/www.paranapraia.com.br\/index.php\/2023\/05\/20\/professor-desenvolve-galeria-com-imagens-de-prefeitos-de-paranagua\/","title":{"rendered":"Professor desenvolve galeria com imagens de prefeitos de Paranagu\u00e1"},"content":{"rendered":"\n<p><\/p>\n\n\n\n<p>Localizada entre a Rua Julia da Costa e a Avenida Gabriel de Lara, no centro hist\u00f3rico da cidade, a Prefeitura de Paranagu\u00e1 \u00e9 o sistema nervoso do poder publico local. Muito al\u00e9m de sua imponente estrutura, as depend\u00eancias do executivo guardam a hist\u00f3ria de todo o munic\u00edpio e daqueles que o comandaram desde a sua cria\u00e7\u00e3o.<\/p>\n\n\n\n<p>Foi na busca por reavivar essa hist\u00f3ria que o munic\u00edpio promoveu a cria\u00e7\u00e3o da Galeria de Retratos dos Prefeitos de Paranagu\u00e1.<\/p>\n\n\n\n<p> Criada pelas m\u00e3os do artista e professor da Escola Superior de Educa\u00e7\u00e3o da Uninter (ESE) Andr\u00e9 Luiz Pinto dos Santos, as 22 obras em \u00f3leo sobre tela em tamanho 80\u00d760 estar\u00e3o, de hoje em diante, expostas na Sala de Reuni\u00f5es da Prefeitura da cidade.<\/p>\n\n\n\n<p>Por iniciativa pr\u00f3pria e anu\u00eancia do atual prefeito de Paranagu\u00e1, Marcelo Elias Roque, Andr\u00e9 se tornou o respons\u00e1vel por eternizar na mem\u00f3ria da cidade as imagens daqueles que um dia estiveram \u00e0 frente da administra\u00e7\u00e3o p\u00fablica local.<\/p>\n\n\n\n<p>Uma inspira\u00e7\u00e3o paranaense<\/p>\n\n\n\n<p>Desde 2003, Andr\u00e9 tem a forte liga\u00e7\u00e3o com a arte de pintar retratos. Come\u00e7ando a estudar pintura muito cedo, no Col\u00e9gio Estadual do Paran\u00e1 (CEP), o aluno desenvolveu suas habilidades t\u00e9cnicas e seu senso art\u00edstico inspirado em artistas locais. O legado do pintor noruegu\u00eas radicado no Paran\u00e1 Alfredo Andersen (1860-1935) foi uma dessas inspira\u00e7\u00f5es.<\/p>\n\n\n\n<p>Conhecido como o Pai da Pintura Paranaense, Andersen era considerado um importante retratista do estado, respons\u00e1vel por retratar os bar\u00f5es do mate e a burguesia local em suas telas. <\/p>\n\n\n\n<p>Seguindo esse legado, Andr\u00e9 colabora para manter a tradi\u00e7\u00e3o do retrato viva na regi\u00e3o.\u201cSenti a responsabilidade e a grandeza do desafio e abracei a oportunidade com humildade e profundo respeito pela tradi\u00e7\u00e3o art\u00edstica local. Me inspirei nas conquistas de Andersen, utilizando-as como um farol para me guiar durante o trabalho\u201d.<\/p>\n\n\n\n<p>Em 2021, o acad\u00eamico da Uninter passou a entrar em contato com as Secretarias de Cultura das Prefeituras de cidades pr\u00f3ximas a Curitiba, oferecendo seus servi\u00e7os art\u00edsticos. \u201cNa \u00e9poca, consegui falar com a assessora do Secret\u00e1rio de Cultura de Paranagu\u00e1, e ela gostou da ideia\u201d, relata.Inicialmente, Andr\u00e9 fez o retrato do atual prefeito da Cidade, Marcelo Elias Roque. Satisfeito com a obra, o prefeito fez o convite para que Andr\u00e9 produzisse uma galeria com imagens de todos os Prefeitos que Paranagu\u00e1 j\u00e1 teve em sua hist\u00f3ria. <\/p>\n\n\n\n<p>A partir de fotografias em preto e branco, o artista teve que repensar como retratar as autoridades.<\/p>\n\n\n\n<p>\u201cEntendo que a miss\u00e3o seja muito mais do que apenas criar pinturas. \u00c9 tamb\u00e9m preservar a mem\u00f3ria e a hist\u00f3ria dos ex-prefeitos de Paranagu\u00e1, imortalizando suas contribui\u00e7\u00f5es para a cidade por meio de minha arte. Busquei capturar a ess\u00eancia de cada personalidade que governou a cidade, permitindo que suas express\u00f5es ganhem vida nas telas\u201d, afirma.<\/p>\n\n\n\n<p>Al\u00e9m de ser respons\u00e1vel pelos quadros oficiais, foi delegada a ele a cria\u00e7\u00e3o de uma Galeria Itiner\u00e1ria de mesmo tema. Em tamanhos menores e em preto e branco, as imagens dos prefeitos agora tamb\u00e9m estar\u00e3o acess\u00edveis aos olhos de estudantes e cidad\u00e3os da cidade de Paranagu\u00e1. A ideia \u00e9 que de tempos em tempos, as obras se mudem, e sejam instaladas em diferentes ambientes.Foram necess\u00e1rios 18 meses para conseguir finalizar o trabalho. <\/p>\n\n\n\n<p>As obras compilam todos os prefeitos de Paranagu\u00e1 eleitos democraticamente pela popula\u00e7\u00e3o, excluindo, assim, os que governaram o munic\u00edpio durante a ditadura militar. \u201cFiquei feliz em saber que a exposi\u00e7\u00e3o est\u00e1 aberta aos moradores de Paranagu\u00e1 para que possam testemunhar a jun\u00e7\u00e3o do passado. Espero que meu trabalho possa servir de um lembrete de que a tradi\u00e7\u00e3o art\u00edstica pode ser honrada, respeitada e continuada por meio da dedica\u00e7\u00e3o de novos artistas\u201d, ressalta.<\/p>\n\n\n\n<p>Uninter Not\u00edcias<\/p>\n","protected":false},"excerpt":{"rendered":"<p>Localizada entre a Rua Julia da Costa e a Avenida Gabriel de Lara, no centro hist\u00f3rico da cidade, a Prefeitura de Paranagu\u00e1 \u00e9 o sistema nervoso do poder publico local. Muito al\u00e9m de sua imponente estrutura, as depend\u00eancias do executivo guardam a hist\u00f3ria de todo o munic\u00edpio e daqueles que o comandaram desde a sua [&hellip;]<\/p>\n","protected":false},"author":2,"featured_media":48323,"comment_status":"open","ping_status":"open","sticky":false,"template":"","format":"standard","meta":{"advanced_seo_description":"","jetpack_seo_html_title":"","jetpack_seo_noindex":false,"_jetpack_memberships_contains_paid_content":false,"footnotes":""},"categories":[72],"tags":[],"class_list":{"0":"post-48320","1":"post","2":"type-post","3":"status-publish","4":"format-standard","5":"has-post-thumbnail","7":"category-educacao"},"jetpack_featured_media_url":"https:\/\/www.paranapraia.com.br\/wp-content\/uploads\/2023\/05\/IMG-20230520-WA0053.jpg","jetpack_sharing_enabled":true,"_links":{"self":[{"href":"https:\/\/www.paranapraia.com.br\/index.php\/wp-json\/wp\/v2\/posts\/48320"}],"collection":[{"href":"https:\/\/www.paranapraia.com.br\/index.php\/wp-json\/wp\/v2\/posts"}],"about":[{"href":"https:\/\/www.paranapraia.com.br\/index.php\/wp-json\/wp\/v2\/types\/post"}],"author":[{"embeddable":true,"href":"https:\/\/www.paranapraia.com.br\/index.php\/wp-json\/wp\/v2\/users\/2"}],"replies":[{"embeddable":true,"href":"https:\/\/www.paranapraia.com.br\/index.php\/wp-json\/wp\/v2\/comments?post=48320"}],"version-history":[{"count":1,"href":"https:\/\/www.paranapraia.com.br\/index.php\/wp-json\/wp\/v2\/posts\/48320\/revisions"}],"predecessor-version":[{"id":48321,"href":"https:\/\/www.paranapraia.com.br\/index.php\/wp-json\/wp\/v2\/posts\/48320\/revisions\/48321"}],"wp:featuredmedia":[{"embeddable":true,"href":"https:\/\/www.paranapraia.com.br\/index.php\/wp-json\/wp\/v2\/media\/48323"}],"wp:attachment":[{"href":"https:\/\/www.paranapraia.com.br\/index.php\/wp-json\/wp\/v2\/media?parent=48320"}],"wp:term":[{"taxonomy":"category","embeddable":true,"href":"https:\/\/www.paranapraia.com.br\/index.php\/wp-json\/wp\/v2\/categories?post=48320"},{"taxonomy":"post_tag","embeddable":true,"href":"https:\/\/www.paranapraia.com.br\/index.php\/wp-json\/wp\/v2\/tags?post=48320"}],"curies":[{"name":"wp","href":"https:\/\/api.w.org\/{rel}","templated":true}]}}