{"id":48305,"date":"2023-05-20T10:23:52","date_gmt":"2023-05-20T13:23:52","guid":{"rendered":"https:\/\/www.paranapraia.com.br\/?p=48305"},"modified":"2023-05-20T10:23:52","modified_gmt":"2023-05-20T13:23:52","slug":"curitibanos-hospedam-familia-durante-tratamento-de-5-meses-de-menino-com-doenca-rara-gesto-de-amor-indescritivel-diz-mae","status":"publish","type":"post","link":"https:\/\/www.paranapraia.com.br\/index.php\/2023\/05\/20\/curitibanos-hospedam-familia-durante-tratamento-de-5-meses-de-menino-com-doenca-rara-gesto-de-amor-indescritivel-diz-mae\/","title":{"rendered":"Curitibanos hospedam fam\u00edlia durante tratamento de 5 meses de menino com doen\u00e7a rara: &#8216;Gesto de amor indescrit\u00edvel&#8217;, diz m\u00e3e"},"content":{"rendered":"\n<p>A hist\u00f3ria do casal L\u00e1zaro Gomes e Maria da Gra\u00e7a Gomes mostra que o estere\u00f3tipo \u201cfrio\u201d do curitibano sai de cena quando atos de gentileza ocupam este espa\u00e7o.Em 2022, Jo\u00e3o Francisco, de 8 anos, foi diagnosticado com leucodistrofia, doen\u00e7a rara que pode afetar a fun\u00e7\u00e3o motora. De Belo Horizonte, Minas Gerais, a fam\u00edlia do pequeno descobriu que o tratamento teria que ser realizado no Hospital Pequeno Pr\u00edncipe, em Curitiba, no Paran\u00e1, por ser refer\u00eancia na \u00e1rea.<\/p>\n\n\n\n<p>Para arcar com os custos durante os cinco meses de tratamento, a psic\u00f3loga Luciana dos Santos Ferreira, m\u00e3e de Jo\u00e3o, criou uma \u201cvaquinha\u201d virtual.A quase mil quil\u00f4metros de dist\u00e2ncia, a hist\u00f3ria de Jo\u00e3o chegou at\u00e9 os curitibanos atrav\u00e9s de uma not\u00edcia.<\/p>\n\n\n\n<p> Sensibilizados, ofereceram o segundo andar da casa em que moram para que a fam\u00edlia mineira pudesse se hospedar.<\/p>\n\n\n\n<p>A ajuda foi bem recebida e a fam\u00edlia se mudou para o bairro Cap\u00e3o Raso, em Curitiba, no in\u00edcio de 2023.<\/p>\n\n\n\n<p>Uma nova fam\u00edlia<\/p>\n\n\n\n<p>Ao longo dos cinco meses, a rela\u00e7\u00e3o entre as duas fam\u00edlias fez com que uma nova surgisse.<\/p>\n\n\n\n<figure class=\"wp-block-image size-full\"><img loading=\"lazy\" decoding=\"async\" width=\"1000\" height=\"562\" src=\"https:\/\/www.paranapraia.com.br\/wp-content\/uploads\/2023\/05\/wfcaac.jpeg\" alt=\"\" class=\"wp-image-48307\" srcset=\"https:\/\/www.paranapraia.com.br\/wp-content\/uploads\/2023\/05\/wfcaac.jpeg 1000w, https:\/\/www.paranapraia.com.br\/wp-content\/uploads\/2023\/05\/wfcaac-300x169.jpeg 300w, https:\/\/www.paranapraia.com.br\/wp-content\/uploads\/2023\/05\/wfcaac-768x432.jpeg 768w, https:\/\/www.paranapraia.com.br\/wp-content\/uploads\/2023\/05\/wfcaac-696x391.jpeg 696w, https:\/\/www.paranapraia.com.br\/wp-content\/uploads\/2023\/05\/wfcaac-747x420.jpeg 747w\" sizes=\"(max-width: 1000px) 100vw, 1000px\" \/><\/figure>\n\n\n\n<p>\u201cFoi um encontro providenciado por Deus para que nossa fam\u00edlia crescesse e ela cresceu. Uma coisa que era para ser um lugar para a gente ficar foi transformado em um gesto de amor indescrit\u00edvel. Abriram esse espa\u00e7o de intimidade deles com toda a confian\u00e7a&#8221;, comenta Luciana.<\/p>\n\n\n\n<p>Luciana conta que a fam\u00edlia se deparou com a gentileza dos curitibanos logo ao chegar na cidade, o que fez com que se sentissem em casa desde o in\u00edcio.A conex\u00e3o foi instant\u00e2nea e extremante forte, tanto que Jo\u00e3o passou a chamar o casal de v\u00f3 e v\u00f4.<\/p>\n\n\n\n<p>\u201cV\u00e3o deixar saudades\u201d, comentou a dona de casa.<\/p>\n\n\n\n<p>L\u00e1zaro e Maria garantem que a experi\u00eancia de viver os cinco meses ao lado da fam\u00edlia foi uma das melhores.<\/p>\n\n\n\n<p>At\u00e9 logo<\/p>\n\n\n\n<p>Com o tratamento conclu\u00eddo com \u00eaxito, Jo\u00e3o recebeu alta e estava pronto para retornar para casa.Apesar de se sentirem realizados com a not\u00edcia, l\u00e1grimas enchiam os olhos das duas fam\u00edlias durante a despedida, que aconteceu nesta quarta-feira (17).<\/p>\n\n\n\n<p>Mais um momento marcante na vida dos mineiros em que o casal se manteve presente. Os curitibanos acompanharam a fam\u00edlia at\u00e9 o aeroporto, onde ajudaram com as malas e com as crian\u00e7as.<\/p>\n\n\n\n<p>Emocionados, palavras foram substitu\u00eddas por um abra\u00e7o apertado na despedida.<\/p>\n\n\n\n<figure class=\"wp-block-image size-full\"><img loading=\"lazy\" decoding=\"async\" width=\"1000\" height=\"562\" src=\"https:\/\/www.paranapraia.com.br\/wp-content\/uploads\/2023\/05\/gewsv.jpeg\" alt=\"\" class=\"wp-image-48306\" srcset=\"https:\/\/www.paranapraia.com.br\/wp-content\/uploads\/2023\/05\/gewsv.jpeg 1000w, https:\/\/www.paranapraia.com.br\/wp-content\/uploads\/2023\/05\/gewsv-300x169.jpeg 300w, https:\/\/www.paranapraia.com.br\/wp-content\/uploads\/2023\/05\/gewsv-768x432.jpeg 768w, https:\/\/www.paranapraia.com.br\/wp-content\/uploads\/2023\/05\/gewsv-696x391.jpeg 696w, https:\/\/www.paranapraia.com.br\/wp-content\/uploads\/2023\/05\/gewsv-747x420.jpeg 747w\" sizes=\"(max-width: 1000px) 100vw, 1000px\" \/><\/figure>\n\n\n\n<p>L\u00e1zaro e Maria acompanharam atentamente a passagem da fam\u00edlia pelo corredor de embarque que levou os mineiros de volta para casa.<\/p>\n\n\n\n<p>Apesar da dist\u00e2ncia, o casal garantiu que vai fazer uma visita a Belo Horizonte em breve e espera o retorno da fam\u00edlia.<\/p>\n\n\n\n<p>G1PR<\/p>\n","protected":false},"excerpt":{"rendered":"<p>A hist\u00f3ria do casal L\u00e1zaro Gomes e Maria da Gra\u00e7a Gomes mostra que o estere\u00f3tipo \u201cfrio\u201d do curitibano sai de cena quando atos de gentileza ocupam este espa\u00e7o.Em 2022, Jo\u00e3o Francisco, de 8 anos, foi diagnosticado com leucodistrofia, doen\u00e7a rara que pode afetar a fun\u00e7\u00e3o motora. De Belo Horizonte, Minas Gerais, a fam\u00edlia do pequeno [&hellip;]<\/p>\n","protected":false},"author":2,"featured_media":48308,"comment_status":"open","ping_status":"open","sticky":false,"template":"","format":"standard","meta":{"advanced_seo_description":"","jetpack_seo_html_title":"","jetpack_seo_noindex":false,"_jetpack_memberships_contains_paid_content":false,"footnotes":""},"categories":[40],"tags":[],"class_list":{"0":"post-48305","1":"post","2":"type-post","3":"status-publish","4":"format-standard","5":"has-post-thumbnail","7":"category-destaques"},"jetpack_featured_media_url":"https:\/\/www.paranapraia.com.br\/wp-content\/uploads\/2023\/05\/bfbdd.jpeg","jetpack_sharing_enabled":true,"_links":{"self":[{"href":"https:\/\/www.paranapraia.com.br\/index.php\/wp-json\/wp\/v2\/posts\/48305"}],"collection":[{"href":"https:\/\/www.paranapraia.com.br\/index.php\/wp-json\/wp\/v2\/posts"}],"about":[{"href":"https:\/\/www.paranapraia.com.br\/index.php\/wp-json\/wp\/v2\/types\/post"}],"author":[{"embeddable":true,"href":"https:\/\/www.paranapraia.com.br\/index.php\/wp-json\/wp\/v2\/users\/2"}],"replies":[{"embeddable":true,"href":"https:\/\/www.paranapraia.com.br\/index.php\/wp-json\/wp\/v2\/comments?post=48305"}],"version-history":[{"count":1,"href":"https:\/\/www.paranapraia.com.br\/index.php\/wp-json\/wp\/v2\/posts\/48305\/revisions"}],"predecessor-version":[{"id":48309,"href":"https:\/\/www.paranapraia.com.br\/index.php\/wp-json\/wp\/v2\/posts\/48305\/revisions\/48309"}],"wp:featuredmedia":[{"embeddable":true,"href":"https:\/\/www.paranapraia.com.br\/index.php\/wp-json\/wp\/v2\/media\/48308"}],"wp:attachment":[{"href":"https:\/\/www.paranapraia.com.br\/index.php\/wp-json\/wp\/v2\/media?parent=48305"}],"wp:term":[{"taxonomy":"category","embeddable":true,"href":"https:\/\/www.paranapraia.com.br\/index.php\/wp-json\/wp\/v2\/categories?post=48305"},{"taxonomy":"post_tag","embeddable":true,"href":"https:\/\/www.paranapraia.com.br\/index.php\/wp-json\/wp\/v2\/tags?post=48305"}],"curies":[{"name":"wp","href":"https:\/\/api.w.org\/{rel}","templated":true}]}}