{"id":48302,"date":"2023-05-20T10:08:04","date_gmt":"2023-05-20T13:08:04","guid":{"rendered":"https:\/\/www.paranapraia.com.br\/?p=48302"},"modified":"2023-05-20T10:08:04","modified_gmt":"2023-05-20T13:08:04","slug":"salario-dos-trabalhadores-paranaenses-cresce-62-no-primeiro-trimestre-de-2023","status":"publish","type":"post","link":"https:\/\/www.paranapraia.com.br\/index.php\/2023\/05\/20\/salario-dos-trabalhadores-paranaenses-cresce-62-no-primeiro-trimestre-de-2023\/","title":{"rendered":"Sal\u00e1rio dos trabalhadores paranaenses cresce 6,2% no primeiro trimestre de 2023"},"content":{"rendered":"\n<p>O rendimento m\u00e9dio mensal dos trabalhadores paranaenses cresceu 6,2% no 1\u00ba trimestre de 2023, em compara\u00e7\u00e3o ao valor registrado nos \u00faltimos tr\u00eas meses do ano passado, j\u00e1 com o desconto da infla\u00e7\u00e3o. <\/p>\n\n\n\n<p>Com um valor efetivamente recebido de R$ 3.290 mensais, considerando apenas a atividade principal, contra R$ 3.098 no trimestre anterior, o rendimento m\u00e9dio no Estado superou o do Pa\u00eds, que alcan\u00e7ou R$ 3.057 no per\u00edodo, com alta real de 5,7%.<\/p>\n\n\n\n<p>Os dados foram levantados pelo Instituto Paranaense de Desenvolvimento Econ\u00f4mico e Social (Ipardes), com base na Pesquisa Nacional por Amostra de Domic\u00edlio Cont\u00ednua (Pnad Cont\u00ednua), divulgada na quinta-feira (18) pelo Instituto Brasileiro de Geografia e Estat\u00edstica (IBGE).O diretor-presidente do Ipardes, Jorge Callado, avalia que o aumento dos sal\u00e1rios no Paran\u00e1 est\u00e1 diretamente relacionado ao aquecimento do mercado de trabalho local. <\/p>\n\n\n\n<p>\u201cCom uma taxa de desocupa\u00e7\u00e3o baixa, pouco mais de 5%, era esperada a eleva\u00e7\u00e3o real dos sal\u00e1rios no Estado, estabelecendo uma melhor condi\u00e7\u00e3o de bem-estar \u00e0 popula\u00e7\u00e3o\u201d, analisa.<\/p>\n\n\n\n<p>Houve varia\u00e7\u00e3o positiva no sal\u00e1rio m\u00e9dio na maior parte dos setores da economia, com destaque para o de servi\u00e7os, que cresceu 16,1% no primeiro trimestre. <\/p>\n\n\n\n<p>Tamb\u00e9m tiveram aumento no rendimento as pessoas que trabalham com servi\u00e7os dom\u00e9sticos (14,9%), na administra\u00e7\u00e3o p\u00fablica (13,2%), empregados do com\u00e9rcio (12%) e da ind\u00fastria da transforma\u00e7\u00e3o (8,8%).Al\u00e9m disso, o rendimento m\u00e9dio aumentou em todas as faixas et\u00e1rias, sendo que tanto os jovens trabalhadores como os mais experientes tiveram ganhos expressivos na remunera\u00e7\u00e3o.<\/p>\n\n\n\n<p>Entre os ocupados com 60 anos ou mais, houve eleva\u00e7\u00e3o real de 13,2% do sal\u00e1rio m\u00e9dio, enquanto que no grupo de 14 a 17 anos, o aumento foi de 13,1%. A seguir, surgem as faixas et\u00e1rias de 18 a 24 anos, com ganho de 9,9%; de 25 a 39 anos, que cresceu 5,5%; e de 40 a 59 anos, com aumento de 5,1%.<\/p>\n\n\n\n<p>J\u00e1 o sal\u00e1rio m\u00e9dio das mulheres evoluiu mais que o rendimento dos homens, registrando percentual de 9,1% entre janeiro e mar\u00e7o de 2023, na compara\u00e7\u00e3o com o trimestre anterior, chegando \u00e0 remunera\u00e7\u00e3o m\u00e9dia de R$ 2.832. O aumento salarial dos homens foi de 4,4%, alcan\u00e7ando R$ 3.623 por m\u00eas.<\/p>\n\n\n\n<p>M\u00cdNIMO REGIONAL \u2013 Al\u00e9m da pol\u00edtica adotada no setor privado, fruto de intermedia\u00e7\u00e3o dos sindicatos, o Paran\u00e1 \u00e9 o estado com o maior sal\u00e1rio m\u00ednimo regional do Pa\u00eds. S\u00e3o quatro faixas salariais, que variam de R$ 1.731,02 a R$ 1.999,02. No in\u00edcio do m\u00eas, com o reajuste do sal\u00e1rio m\u00ednimo nacional para R$ 1.320,00, o Conselho Estadual do Trabalho, Emprego e Renda (Ceter) aprovou um novo ajuste no piso estadual, que vai passar para R$ 1.749,02 a R$ 2.017,02.<\/p>\n\n\n\n<p>PNAD CONT\u00cdNUA \u2013 Al\u00e9m da eleva\u00e7\u00e3o dos ganhos salariais dos trabalhadores paranaenses, a Pnad Cont\u00ednua tamb\u00e9m mostrou que o Paran\u00e1 segue como um dos estados com o menor \u00edndice de desemprego do Pa\u00eds. O Estado fechou o primeiro trimestre de 2023 com uma taxa de desocupa\u00e7\u00e3o de 5,4%, enquanto a m\u00e9dia nacional foi de 8,8%.<\/p>\n\n\n\n<p>A desocupa\u00e7\u00e3o \u00e9 a menor em oito anos para os primeiros tr\u00eas meses, sendo que a \u00faltima vez que o Paran\u00e1 tinha chegado a essa taxa no mesmo per\u00edodo foi no primeiro trimestre de 2015. <\/p>\n\n\n\n<p>Na compara\u00e7\u00e3o com janeiro a mar\u00e7o do ano passado, quando a taxa de desocupa\u00e7\u00e3o era de 6,8%, houve redu\u00e7\u00e3o de 1,4 ponto percentual no volume de desempregados.<\/p>\n\n\n\n<p>AEN<\/p>\n","protected":false},"excerpt":{"rendered":"<p>O rendimento m\u00e9dio mensal dos trabalhadores paranaenses cresceu 6,2% no 1\u00ba trimestre de 2023, em compara\u00e7\u00e3o ao valor registrado nos \u00faltimos tr\u00eas meses do ano passado, j\u00e1 com o desconto da infla\u00e7\u00e3o. Com um valor efetivamente recebido de R$ 3.290 mensais, considerando apenas a atividade principal, contra R$ 3.098 no trimestre anterior, o rendimento m\u00e9dio [&hellip;]<\/p>\n","protected":false},"author":2,"featured_media":48303,"comment_status":"open","ping_status":"open","sticky":false,"template":"","format":"standard","meta":{"advanced_seo_description":"","jetpack_seo_html_title":"","jetpack_seo_noindex":false,"_jetpack_memberships_contains_paid_content":false,"footnotes":""},"categories":[35],"tags":[],"class_list":{"0":"post-48302","1":"post","2":"type-post","3":"status-publish","4":"format-standard","5":"has-post-thumbnail","7":"category-economia"},"jetpack_featured_media_url":"https:\/\/www.paranapraia.com.br\/wp-content\/uploads\/2023\/05\/comercio_07-scaled.jpg","jetpack_sharing_enabled":true,"_links":{"self":[{"href":"https:\/\/www.paranapraia.com.br\/index.php\/wp-json\/wp\/v2\/posts\/48302"}],"collection":[{"href":"https:\/\/www.paranapraia.com.br\/index.php\/wp-json\/wp\/v2\/posts"}],"about":[{"href":"https:\/\/www.paranapraia.com.br\/index.php\/wp-json\/wp\/v2\/types\/post"}],"author":[{"embeddable":true,"href":"https:\/\/www.paranapraia.com.br\/index.php\/wp-json\/wp\/v2\/users\/2"}],"replies":[{"embeddable":true,"href":"https:\/\/www.paranapraia.com.br\/index.php\/wp-json\/wp\/v2\/comments?post=48302"}],"version-history":[{"count":1,"href":"https:\/\/www.paranapraia.com.br\/index.php\/wp-json\/wp\/v2\/posts\/48302\/revisions"}],"predecessor-version":[{"id":48304,"href":"https:\/\/www.paranapraia.com.br\/index.php\/wp-json\/wp\/v2\/posts\/48302\/revisions\/48304"}],"wp:featuredmedia":[{"embeddable":true,"href":"https:\/\/www.paranapraia.com.br\/index.php\/wp-json\/wp\/v2\/media\/48303"}],"wp:attachment":[{"href":"https:\/\/www.paranapraia.com.br\/index.php\/wp-json\/wp\/v2\/media?parent=48302"}],"wp:term":[{"taxonomy":"category","embeddable":true,"href":"https:\/\/www.paranapraia.com.br\/index.php\/wp-json\/wp\/v2\/categories?post=48302"},{"taxonomy":"post_tag","embeddable":true,"href":"https:\/\/www.paranapraia.com.br\/index.php\/wp-json\/wp\/v2\/tags?post=48302"}],"curies":[{"name":"wp","href":"https:\/\/api.w.org\/{rel}","templated":true}]}}