{"id":48299,"date":"2023-05-20T09:55:59","date_gmt":"2023-05-20T12:55:59","guid":{"rendered":"https:\/\/www.paranapraia.com.br\/?p=48299"},"modified":"2023-05-20T09:55:59","modified_gmt":"2023-05-20T12:55:59","slug":"cursos-profissionalizantes-ampliam-oportunidades-no-mercado-de-trabalho","status":"publish","type":"post","link":"https:\/\/www.paranapraia.com.br\/index.php\/2023\/05\/20\/cursos-profissionalizantes-ampliam-oportunidades-no-mercado-de-trabalho\/","title":{"rendered":"Cursos profissionalizantes ampliam oportunidades no mercado de trabalho"},"content":{"rendered":"\n<p><\/p>\n\n\n\n<p>Com o objetivo de democratizar o acesso dos jovens \u00e0 educa\u00e7\u00e3o e ao mercado de trabalho, possibilitando o incremento da renda familiar e o avan\u00e7o econ\u00f4mico do pa\u00eds, a Unintertech lan\u00e7ou 25 cursos profissionalizantes em novembro de 2022. <\/p>\n\n\n\n<p>At\u00e9 o momento, s\u00e3o cerca de 2,5 mil estudantes matriculados em todo o Brasil.As profissionaliza\u00e7\u00f5es est\u00e3o vinculadas a seis eixos de conhecimentos: Ambiente e Sa\u00fade, Pessoas Industriais, Desenvolvimento Educacional e Social, Gest\u00e3o e Neg\u00f3cios, Informa\u00e7\u00e3o e Comunica\u00e7\u00e3o e Turismo, Hospitalidade e Lazer (veja cada um deles aqui).<\/p>\n\n\n\n<p>O professor coordenador dos cursos, Felipe Pellin, revela que o corpo docente tamb\u00e9m j\u00e1 se prepara para o lan\u00e7amento de mais sete \u201ccursos de excel\u00eancia\u201d em julho 2023. <\/p>\n\n\n\n<p>S\u00e3o as profissionaliza\u00e7\u00f5es em Agente de Desenvolvimento Socioambiental, Assistente de Controle de Qualidade, Auxiliar de Fiscaliza\u00e7\u00e3o Ambiental, Auxiliar de Marketing, Axiliar Jur\u00eddico, Gest\u00e3o Imobili\u00e1ria e Recepcionista em Servi\u00e7o de Sa\u00fade.<\/p>\n\n\n\n<p>Everson Martins, professor tutor dos cursos, afirma que as qualifica\u00e7\u00f5es s\u00e3o indicadas para jovens que ainda n\u00e3o conclu\u00edram o ensino m\u00e9dio ou aqueles que j\u00e1 finalizaram e buscam uma oportunidade para se inserir rapidamente no mercado de trabalho, com dura\u00e7\u00e3o de oito a dez meses. Mas n\u00e3o existe uma limita\u00e7\u00e3o quanto a faixa et\u00e1ria, j\u00e1 que o coordenador Pellin complementa que a m\u00e9dia de idade dos alunos \u00e9 43 anos e eles t\u00eam estudantes de 16 a 77 anos ativos.<\/p>\n\n\n\n<p>\u201cS\u00e3o grandes possibilidades para aqueles que buscam uma forma\u00e7\u00e3o inicial para o mercado de trabalho, mesmo n\u00e3o tendo conclu\u00eddo o ensino m\u00e9dio. Mas tamb\u00e9m a possibilidade de atualiza\u00e7\u00e3o na sua \u00e1rea de atua\u00e7\u00e3o ou at\u00e9 mesmo de mudar de segmento, se mantendo atualizado e apto para os novos desafios que surgem no mundo do trabalho. Outra oportunidade \u00e9 na qualifica\u00e7\u00e3o do curr\u00edculo, adquirindo novos conhecimentos, aperfei\u00e7oando o que j\u00e1 se sabe ou que precisa refor\u00e7ar, e assim ampliar e melhorar as suas habilidades de trabalho\u201d, explica Martins.<\/p>\n\n\n\n<p>Primeira formada<\/p>\n\n\n\n<p>A egressa Yasmin Rosa, de 23 anos, \u00e9 a primeira formada no profissionalizante de Cuidador de Idosos, finalizado em abril. Vinculada ao polo de apoio presencial (PAP) da Uninter em Piraquara (PR), Martins afirma que ela \u201cobteve nota m\u00e1xima em praticamente todas as disciplinas\u201d.<\/p>\n\n\n\n<p>Yasmin atualmente trabalha como operadora de telemarketing, mas se interessou pela \u00e1rea de cuidadora h\u00e1 seis anos, quando morava em uma casa religiosa e realizava os cuidados de uma senhora. \u201cAcabei me apaixonando por essa profiss\u00e3o, mas sempre tive receio e medo de encarar algo novo\u201d, lembra.<\/p>\n\n\n\n<p>Ainda em 2017, iniciou um curso de licenciatura em Letras-Portugu\u00eas por incentivo de uma amiga, mas n\u00e3o finalizou por n\u00e3o se identificar com a gradua\u00e7\u00e3o. Foi com o nascimento da filha, Ana Lua, de oito meses, que a jovem teve certeza de que queria \u201cmudar de vida\u201d e fazer algo que gostasse e que fosse mais rent\u00e1vel.\u201cAno passado, buscando institui\u00e7\u00f5es para realizar o curso de cuidador, encontrei um an\u00fancio da Uninter e me interessei.<\/p>\n\n\n\n<p> Gostei muito e me sinto realmente capacitada. Os professores sempre deixavam as explica\u00e7\u00f5es de forma clara e, mesmo sendo um curso EAD e n\u00e3o tendo contato direto com eles, pude me sentir bem acolhida\u201d, garante.A egressa diz que passou por alguns desafios durante os estudos, principalmente com a organiza\u00e7\u00e3o do tempo, j\u00e1 que precisava conciliar com o trabalho de telemarketing e a maternidade. Mas com o suporte da institui\u00e7\u00e3o, n\u00e3o desistiu e conseguiu se formar.<\/p>\n\n\n\n<p>\u201cQuando a institui\u00e7\u00e3o est\u00e1 disposta a ajudar o aluno, \u00e9 algo que fica marcado e eu me sinto grata por ter tido esse tempo um pouco maior para concluir as mat\u00e9rias. Me ajudou muito\u201d, salienta.Yasmin afirma que o curso ampliou as possibilidades de entrar em uma \u00e1rea de seu interesse e, com \u201cuma certifica\u00e7\u00e3o de uma institui\u00e7\u00e3o renomada\u201d, vai facilitar o caminho. A profissionaliza\u00e7\u00e3o tamb\u00e9m ampliou as perspectivas de caminho, j\u00e1 que pensa em iniciar uma gradua\u00e7\u00e3o de Enfermagem.<\/p>\n\n\n\n<p>\u201cS\u00f3 agradecer a toda a equipe da Uninter por estar sempre evoluindo e sem perder a qualidade de seus cursos. Sou muito grata por ter tido essa oportunidade de ser aluna Uninter, \u00e9 algo que vai estar sempre comigo. Esse curso agregou muito na minha vida e tenho certeza de que \u00e9 s\u00f3 o in\u00edcio dessa jornada. Quem sabe eu reencontre a Uninter mais algumas vezes nesse caminho\u201d, conclui.<\/p>\n\n\n\n<p>Pellin afirma que os cursos ofertados pela Unintertech visam contribuir com a sociedade em todos os aspectos acad\u00eamicos e s\u00e3o mais uma op\u00e7\u00e3o em meio a um leque de oportunidades para que o estudante se aprimore e possa contribuir de maneira efetiva com a sociedade.<\/p>\n\n\n\n<p>Cursos T\u00e9cnicos<\/p>\n\n\n\n<p>A Unintertech tamb\u00e9m oferece cursos t\u00e9cnicos, com dura\u00e7\u00e3o de 18 a 24 meses, destinados a estudantes que est\u00e3o no ensino m\u00e9dio ou acabaram de concluir. J\u00e1 s\u00e3o quase sete mil matriculados nos cursos que, por enquanto, s\u00e3o ofertados apenas no Paran\u00e1.<\/p>\n\n\n\n<p>De acordo com o tutor Martins, entre as vantagens est\u00e3o as possibilidades de o estudante, por meio de est\u00e1gios, experienciar a pr\u00e1tica no mercado de trabalho, o alto \u00edndice de empregabilidade, um bom retorno financeiro e valores acess\u00edveis na mensalidade.\u201cIsso ocorre por causa da car\u00eancia de profissionais de n\u00edvel t\u00e9cnico no mercado de trabalho, que, de modo geral, possuem muitas vagas a serem preenchidas por um profissional que esteja preparado para assumir diferentes demandas nesta \u00e1rea\u201d, finaliza.<\/p>\n\n\n\n<p>Interessados podem conferir todos os cursos t\u00e9cnicos e profissionalizantes disponibilizados pela Unintertech e se matricular por meio da p\u00e1gina oficial da institui\u00e7\u00e3o.<\/p>\n\n\n\n<p><\/p>\n\n\n\n<p>Cursos profissionalizantes ampliam oportunidades no mercado de trabalhoAutor: Nayara Rosolen &#8211; Jornalista 18 de maio de 2023Com o objetivo de democratizar o acesso dos jovens \u00e0 educa\u00e7\u00e3o e ao mercado de trabalho, possibilitando o incremento da renda familiar e o avan\u00e7o<\/p>\n\n\n\n<p>Uninter Not\u00edcias <\/p>\n","protected":false},"excerpt":{"rendered":"<p>Com o objetivo de democratizar o acesso dos jovens \u00e0 educa\u00e7\u00e3o e ao mercado de trabalho, possibilitando o incremento da renda familiar e o avan\u00e7o econ\u00f4mico do pa\u00eds, a Unintertech lan\u00e7ou 25 cursos profissionalizantes em novembro de 2022. At\u00e9 o momento, s\u00e3o cerca de 2,5 mil estudantes matriculados em todo o Brasil.As profissionaliza\u00e7\u00f5es est\u00e3o vinculadas [&hellip;]<\/p>\n","protected":false},"author":2,"featured_media":48300,"comment_status":"open","ping_status":"open","sticky":false,"template":"","format":"standard","meta":{"advanced_seo_description":"","jetpack_seo_html_title":"","jetpack_seo_noindex":false,"_jetpack_memberships_contains_paid_content":false,"footnotes":""},"categories":[40],"tags":[],"class_list":{"0":"post-48299","1":"post","2":"type-post","3":"status-publish","4":"format-standard","5":"has-post-thumbnail","7":"category-destaques"},"jetpack_featured_media_url":"https:\/\/www.paranapraia.com.br\/wp-content\/uploads\/2023\/05\/noticias_pexels-katerina-holmes-5905709-1024x683-1.jpg","jetpack_sharing_enabled":true,"_links":{"self":[{"href":"https:\/\/www.paranapraia.com.br\/index.php\/wp-json\/wp\/v2\/posts\/48299"}],"collection":[{"href":"https:\/\/www.paranapraia.com.br\/index.php\/wp-json\/wp\/v2\/posts"}],"about":[{"href":"https:\/\/www.paranapraia.com.br\/index.php\/wp-json\/wp\/v2\/types\/post"}],"author":[{"embeddable":true,"href":"https:\/\/www.paranapraia.com.br\/index.php\/wp-json\/wp\/v2\/users\/2"}],"replies":[{"embeddable":true,"href":"https:\/\/www.paranapraia.com.br\/index.php\/wp-json\/wp\/v2\/comments?post=48299"}],"version-history":[{"count":1,"href":"https:\/\/www.paranapraia.com.br\/index.php\/wp-json\/wp\/v2\/posts\/48299\/revisions"}],"predecessor-version":[{"id":48301,"href":"https:\/\/www.paranapraia.com.br\/index.php\/wp-json\/wp\/v2\/posts\/48299\/revisions\/48301"}],"wp:featuredmedia":[{"embeddable":true,"href":"https:\/\/www.paranapraia.com.br\/index.php\/wp-json\/wp\/v2\/media\/48300"}],"wp:attachment":[{"href":"https:\/\/www.paranapraia.com.br\/index.php\/wp-json\/wp\/v2\/media?parent=48299"}],"wp:term":[{"taxonomy":"category","embeddable":true,"href":"https:\/\/www.paranapraia.com.br\/index.php\/wp-json\/wp\/v2\/categories?post=48299"},{"taxonomy":"post_tag","embeddable":true,"href":"https:\/\/www.paranapraia.com.br\/index.php\/wp-json\/wp\/v2\/tags?post=48299"}],"curies":[{"name":"wp","href":"https:\/\/api.w.org\/{rel}","templated":true}]}}